{"id":507,"date":"2015-12-02T01:33:58","date_gmt":"2015-12-02T01:33:58","guid":{"rendered":"http:\/\/www.jornaldaconstrucaocivil.com.br\/?p=507"},"modified":"2015-12-02T01:33:58","modified_gmt":"2015-12-02T01:33:58","slug":"rio-sedia-o-i-congresso-brasileiro-de-direito-desportivo","status":"publish","type":"post","link":"https:\/\/construcaocivil.siriusmarketingedesign.com.br\/?p=507","title":{"rendered":"Rio sedia o I Congresso Brasileiro de Direito Desportivo"},"content":{"rendered":"<p><span style=\"color: #000000;\"><strong><em>Ministro do Esporte confirma presen\u00e7a em evento que<\/em><\/strong><\/span><\/p>\n<p><span style=\"color: #000000;\"><strong><em>reunir\u00e1 um time de especialistas da \u00e1rea<\/em><\/strong><\/span><\/p>\n<p><span style=\"color: #000000;\">A cidade do Rio de Janeiro ser\u00e1 sede, dias 9 e 10 de dezembro, do I Congresso Brasileiro de Direito Desportivo, promovido pela Sociedade Brasileira de Direito Desportivo (SBDD), em parceria com o Minist\u00e9rio do Esporte e apoio da FGV Direito Rio e ter\u00e1 como tema a\u00a0<em>Lex Sportiva<\/em>.<\/span><\/p>\n<p><span style=\"color: #000000;\">A\u00a0<em>Lex Sportiva<\/em>, explica o presidente da SBDD, Wladimyr Camargos, assim como o Direito Can\u00f4nico da Igreja Cat\u00f3lica e a Lex Mercatoria das transa\u00e7\u00f5es comerciais, se organiza de modo transnacional, sem depend\u00eancia dos Estados, ainda que se relacione com o direito interno de cada uma das na\u00e7\u00f5es. <em>\u201c\u00c9 um fen\u00f4meno global e que deve ser observado com muita aten\u00e7\u00e3o por quem se interessa por Esporte e Direito\u201d<\/em>, esclarece.<\/span><\/p>\n<p><span style=\"color: #000000;\">O Congresso, que contar\u00e1 com a presen\u00e7a do ministro do Esporte, George Hilton, reunir\u00e1 os principais especialistas da \u00e1rea do Brasil e do mundo. Pretende ser um espa\u00e7o para antecipar tend\u00eancias acad\u00eamicas na \u00e1rea e promover um debate cr\u00edtico sobre os temas que se relacionam ao Direito e ao Esporte. Segundo Wladimyr Camargos, a expectativa \u00e9 de que o evento seja a oportunidade de se abordar de uma nova forma o Direito Desportivo no Brasil.<em> \u201cCom a realiza\u00e7\u00e3o desse I Congresso iniciamos um trabalho para que essa especialidade deixe de ser um <strong>\u201cprimo pobre\u201d<\/strong> dos demais ramos do Direito e comece a ser considerado com o respeito cient\u00edfico-acad\u00eamico que merece\u201d<\/em>, afirmou.<\/span><\/p>\n<p><span style=\"color: #000000;\">De acordo com Wladimyr Camargos, que tamb\u00e9m atua como relator da Comiss\u00e3o de Juristas do Senado Federal para elabora\u00e7\u00e3o do anteprojeto de Lei Geral do Desporto Brasileiro, este ser\u00e1 um tema que vai permear os debates, que tamb\u00e9m v\u00e3o abordar a lavagem de dinheiro no esporte, o Direito ol\u00edmpico, desafios para o futebol no Brasil, entre outros.\u00a0<\/span><\/p>\n<p><span style=\"color: #000000;\">Para Pedro Trengrouse, professor da FGV Direito Rio, o Congresso acontece em uma \u00e9poca muito oportuna, quando o Senado Federal instala uma Comiss\u00e3o para elaborar as novas regras para o esporte nacional. <em>\u201cEst\u00e1 na hora de se estabelecer novos padr\u00f5es de governan\u00e7a para as institui\u00e7\u00f5es esportivas, j\u00e1 que as estruturas das entidades ligadas ao esporte, salvo raras exce\u00e7\u00f5es, est\u00e3o defasadas e a atual legisla\u00e7\u00e3o brasileira engessou o modelo esportivo num sistema autorit\u00e1rio e ultrapassado. A perspectiva, quanto ao que ser\u00e1 discutido durante o Congresso, \u00e9 que sirva de contribui\u00e7\u00e3o para a formula\u00e7\u00e3o de uma legisla\u00e7\u00e3o mais justa e eficiente\u201d<\/em>, frisou.\u00a0<\/span><\/p>\n<p><span style=\"color: #000000;\">Para discutir os v\u00e1rios temas em debate j\u00e1 est\u00e3o confirmadas as presen\u00e7as Peter Carfagna,daHarvard Law School,\u00a0especialista nas quest\u00f5es que envolvem as ligas profissionais de beisebol e futebol americano, Franck Latty, da Universit\u00e9 de Paris,\u00a0 Alexandre Mestre, da<strong>\u00a0\u00a0<\/strong>Universidade Aut\u00f3noma de Lisboa\/Escola Superior de Desporto de Rio Maior, de Walter Feldman, da CBF, e de Marcelo Neves, da UNB, entre outros.<\/span><\/p>\n<p><span style=\"color: #000000;\"><strong>\u00a0<\/strong><strong>Servi\u00e7o:<\/strong><\/span><\/p>\n<p><span style=\"color: #000000;\">I Congresso Brasileiro de Direito Desportivo<\/span><\/p>\n<p><span style=\"color: #000000;\">Data: 9 e 10 de dezembro<\/span><\/p>\n<p><span style=\"color: #000000;\">Hor\u00e1rio: 9\/12 de 9h \u00e0s 19h45 e 10\/12 de 9h \u00e0s 19h<\/span><\/p>\n<p><span style=\"color: #000000;\">Local: FGV (Praia de Botafogo, 190 \u2013 12\u00ba andar \u2013 Rio de Janeiro)<\/span><\/p>\n<p>Mais informa\u00e7\u00f5es:\u00a0<strong><a href=\"http:\/\/www.sbdd.esp.br\/eventos.php\">http:\/\/www.sbdd.esp.br\/eventos.php<\/a>\u00a0.<\/strong><\/p>\n<p>&nbsp;<\/p>\n","protected":false},"excerpt":{"rendered":"<p>Ministro do Esporte confirma presen\u00e7a em evento que reunir\u00e1 um time de especialistas da \u00e1rea A cidade do Rio de Janeiro ser\u00e1 sede, dias 9 e 10 de dezembro, do I Congresso Brasileiro de Direito Desportivo, promovido pela Sociedade Brasileira de Direito Desportivo (SBDD), em parceria com o Minist\u00e9rio do Esporte e apoio da FGV [&hellip;]<\/p>\n","protected":false},"author":1,"featured_media":0,"comment_status":"open","ping_status":"open","sticky":false,"template":"","format":"quote","meta":{"_uag_custom_page_level_css":"","footnotes":""},"categories":[27],"tags":[4701,5030,5829,10705],"class_list":["post-507","post","type-post","status-publish","format-quote","hentry","category-acontece","tag-eventos","tag-fgv-rj","tag-i-congresso-direito-desportivo-2015","tag-sbdd","post_format-post-format-quote"],"blocksy_meta":[],"spectra_blocks_featured_image_url":null,"spectra_blocks_author_info":{"display_name":"Jornal da Constru\u00e7\u00e3o Civil","avatar_url":"https:\/\/secure.gravatar.com\/avatar\/973c9774fd44ddaceb026973c4962faa70fc512bc4c9da68e8ebb40fecee6540?s=96&d=mm&r=g","author_link":"https:\/\/construcaocivil.siriusmarketingedesign.com.br\/?author=1","description":"Desde de 2013, levando muitas informa\u00e7\u00f5es, lan\u00e7amentos e produtos de qualidade para toda cadeia produtiva da constru\u00e7\u00e3o. O Futuro da constru\u00e7\u00e3o passa por aqui,"},"uagb_featured_image_src":{"full":false,"thumbnail":false,"medium":false,"medium_large":false,"large":false,"1536x1536":false,"2048x2048":false},"uagb_author_info":{"display_name":"Jornal da Constru\u00e7\u00e3o Civil","author_link":"https:\/\/construcaocivil.siriusmarketingedesign.com.br\/?author=1"},"uagb_comment_info":0,"uagb_excerpt":"Ministro do Esporte confirma presen\u00e7a em evento que reunir\u00e1 um time de especialistas da \u00e1rea A cidade do Rio de Janeiro ser\u00e1 sede, dias 9 e 10 de dezembro, do I Congresso Brasileiro de Direito Desportivo, promovido pela Sociedade Brasileira de Direito Desportivo (SBDD), em parceria com o Minist\u00e9rio do Esporte e apoio da FGV&hellip;","_links":{"self":[{"href":"https:\/\/construcaocivil.siriusmarketingedesign.com.br\/index.php?rest_route=\/wp\/v2\/posts\/507","targetHints":{"allow":["GET"]}}],"collection":[{"href":"https:\/\/construcaocivil.siriusmarketingedesign.com.br\/index.php?rest_route=\/wp\/v2\/posts"}],"about":[{"href":"https:\/\/construcaocivil.siriusmarketingedesign.com.br\/index.php?rest_route=\/wp\/v2\/types\/post"}],"author":[{"embeddable":true,"href":"https:\/\/construcaocivil.siriusmarketingedesign.com.br\/index.php?rest_route=\/wp\/v2\/users\/1"}],"replies":[{"embeddable":true,"href":"https:\/\/construcaocivil.siriusmarketingedesign.com.br\/index.php?rest_route=%2Fwp%2Fv2%2Fcomments&post=507"}],"version-history":[{"count":0,"href":"https:\/\/construcaocivil.siriusmarketingedesign.com.br\/index.php?rest_route=\/wp\/v2\/posts\/507\/revisions"}],"wp:attachment":[{"href":"https:\/\/construcaocivil.siriusmarketingedesign.com.br\/index.php?rest_route=%2Fwp%2Fv2%2Fmedia&parent=507"}],"wp:term":[{"taxonomy":"category","embeddable":true,"href":"https:\/\/construcaocivil.siriusmarketingedesign.com.br\/index.php?rest_route=%2Fwp%2Fv2%2Fcategories&post=507"},{"taxonomy":"post_tag","embeddable":true,"href":"https:\/\/construcaocivil.siriusmarketingedesign.com.br\/index.php?rest_route=%2Fwp%2Fv2%2Ftags&post=507"}],"curies":[{"name":"wp","href":"https:\/\/api.w.org\/{rel}","templated":true}]}}