{"id":5079,"date":"2017-02-18T16:17:05","date_gmt":"2017-02-18T19:17:05","guid":{"rendered":"http:\/\/www.jornaldaconstrucaocivil.com.br\/?p=5079"},"modified":"2017-02-18T16:17:05","modified_gmt":"2017-02-18T19:17:05","slug":"itaborai-recebe-circuito-de-corrida-e-caminhada-uff-2017","status":"publish","type":"post","link":"https:\/\/construcaocivil.siriusmarketingedesign.com.br\/?p=5079","title":{"rendered":"Itabora\u00ed recebe circuito de &#8220;Corrida e Caminhada UFF 2017&#8221;"},"content":{"rendered":"<p style=\"text-align: justify;\">\n<p style=\"text-align: justify;\"><span style=\"color: #000000;\"><span style=\"color: #993300;\">Fevereiro, 2017 &#8211;<\/span> Os atletas, de fim de semana ou n\u00e3o, j\u00e1 podem comemorar. Itabora\u00ed recebe neste domingo (19\/02) a <span style=\"color: #993300;\">&#8220;Corrida e Caminhada UFF 2017- Circuito Itabora\u00ed&#8221;<\/span>. As inscri\u00e7\u00f5es s\u00e3o gratuitas se encerraram na quinta &#8211; feira (16\/02) pelo site https:\/\/www.zeniteesportes.com\/. O percurso ser\u00e1 pela Avenida 22 de Maio com a largada no bairro de S\u00e3o Joaquim e chegada em Venda das Pedras.<\/span><\/p>\n<p style=\"text-align: justify;\"><a href=\"http:\/\/www.jornaldaconstrucaocivil.com.br\/wp-content\/uploads\/2017\/02\/UFF.jpg\"><img loading=\"lazy\" decoding=\"async\" class=\"wp-image-5080 alignleft\" src=\"http:\/\/www.jornaldaconstrucaocivil.com.br\/wp-content\/uploads\/2017\/02\/UFF.jpg\" alt=\"UFF\" width=\"224\" height=\"325\" \/><\/a><\/p>\n<p style=\"text-align: justify;\"><span style=\"color: #000000;\">O evento, que est\u00e1 sendo realizado atrav\u00e9s de uma parceria entre a Universidade Federal Fluminense (UFF) e o Minist\u00e9rio do Esporte, pretende tamb\u00e9m estimular a pr\u00e1tica de esportes por quem n\u00e3o tem o h\u00e1bito. O circuito reunir\u00e1 atletas e n\u00e3o atletas de todas as idades .<\/span><\/p>\n<p style=\"text-align: justify;\"><span style=\"color: #000000;\">O ponto de encontro para a corrida ser\u00e1 em frente \u00e0 garagem da empresa de \u00f4nibus Maravilha e a previs\u00e3o de largada \u00e9 \u00e0s 7h. Para os que desejam caminhar, a sa\u00edda ser\u00e1 \u00e0s 9h do multimercado Costazul. A chegada do circuito ser\u00e1 na Pra\u00e7a S\u00e3o Pedro, em Venda das Pedras. Haver\u00e1 premia\u00e7\u00e3o de medalhas para os tr\u00eas primeiros colocados de cada categoria.<\/span><\/p>\n<p style=\"text-align: justify;\"><span style=\"color: #000000;\">Em virtude do evento no domingo, a Av. Vinte e Dois de Maio, no Centro, ter\u00e1 o tr\u00e2nsito alterado. A principal via da cidade ter\u00e1 a faixa da direita da pista no sentido Venda das Pedras interditada na altura dos seguintes bairros: S\u00e3o Joaquim, Outeiro das Pedras, Rio V\u00e1rzea, Centro e Venda das Pedras. A Secretaria Municipal de Seguran\u00e7a P\u00fablica mobilizar\u00e1 20 homens de seu efetivo para garantir a seguran\u00e7a dos atletas. A organiza\u00e7\u00e3o do evento aguarda mais de mil pessoas para o circuito.<\/span><\/p>\n<p style=\"text-align: justify;\">Fonte: Ascom\/PMI &#8211; RJ<\/p>\n","protected":false},"excerpt":{"rendered":"<p>Fevereiro, 2017 &#8211; Os atletas, de fim de semana ou n\u00e3o, j\u00e1 podem comemorar. Itabora\u00ed recebe neste domingo (19\/02) a &#8220;Corrida e Caminhada UFF 2017- Circuito Itabora\u00ed&#8221;. As inscri\u00e7\u00f5es s\u00e3o gratuitas se encerraram na quinta &#8211; feira (16\/02) pelo site https:\/\/www.zeniteesportes.com\/. O percurso ser\u00e1 pela Avenida 22 de Maio com a largada no bairro de [&hellip;]<\/p>\n","protected":false},"author":1,"featured_media":0,"comment_status":"open","ping_status":"open","sticky":false,"template":"","format":"standard","meta":{"_uag_custom_page_level_css":"","footnotes":""},"categories":[27],"tags":[1078,3098,4545,6421,7724,9210,10693],"class_list":["post-5079","post","type-post","status-publish","format-standard","hentry","category-acontece","tag-atletas","tag-corrida-e-caminhada-uff-2017","tag-esporte","tag-itaborai-rj","tag-ministerio-dos-esportes","tag-pratica-esportiva","tag-saude"],"blocksy_meta":[],"spectra_blocks_featured_image_url":null,"spectra_blocks_author_info":{"display_name":"Jornal da Constru\u00e7\u00e3o Civil","avatar_url":"https:\/\/secure.gravatar.com\/avatar\/973c9774fd44ddaceb026973c4962faa70fc512bc4c9da68e8ebb40fecee6540?s=96&d=mm&r=g","author_link":"https:\/\/construcaocivil.siriusmarketingedesign.com.br\/?author=1","description":"Desde de 2013, levando muitas informa\u00e7\u00f5es, lan\u00e7amentos e produtos de qualidade para toda cadeia produtiva da constru\u00e7\u00e3o. O Futuro da constru\u00e7\u00e3o passa por aqui,"},"uagb_featured_image_src":{"full":false,"thumbnail":false,"medium":false,"medium_large":false,"large":false,"1536x1536":false,"2048x2048":false},"uagb_author_info":{"display_name":"Jornal da Constru\u00e7\u00e3o Civil","author_link":"https:\/\/construcaocivil.siriusmarketingedesign.com.br\/?author=1"},"uagb_comment_info":0,"uagb_excerpt":"Fevereiro, 2017 &#8211; Os atletas, de fim de semana ou n\u00e3o, j\u00e1 podem comemorar. Itabora\u00ed recebe neste domingo (19\/02) a &#8220;Corrida e Caminhada UFF 2017- Circuito Itabora\u00ed&#8221;. As inscri\u00e7\u00f5es s\u00e3o gratuitas se encerraram na quinta &#8211; feira (16\/02) pelo site https:\/\/www.zeniteesportes.com\/. O percurso ser\u00e1 pela Avenida 22 de Maio com a largada no bairro de&hellip;","_links":{"self":[{"href":"https:\/\/construcaocivil.siriusmarketingedesign.com.br\/index.php?rest_route=\/wp\/v2\/posts\/5079","targetHints":{"allow":["GET"]}}],"collection":[{"href":"https:\/\/construcaocivil.siriusmarketingedesign.com.br\/index.php?rest_route=\/wp\/v2\/posts"}],"about":[{"href":"https:\/\/construcaocivil.siriusmarketingedesign.com.br\/index.php?rest_route=\/wp\/v2\/types\/post"}],"author":[{"embeddable":true,"href":"https:\/\/construcaocivil.siriusmarketingedesign.com.br\/index.php?rest_route=\/wp\/v2\/users\/1"}],"replies":[{"embeddable":true,"href":"https:\/\/construcaocivil.siriusmarketingedesign.com.br\/index.php?rest_route=%2Fwp%2Fv2%2Fcomments&post=5079"}],"version-history":[{"count":0,"href":"https:\/\/construcaocivil.siriusmarketingedesign.com.br\/index.php?rest_route=\/wp\/v2\/posts\/5079\/revisions"}],"wp:attachment":[{"href":"https:\/\/construcaocivil.siriusmarketingedesign.com.br\/index.php?rest_route=%2Fwp%2Fv2%2Fmedia&parent=5079"}],"wp:term":[{"taxonomy":"category","embeddable":true,"href":"https:\/\/construcaocivil.siriusmarketingedesign.com.br\/index.php?rest_route=%2Fwp%2Fv2%2Fcategories&post=5079"},{"taxonomy":"post_tag","embeddable":true,"href":"https:\/\/construcaocivil.siriusmarketingedesign.com.br\/index.php?rest_route=%2Fwp%2Fv2%2Ftags&post=5079"}],"curies":[{"name":"wp","href":"https:\/\/api.w.org\/{rel}","templated":true}]}}