{"id":5088,"date":"2017-02-21T14:20:39","date_gmt":"2017-02-21T17:20:39","guid":{"rendered":"http:\/\/www.jornaldaconstrucaocivil.com.br\/?p=5088"},"modified":"2017-02-21T14:20:39","modified_gmt":"2017-02-21T17:20:39","slug":"vlt-com-grades-de-protecao-durante-o-carnaval","status":"publish","type":"post","link":"https:\/\/construcaocivil.siriusmarketingedesign.com.br\/?p=5088","title":{"rendered":"VLT com grades de prote\u00e7\u00e3o durante o carnaval"},"content":{"rendered":"<p style=\"text-align: justify;\"><span style=\"color: #000080;\"><strong><em>Medida serve para evitar invas\u00f5es dos trilhos e d\u00e1 mais seguran\u00e7a aos milhares de foli\u00f5es que v\u00e3o curtir a folia.<\/em><\/strong><\/span><\/p>\n<figure id=\"attachment_5089\" aria-describedby=\"caption-attachment-5089\" style=\"width: 252px\" class=\"wp-caption alignleft\"><a href=\"http:\/\/www.jornaldaconstrucaocivil.com.br\/wp-content\/uploads\/2017\/02\/CARNAVAL-III-VLT.jpg\"><img loading=\"lazy\" decoding=\"async\" class=\"wp-image-5089\" src=\"http:\/\/www.jornaldaconstrucaocivil.com.br\/wp-content\/uploads\/2017\/02\/CARNAVAL-III-VLT.jpg\" alt=\"CARNAVAL III VLT\" width=\"252\" height=\"169\" \/><\/a><figcaption id=\"caption-attachment-5089\" class=\"wp-caption-text\"><span style=\"color: #993300;\">Na Pra\u00e7a Tiradentes, Centro do Rio, grades de prote\u00e7\u00e3o estavam colocadas para evitar invas\u00f5es de pessoas aos trilhos do VLT. <span style=\"color: #000000;\">Foto: JCC <\/span><\/span><\/figcaption><\/figure>\n<p style=\"text-align: justify;\"><span style=\"color: #000000;\"><span style=\"color: #993300;\">Fevereiro, 2017<\/span> &#8211; Em virtude dos 451 blocos que v\u00e3o desfilar nas ruas do Centro do Rio e do grande n\u00famero de foli\u00f5es, estimado em mais de 1,1 milh\u00e3o de pessoas durante o carnaval 2017, a RioTur, adotou medidas de seguran\u00e7a em rela\u00e7\u00e3o ao VLT Carioca e tr\u00e2nsito na cidade, em conjunto com outros \u00f3rg\u00e3os da prefeitura do Rio, como, \u00a0a Guarda Municipal, CET-Rio, \u00e9, tamb\u00e9m a Pol\u00edcia Militar &#8211; Governo do Estado. Entre as medidas est\u00e3o instala\u00e7\u00f5es de grades de prote\u00e7\u00e3o nas esta\u00e7\u00f5es do VLT Carioca e a paralisa\u00e7\u00e3o do servi\u00e7o do ve\u00edculo leve durante as passagens dos blocos, na Pra\u00e7a Tiradentes, Avenida Rio Branco e na Zona Portu\u00e1ria, assim como o fechamento de algumas ruas.<\/span><\/p>\n<p style=\"text-align: justify;\"><span style=\"color: #000000;\">Nesta a\u00e7\u00e3o de Carnaval, a RioTur, conta com 5.493 agentes da Guarda e PM-RJ, 900 operadores da CET-Rio, 200 banheiros qu\u00edmicos, 17 cont\u00eaineres e dois postos m\u00e9dicos que v\u00e3o ajudar a coibir invas\u00f5es dos trilhos do VLT, entre outras a\u00e7\u00f5es. Somente o Cord\u00e3o da Bola Preta leva sozinho quase 2 milh\u00f5es pessoas as ruas do Centro, no s\u00e1bado de Carnaval. De acordo, o presidente da RioTur, Marcelo Alves:<span style=\"color: #000080;\"><em> &#8220;Todo o planejamento operacional serve para d\u00e1 mais seguran\u00e7a, informa\u00e7\u00e3o e conforto aos cariocas e turistas, neste carnaval 2017\u201d<\/em>.<\/span><\/span><\/p>\n<p style=\"text-align: justify;\"><span style=\"color: #000000;\">J\u00e1 para a\u00a0 Associa\u00e7\u00e3o Brasileira da Ind\u00fastria Hoteleira(ABIH-RJ), a taxa de ocupa\u00e7\u00e3o hoteleira durante a folia na cidade ser\u00e1 de 80%, neste ano, ficando 5% menor do que em 2016, \u00e9, estima-se de uma entrada de R$ 3 bilh\u00f5es na economia da cidade.<\/span><\/p>\n<p style=\"text-align: justify;\">Para mais detalhe sobre o esquema de tr\u00e2nsito no Carnaval Rio 2017, acesse:<span style=\"color: #0000ff;\">\u00a0http:\/\/prefeitura.rio\/web\/smtr<\/span><\/p>\n","protected":false},"excerpt":{"rendered":"<p>Medida serve para evitar invas\u00f5es dos trilhos e d\u00e1 mais seguran\u00e7a aos milhares de foli\u00f5es que v\u00e3o curtir a folia. Fevereiro, 2017 &#8211; Em virtude dos 451 blocos que v\u00e3o desfilar nas ruas do Centro do Rio e do grande n\u00famero de foli\u00f5es, estimado em mais de 1,1 milh\u00e3o de pessoas durante o carnaval 2017, [&hellip;]<\/p>\n","protected":false},"author":1,"featured_media":5089,"comment_status":"open","ping_status":"open","sticky":false,"template":"","format":"standard","meta":{"_uag_custom_page_level_css":"","footnotes":""},"categories":[27],"tags":[1141,1535,1862,3080,5580,7773,9149,9200,10375,10415,10770,12455,12577],"class_list":["post-5088","post","type-post","status-publish","format-standard","has-post-thumbnail","hentry","category-acontece","tag-avenida-rio-branco","tag-brasil","tag-carnaval-2017","tag-cordao-da-bola-preta","tag-grades-de-protecao","tag-mobilidade-urbana","tag-porto-maravilha","tag-praca-tiradentes","tag-rio-de-janeiro","tag-riotur","tag-seguranca","tag-vlt-carioca","tag-zona-portuaria"],"blocksy_meta":[],"spectra_blocks_featured_image_url":[],"spectra_blocks_author_info":{"display_name":"Jornal da Constru\u00e7\u00e3o Civil","avatar_url":"https:\/\/secure.gravatar.com\/avatar\/973c9774fd44ddaceb026973c4962faa70fc512bc4c9da68e8ebb40fecee6540?s=96&d=mm&r=g","author_link":"https:\/\/construcaocivil.siriusmarketingedesign.com.br\/?author=1","description":"Desde de 2013, levando muitas informa\u00e7\u00f5es, lan\u00e7amentos e produtos de qualidade para toda cadeia produtiva da constru\u00e7\u00e3o. O Futuro da constru\u00e7\u00e3o passa por aqui,"},"uagb_featured_image_src":{"full":false,"thumbnail":false,"medium":false,"medium_large":false,"large":false,"1536x1536":false,"2048x2048":false},"uagb_author_info":{"display_name":"Jornal da Constru\u00e7\u00e3o Civil","author_link":"https:\/\/construcaocivil.siriusmarketingedesign.com.br\/?author=1"},"uagb_comment_info":0,"uagb_excerpt":"Medida serve para evitar invas\u00f5es dos trilhos e d\u00e1 mais seguran\u00e7a aos milhares de foli\u00f5es que v\u00e3o curtir a folia. Fevereiro, 2017 &#8211; Em virtude dos 451 blocos que v\u00e3o desfilar nas ruas do Centro do Rio e do grande n\u00famero de foli\u00f5es, estimado em mais de 1,1 milh\u00e3o de pessoas durante o carnaval 2017,&hellip;","_links":{"self":[{"href":"https:\/\/construcaocivil.siriusmarketingedesign.com.br\/index.php?rest_route=\/wp\/v2\/posts\/5088","targetHints":{"allow":["GET"]}}],"collection":[{"href":"https:\/\/construcaocivil.siriusmarketingedesign.com.br\/index.php?rest_route=\/wp\/v2\/posts"}],"about":[{"href":"https:\/\/construcaocivil.siriusmarketingedesign.com.br\/index.php?rest_route=\/wp\/v2\/types\/post"}],"author":[{"embeddable":true,"href":"https:\/\/construcaocivil.siriusmarketingedesign.com.br\/index.php?rest_route=\/wp\/v2\/users\/1"}],"replies":[{"embeddable":true,"href":"https:\/\/construcaocivil.siriusmarketingedesign.com.br\/index.php?rest_route=%2Fwp%2Fv2%2Fcomments&post=5088"}],"version-history":[{"count":0,"href":"https:\/\/construcaocivil.siriusmarketingedesign.com.br\/index.php?rest_route=\/wp\/v2\/posts\/5088\/revisions"}],"wp:attachment":[{"href":"https:\/\/construcaocivil.siriusmarketingedesign.com.br\/index.php?rest_route=%2Fwp%2Fv2%2Fmedia&parent=5088"}],"wp:term":[{"taxonomy":"category","embeddable":true,"href":"https:\/\/construcaocivil.siriusmarketingedesign.com.br\/index.php?rest_route=%2Fwp%2Fv2%2Fcategories&post=5088"},{"taxonomy":"post_tag","embeddable":true,"href":"https:\/\/construcaocivil.siriusmarketingedesign.com.br\/index.php?rest_route=%2Fwp%2Fv2%2Ftags&post=5088"}],"curies":[{"name":"wp","href":"https:\/\/api.w.org\/{rel}","templated":true}]}}