{"id":5091,"date":"2017-02-21T14:30:05","date_gmt":"2017-02-21T17:30:05","guid":{"rendered":"http:\/\/www.jornaldaconstrucaocivil.com.br\/?p=5091"},"modified":"2017-02-21T14:30:05","modified_gmt":"2017-02-21T17:30:05","slug":"greenbuilding-brasil-2017-prorroga-inscricoes-para-palestrantes","status":"publish","type":"post","link":"https:\/\/construcaocivil.siriusmarketingedesign.com.br\/?p=5091","title":{"rendered":"Greenbuilding Brasil 2017 prorroga inscri\u00e7\u00f5es para palestrantes"},"content":{"rendered":"<p style=\"text-align: justify;\"><span style=\"color: #000080;\"><em><strong>Interessados poder\u00e3o se inscrever at\u00e9 o dia 24 de fevereiro<\/strong><\/em><\/span><\/p>\n<p style=\"text-align: justify;\"><span style=\"color: #000000;\"><span style=\"color: #993300;\">Fevereiro, 2017<\/span> &#8211; Os profissionais do setor da constru\u00e7\u00e3o sustent\u00e1vel poder\u00e3o encaminhar suas propostas de palestras para a Greenbuilding Brasil Confer\u00eancia Internacional e Expo 2017 agora at\u00e9 o dia 24 de fevereiro. As propostas selecionadas far\u00e3o parte da agenda desse, que \u00e9 o principal evento de constru\u00e7\u00e3o sustent\u00e1vel da Am\u00e9rica Latina. O evento ser\u00e1 realizado entre os dias 8 e 10 de agosto, no S\u00e3o Paulo Expo, na capital paulista.<\/span><\/p>\n<p style=\"text-align: justify;\"><span style=\"color: #000000;\">Desde 2010, o crescimento do evento reflete a expans\u00e3o da ind\u00fastria da constru\u00e7\u00e3o sustent\u00e1vel brasileira. Profissionais do setor da constru\u00e7\u00e3o de todo o mundo se reunir\u00e3o na Greenbuilding Brasil 2017 para participarem de tr\u00eas dias de semin\u00e1rios especiais e sess\u00f5es educacionais, exposi\u00e7\u00e3o de solu\u00e7\u00f5es sustent\u00e1veis e novas tecnologias, al\u00e9m de visitas t\u00e9cnicas em edif\u00edcios de destaque no mercado e de eventos de networking.<\/span><\/p>\n<p style=\"text-align: justify;\"><span style=\"color: #000000;\">As Sess\u00f5es Educacionais s\u00e3o palestras simult\u00e2neas apresentadas durante os tr\u00eas dias do evento, com conte\u00fado variado sobre o mercado da constru\u00e7\u00e3o sustent\u00e1vel, proporcionando aos participantes, conhecimento inovador, atualizado e espec\u00edfico. Esse espa\u00e7o \u00e9 aberto \u00e0 participa\u00e7\u00e3o do mercado, mediante \u00e0 apresenta\u00e7\u00e3o de uma proposta, que ser\u00e1 submetida \u00e0 avalia\u00e7\u00e3o.<\/span><\/p>\n<p style=\"text-align: justify;\"><span style=\"color: #000000;\">Os profissionais interessados em participar poder\u00e3o compartilhar seus conhecimentos e experi\u00eancias, apresentar seus cases de sucesso e novos empreendimentos. A sele\u00e7\u00e3o \u00e9 realizada de forma democr\u00e1tica e criteriosa por profissionais qualificados do setor, o que torna o processo isento de conflitos, com conte\u00fado variado, atualizado e de elevado padr\u00e3o t\u00e9cnico-cient\u00edfico. Na edi\u00e7\u00e3o de 2016, a Greenbuilding Brasil reuniu 135 palestrantes nacionais e internacionais e 1400 congressistas, sendo que a qualidade dos palestrantes foi aprovada por 99% dos participantes e 98% atestaram que os temas s\u00e3o atuais e relevantes para o mercado.<\/span><\/p>\n<p style=\"text-align: justify;\"><span style=\"color: #000000;\">J\u00e1 participaram como palestrantes profissionais e empresas renomadas como o ex-presidente Fernando Henrique Cardoso, a ex-senadora Marina Silva, o ex-ministro Joaquim Barbosa, o escritor e ambientalista Paul Hawken, o cientista e autor l\u00edder de estudo premiado pelo Nobel da Paz Hashem Akbari, os arquitetos Chad Coppenheim, Brandon Haw, Siegbert Zanettini, Benedito Abbud, Roberto Loeb, Edo Rocha, Vanessa Gomes, Marcio Kogan, Moema Wertheimer, entre outros.\u00a0 \u00a0<\/span><\/p>\n<p><span style=\"color: #000000;\">Para participar das Sess\u00f5es Educacionais ou do processo de revis\u00e3o e sele\u00e7\u00e3o, acesse: <span style=\"color: #0000ff;\">http:\/\/expogbcbrasil.org.br\/2016\/seja-um-palestrante\/<\/span><\/span><\/p>\n<p style=\"text-align: justify;\">Sobre a <strong><span style=\"color: #800000;\">Greenbuilding Brasil Confer\u00eancia Internacional e Expo<\/span><\/strong> \u2013 consolidado como o principal evento de constru\u00e7\u00e3o sustent\u00e1vel da Am\u00e9rica Latina, a Greenbuilding Brasil re\u00fane players nacionais e internacionais da constru\u00e7\u00e3o sustent\u00e1vel para a dissemina\u00e7\u00e3o das mais modernas tecnologias e solu\u00e7\u00f5es para esse mercado.<\/p>\n<p style=\"text-align: justify;\">O evento \u00e9 realizado pelo <strong><span style=\"color: #800000;\">Greenbuilding Council Brasil (GBC Brasil)<\/span><\/strong>, juntamente com o USGBC, entidade respons\u00e1vel pela maior plataforma global de transforma\u00e7\u00e3o de mercado, que consiste em tr\u00eas eventos realizados em diferentes continentes (Am\u00e9rica do Norte, Am\u00e9rica do Sul, Europa e \u00c1sia).<\/p>\n<p><span style=\"color: #993300;\">Servi\u00e7o: Greenbuilding Brasil Confer\u00eancia Internacional e Expo 2017<\/span><\/p>\n<p><span style=\"color: #993300;\">Data: 8 a 10 de agosto de 2017<\/span><\/p>\n<p><span style=\"color: #993300;\">Local: S\u00e3o Paulo Expo (Rod. dos Imigrantes, 1, Parque do Estado, S\u00e3o Paulo)<\/span><\/p>\n<p><span style=\"color: #000000;\"><span style=\"color: #993300;\">Informa\u00e7\u00f5es:<\/span><strong><span style=\"color: #ff0000;\"> http:\/\/expogbcbrasil.org.br\/2016\/<\/span><\/strong><\/span><\/p>\n<p>&nbsp;<\/p>\n","protected":false},"excerpt":{"rendered":"<p>Interessados poder\u00e3o se inscrever at\u00e9 o dia 24 de fevereiro Fevereiro, 2017 &#8211; Os profissionais do setor da constru\u00e7\u00e3o sustent\u00e1vel poder\u00e3o encaminhar suas propostas de palestras para a Greenbuilding Brasil Confer\u00eancia Internacional e Expo 2017 agora at\u00e9 o dia 24 de fevereiro. As propostas selecionadas far\u00e3o parte da agenda desse, que \u00e9 o principal evento [&hellip;]<\/p>\n","protected":false},"author":1,"featured_media":0,"comment_status":"open","ping_status":"open","sticky":false,"template":"","format":"standard","meta":{"_uag_custom_page_level_css":"","footnotes":""},"categories":[27],"tags":[2826,2900,3904,5623,5624,7470,8232,10675],"class_list":["post-5091","post","type-post","status-publish","format-standard","hentry","category-acontece","tag-construcao-civil","tag-construcao-sustentavel","tag-economia-verde","tag-greenbuilding-brasil-conferencia-internacional-e-expo-2017","tag-greenbuilding-council-brasil","tag-mercado","tag-novas-tecnologias","tag-sao-paulo-expo"],"blocksy_meta":[],"spectra_blocks_featured_image_url":null,"spectra_blocks_author_info":{"display_name":"Jornal da Constru\u00e7\u00e3o Civil","avatar_url":"https:\/\/secure.gravatar.com\/avatar\/973c9774fd44ddaceb026973c4962faa70fc512bc4c9da68e8ebb40fecee6540?s=96&d=mm&r=g","author_link":"https:\/\/construcaocivil.siriusmarketingedesign.com.br\/?author=1","description":"Desde de 2013, levando muitas informa\u00e7\u00f5es, lan\u00e7amentos e produtos de qualidade para toda cadeia produtiva da constru\u00e7\u00e3o. O Futuro da constru\u00e7\u00e3o passa por aqui,"},"uagb_featured_image_src":{"full":false,"thumbnail":false,"medium":false,"medium_large":false,"large":false,"1536x1536":false,"2048x2048":false},"uagb_author_info":{"display_name":"Jornal da Constru\u00e7\u00e3o Civil","author_link":"https:\/\/construcaocivil.siriusmarketingedesign.com.br\/?author=1"},"uagb_comment_info":0,"uagb_excerpt":"Interessados poder\u00e3o se inscrever at\u00e9 o dia 24 de fevereiro Fevereiro, 2017 &#8211; Os profissionais do setor da constru\u00e7\u00e3o sustent\u00e1vel poder\u00e3o encaminhar suas propostas de palestras para a Greenbuilding Brasil Confer\u00eancia Internacional e Expo 2017 agora at\u00e9 o dia 24 de fevereiro. As propostas selecionadas far\u00e3o parte da agenda desse, que \u00e9 o principal evento&hellip;","_links":{"self":[{"href":"https:\/\/construcaocivil.siriusmarketingedesign.com.br\/index.php?rest_route=\/wp\/v2\/posts\/5091","targetHints":{"allow":["GET"]}}],"collection":[{"href":"https:\/\/construcaocivil.siriusmarketingedesign.com.br\/index.php?rest_route=\/wp\/v2\/posts"}],"about":[{"href":"https:\/\/construcaocivil.siriusmarketingedesign.com.br\/index.php?rest_route=\/wp\/v2\/types\/post"}],"author":[{"embeddable":true,"href":"https:\/\/construcaocivil.siriusmarketingedesign.com.br\/index.php?rest_route=\/wp\/v2\/users\/1"}],"replies":[{"embeddable":true,"href":"https:\/\/construcaocivil.siriusmarketingedesign.com.br\/index.php?rest_route=%2Fwp%2Fv2%2Fcomments&post=5091"}],"version-history":[{"count":0,"href":"https:\/\/construcaocivil.siriusmarketingedesign.com.br\/index.php?rest_route=\/wp\/v2\/posts\/5091\/revisions"}],"wp:attachment":[{"href":"https:\/\/construcaocivil.siriusmarketingedesign.com.br\/index.php?rest_route=%2Fwp%2Fv2%2Fmedia&parent=5091"}],"wp:term":[{"taxonomy":"category","embeddable":true,"href":"https:\/\/construcaocivil.siriusmarketingedesign.com.br\/index.php?rest_route=%2Fwp%2Fv2%2Fcategories&post=5091"},{"taxonomy":"post_tag","embeddable":true,"href":"https:\/\/construcaocivil.siriusmarketingedesign.com.br\/index.php?rest_route=%2Fwp%2Fv2%2Ftags&post=5091"}],"curies":[{"name":"wp","href":"https:\/\/api.w.org\/{rel}","templated":true}]}}