{"id":5093,"date":"2017-02-21T14:47:13","date_gmt":"2017-02-21T17:47:13","guid":{"rendered":"http:\/\/www.jornaldaconstrucaocivil.com.br\/?p=5093"},"modified":"2017-02-21T14:47:13","modified_gmt":"2017-02-21T17:47:13","slug":"aprovacao-da-lei-no-13-3692016-possibilitou-estabelecer-parametros-que-nao-existiam-como-tabelas-de-valores-e-codigo-de-etica","status":"publish","type":"post","link":"https:\/\/construcaocivil.siriusmarketingedesign.com.br\/?p=5093","title":{"rendered":"Aprova\u00e7\u00e3o da Lei n\u00ba 13.369\/2016 possibilitou estabelecer par\u00e2metros que n\u00e3o existiam, como tabelas de valores e c\u00f3digo de \u00e9tica"},"content":{"rendered":"<p style=\"text-align: justify;\"><span style=\"color: #000000;\"><span style=\"color: #993300;\">Fevereiro, 2017<\/span> &#8211; O crescimento da constru\u00e7\u00e3o civil nas \u00faltimas d\u00e9cadas, em especial o aumento na procura pelo segmento imobili\u00e1rio, trouxe reflexos positivos para a \u00e1rea de design de interiores, ganhando maior visibilidade. A aprova\u00e7\u00e3o da <span style=\"color: #993300;\">Lei n\u00ba 13.369\/2016<\/span>, que reconhece e garante o exerc\u00edcio da profiss\u00e3o de designer de interiores, \u00e9 um exemplo disso.<\/span><\/p>\n<p style=\"text-align: justify;\"><a href=\"http:\/\/www.jornaldaconstrucaocivil.com.br\/wp-content\/uploads\/2017\/02\/DESEGNIER-II.jpg\"><img loading=\"lazy\" decoding=\"async\" class=\"wp-image-5095 alignleft\" src=\"http:\/\/www.jornaldaconstrucaocivil.com.br\/wp-content\/uploads\/2017\/02\/DESEGNIER-II.jpg\" alt=\"DESEGNIER II\" width=\"333\" height=\"180\" \/><\/a><\/p>\n<p style=\"text-align: justify;\"><span style=\"color: #000000;\">A aprova\u00e7\u00e3o da Lei possibilitou estabelecer par\u00e2metros que n\u00e3o existiam, como tabelas de valores, c\u00f3digo de \u00e9tica, entre outros itens que podem auxiliar o trabalho dos designers. <span style=\"color: #000080;\"><em>&#8220;A partir de agora, a classe passa a ter maior engajamento e um respaldo que n\u00e3o havia. Com isso, a categoria fica mais fortalecida por conquistar o respeito e seriedade que a profiss\u00e3o exige&#8221;<\/em><\/span>, afirma Larissa Camargo, coordenadora do curso de Design de Interiores da EAD Unicesumar.<\/span><\/p>\n<p style=\"text-align: justify;\"><span style=\"color: #000000;\">Outro ponto relevante \u00e9 o reconhecimento da capacita\u00e7\u00e3o profissional. Larissa explica que um espa\u00e7o bem projetado pede uma vis\u00e3o mais ampla do bom senso dos decoradores, aliada aos conhecimentos multidisciplinares dos engenheiros e arquitetos. Por isso, a Lei estabelece compet\u00eancias e fixa princ\u00edpios que competem ao designer de interiores.<\/span><\/p>\n<p style=\"text-align: justify;\"><span style=\"color: #000000;\"><span style=\"color: #000080;\"><em>&#8220;O designer re\u00fane todas as habilitadas necess\u00e1rias para aplicar \u00e0s t\u00e9cnicas em um \u00fanico espa\u00e7o, de forma est\u00e9tica e funcional, alinhando ergometria, conforto, sa\u00fade e seguran\u00e7a dos usu\u00e1rios&#8221;<\/em><\/span>, diz a coordenadora de curso.\u00a0<\/span><\/p>\n<p style=\"text-align: justify;\"><span style=\"color: #000000;\">J\u00e1 para Adric\u00e9ia Antunes Piton, acad\u00eamica do 2\u00ba ano do curso de Design de Interiores da EAD Unicesumar, com a Lei, o profissional passa a ter mais oportunidade, seguran\u00e7a e autonomia para atuar no mercado de trabalho.<span style=\"color: #000080;\"><em> &#8220;Antes qualquer pessoa podia decorar um espa\u00e7o. No entanto, projetar um ambiente exige um processo de desenvolvimento que envolve conceitos, detalhamentos e alguns cuidados que v\u00e3o al\u00e9m da decora\u00e7\u00e3o por si s\u00f3. Por isso, \u00e9 preciso ter capacita\u00e7\u00e3o para trabalhar na \u00e1rea&#8221;<\/em><\/span>, afirma.<\/span><\/p>\n<p style=\"text-align: justify;\"><span style=\"color: #000000;\">O profissional pode desenvolver e executar projetos voltados para \u00e1reas internas de resid\u00eancias, com\u00e9rcio, ind\u00fastrias, ve\u00edculos, barcos, entre outros. Tamb\u00e9m \u00e9 respons\u00e1vel pela elabora\u00e7\u00e3o de plantas, eleva\u00e7\u00f5es e perspectivas de apresenta\u00e7\u00e3o ao cliente e especifica\u00e7\u00f5es de produtos, bem como or\u00e7amentos, contrata\u00e7\u00e3o de profissionais e empresas para a execu\u00e7\u00e3o dos trabalhos sob sua supervis\u00e3o, entre outras atividades.<\/span><\/p>\n<p style=\"text-align: justify;\"><span style=\"color: #000000;\">A<span style=\"color: #993300;\"> Lei N.\u00ba 13.369<\/span> foi publicada no Di\u00e1rio Oficial da Uni\u00e3o no dia 13 de dezembro de 2016.<\/span><\/p>\n<p style=\"text-align: justify;\"><span style=\"color: #000000;\">Acesse o<\/span><strong><span style=\"text-decoration: underline;\"><span style=\"color: #0000ff;\"> <a style=\"color: #0000ff; text-decoration: underline;\" href=\"http:\/\/d-click.ead.cesumar.br\/u\/2648\/3195\/1554723\/5644_1\/72c5f\/?url=https%3A%2F%2Fwww.unicesumar.edu.br%2Fdesigner-de-interiores-ganha-autonomia-para-atuar-no-mercado-de-trabalho%2F%3Futm_source%3Demkt-sp-reconhecimento-design-interiores%26utm_campaign%3Dsp-reconhecimento-design-interiores%26utm_medium%3Demail\" target=\"_blank\" rel=\"noreferrer\">site da Unicesumar<\/a> <\/span><\/span><\/strong><\/p>\n","protected":false},"excerpt":{"rendered":"<p>Fevereiro, 2017 &#8211; O crescimento da constru\u00e7\u00e3o civil nas \u00faltimas d\u00e9cadas, em especial o aumento na procura pelo segmento imobili\u00e1rio, trouxe reflexos positivos para a \u00e1rea de design de interiores, ganhando maior visibilidade. A aprova\u00e7\u00e3o da Lei n\u00ba 13.369\/2016, que reconhece e garante o exerc\u00edcio da profiss\u00e3o de designer de interiores, \u00e9 um exemplo disso. [&hellip;]<\/p>\n","protected":false},"author":1,"featured_media":5095,"comment_status":"open","ping_status":"open","sticky":false,"template":"","format":"standard","meta":{"_uag_custom_page_level_css":"","footnotes":""},"categories":[28],"tags":[2455,2826,3030,3538,3843,4057,6077,8515,9004,10243,12236],"class_list":["post-5093","post","type-post","status-publish","format-standard","has-post-thumbnail","hentry","category-arquitetura","tag-comercio","tag-construcao-civil","tag-contratacoes","tag-design-de-interiores","tag-ead-unicesumar","tag-elevacoes","tag-industrias","tag-orcamentos","tag-plantas","tag-residencias","tag-veiculo"],"blocksy_meta":[],"spectra_blocks_featured_image_url":[],"spectra_blocks_author_info":{"display_name":"Jornal da Constru\u00e7\u00e3o Civil","avatar_url":"https:\/\/secure.gravatar.com\/avatar\/973c9774fd44ddaceb026973c4962faa70fc512bc4c9da68e8ebb40fecee6540?s=96&d=mm&r=g","author_link":"https:\/\/construcaocivil.siriusmarketingedesign.com.br\/?author=1","description":"Desde de 2013, levando muitas informa\u00e7\u00f5es, lan\u00e7amentos e produtos de qualidade para toda cadeia produtiva da constru\u00e7\u00e3o. O Futuro da constru\u00e7\u00e3o passa por aqui,"},"uagb_featured_image_src":{"full":false,"thumbnail":false,"medium":false,"medium_large":false,"large":false,"1536x1536":false,"2048x2048":false},"uagb_author_info":{"display_name":"Jornal da Constru\u00e7\u00e3o Civil","author_link":"https:\/\/construcaocivil.siriusmarketingedesign.com.br\/?author=1"},"uagb_comment_info":0,"uagb_excerpt":"Fevereiro, 2017 &#8211; O crescimento da constru\u00e7\u00e3o civil nas \u00faltimas d\u00e9cadas, em especial o aumento na procura pelo segmento imobili\u00e1rio, trouxe reflexos positivos para a \u00e1rea de design de interiores, ganhando maior visibilidade. A aprova\u00e7\u00e3o da Lei n\u00ba 13.369\/2016, que reconhece e garante o exerc\u00edcio da profiss\u00e3o de designer de interiores, \u00e9 um exemplo disso.&hellip;","_links":{"self":[{"href":"https:\/\/construcaocivil.siriusmarketingedesign.com.br\/index.php?rest_route=\/wp\/v2\/posts\/5093","targetHints":{"allow":["GET"]}}],"collection":[{"href":"https:\/\/construcaocivil.siriusmarketingedesign.com.br\/index.php?rest_route=\/wp\/v2\/posts"}],"about":[{"href":"https:\/\/construcaocivil.siriusmarketingedesign.com.br\/index.php?rest_route=\/wp\/v2\/types\/post"}],"author":[{"embeddable":true,"href":"https:\/\/construcaocivil.siriusmarketingedesign.com.br\/index.php?rest_route=\/wp\/v2\/users\/1"}],"replies":[{"embeddable":true,"href":"https:\/\/construcaocivil.siriusmarketingedesign.com.br\/index.php?rest_route=%2Fwp%2Fv2%2Fcomments&post=5093"}],"version-history":[{"count":0,"href":"https:\/\/construcaocivil.siriusmarketingedesign.com.br\/index.php?rest_route=\/wp\/v2\/posts\/5093\/revisions"}],"wp:attachment":[{"href":"https:\/\/construcaocivil.siriusmarketingedesign.com.br\/index.php?rest_route=%2Fwp%2Fv2%2Fmedia&parent=5093"}],"wp:term":[{"taxonomy":"category","embeddable":true,"href":"https:\/\/construcaocivil.siriusmarketingedesign.com.br\/index.php?rest_route=%2Fwp%2Fv2%2Fcategories&post=5093"},{"taxonomy":"post_tag","embeddable":true,"href":"https:\/\/construcaocivil.siriusmarketingedesign.com.br\/index.php?rest_route=%2Fwp%2Fv2%2Ftags&post=5093"}],"curies":[{"name":"wp","href":"https:\/\/api.w.org\/{rel}","templated":true}]}}