{"id":5114,"date":"2017-02-21T16:34:43","date_gmt":"2017-02-21T19:34:43","guid":{"rendered":"http:\/\/www.jornaldaconstrucaocivil.com.br\/?p=5114"},"modified":"2017-02-21T16:34:43","modified_gmt":"2017-02-21T19:34:43","slug":"bndes-e-prefeitura-de-porto-alegre-oficializam-parceria-para-estruturacao-de-ppp-na-area-de-iluminacao-publica","status":"publish","type":"post","link":"https:\/\/construcaocivil.siriusmarketingedesign.com.br\/?p=5114","title":{"rendered":"BNDES e Prefeitura de Porto Alegre oficializam parceria para estrutura\u00e7\u00e3o  de PPP na \u00e1rea de ilumina\u00e7\u00e3o p\u00fablica"},"content":{"rendered":"<p style=\"text-align: justify;\"><em><strong><span style=\"color: #000000;\">Investimentos privados permitir\u00e3o sens\u00edvel melhora na qualidade dos servi\u00e7os prestados \u00e0 popula\u00e7\u00e3o<\/span><\/strong><\/em><\/p>\n<p style=\"text-align: justify;\"><span style=\"color: #000000;\"><span style=\"color: #993300;\">Fevereiro, 2017<\/span> &#8211; O Banco Nacional de Desenvolvimento Econ\u00f4mico e Social (BNDES) e a Prefeitura de Porto Alegre oficializaram hoje o in\u00edcio de parceria para estrutura\u00e7\u00e3o de projeto de Parceria P\u00fablico Privada (PPP) na \u00e1rea de ilumina\u00e7\u00e3o p\u00fablica. A coopera\u00e7\u00e3o do banco foi formalizada em evento na sede da Prefeitura Municipal na presen\u00e7a do prefeito Nelson Marchezan J\u00fanior e do superintendente da \u00c1rea de Desestatiza\u00e7\u00e3o do BNDES, Rodolfo Torres.<\/span><\/p>\n<p style=\"text-align: justify;\"><span style=\"color: #000000;\">A iniciativa \u00e9 a primeira a ser oficializada no novo ciclo de atua\u00e7\u00e3o do Banco no \u00e2mbito municipal para estruturar parcerias com a iniciativa privada em servi\u00e7os como ilumina\u00e7\u00e3o p\u00fablica e coleta de res\u00edduos s\u00f3lidos urbanos.<\/span><\/p>\n<p style=\"text-align: justify;\"><span style=\"color: #000000;\">A parceria entre o BNDES e os munic\u00edpios dever\u00e1 ser formalizada com a assinatura de acordo de coopera\u00e7\u00e3o t\u00e9cnica, que prev\u00ea a assessoria do Banco nas etapas de planejamento e contrata\u00e7\u00e3o de consultores, realiza\u00e7\u00e3o de estudos para modelagem da parceria, roadshow, audi\u00eancia p\u00fablica, consulta p\u00fablica, atendimento a \u00f3rg\u00e3os de controle at\u00e9 a realiza\u00e7\u00e3o dos leil\u00f5es para contrata\u00e7\u00e3o do parceiro privado.<\/span><\/p>\n<p style=\"text-align: justify;\"><span style=\"color: #000000;\"><span style=\"color: #993300;\">Melhoria do servi\u00e7o<\/span> \u2013 A PPP na \u00e1rea de ilumina\u00e7\u00e3o p\u00fablica permitir\u00e1 n\u00e3o apenas uma sens\u00edvel melhora na qualidade dos servi\u00e7os prestados \u00e0 popula\u00e7\u00e3o, por meio de um modelo de gest\u00e3o com foco na efici\u00eancia, mas, principalmente, uma reformula\u00e7\u00e3o do parque instalado com a realiza\u00e7\u00e3o de investimentos sustent\u00e1veis. Isso porque os projetos utilizar\u00e3o componentes com menor impacto ambiental e novas tecnologias que proporcionam efetiva redu\u00e7\u00e3o no consumo de energia el\u00e9trica para ilumina\u00e7\u00e3o p\u00fablica, contribuindo para a preserva\u00e7\u00e3o do meio ambiente.<\/span><\/p>\n<p style=\"text-align: justify;\"><span style=\"color: #000000;\">Porto Alegre conta hoje com mais de 80 mil pontos de ilumina\u00e7\u00e3o p\u00fablica, com potencial de investimentos da ordem de R$ 250 milh\u00f5es na moderniza\u00e7\u00e3o do parque e na implanta\u00e7\u00e3o de tecnologias inteligentes, que levar\u00e3o a uma melhora na qualidade do servi\u00e7o de ilumina\u00e7\u00e3o e proporcionar\u00e3o maior seguran\u00e7a para os porto-alegrenses.<\/span><\/p>\n","protected":false},"excerpt":{"rendered":"<p>Investimentos privados permitir\u00e3o sens\u00edvel melhora na qualidade dos servi\u00e7os prestados \u00e0 popula\u00e7\u00e3o Fevereiro, 2017 &#8211; O Banco Nacional de Desenvolvimento Econ\u00f4mico e Social (BNDES) e a Prefeitura de Porto Alegre oficializaram hoje o in\u00edcio de parceria para estrutura\u00e7\u00e3o de projeto de Parceria P\u00fablico Privada (PPP) na \u00e1rea de ilumina\u00e7\u00e3o p\u00fablica. A coopera\u00e7\u00e3o do banco foi [&hellip;]<\/p>\n","protected":false},"author":1,"featured_media":0,"comment_status":"open","ping_status":"open","sticky":false,"template":"","format":"standard","meta":{"_uag_custom_page_level_css":"","footnotes":""},"categories":[31],"tags":[1464,4293,5909,8646,9282,9294,10438,10954],"class_list":["post-5114","post","type-post","status-publish","format-standard","hentry","category-infraestrutura","tag-bndes","tag-energia-eletrica","tag-iluminacao-publica","tag-parceria-publico-privada-ppp","tag-prefeito-nelson-marchezan-junior","tag-prefeitura-de-porto-alegre-rs","tag-roadshow","tag-servicos-melhores-para-populacao"],"blocksy_meta":[],"spectra_blocks_featured_image_url":null,"spectra_blocks_author_info":{"display_name":"Jornal da Constru\u00e7\u00e3o Civil","avatar_url":"https:\/\/secure.gravatar.com\/avatar\/973c9774fd44ddaceb026973c4962faa70fc512bc4c9da68e8ebb40fecee6540?s=96&d=mm&r=g","author_link":"https:\/\/construcaocivil.siriusmarketingedesign.com.br\/?author=1","description":"Desde de 2013, levando muitas informa\u00e7\u00f5es, lan\u00e7amentos e produtos de qualidade para toda cadeia produtiva da constru\u00e7\u00e3o. O Futuro da constru\u00e7\u00e3o passa por aqui,"},"uagb_featured_image_src":{"full":false,"thumbnail":false,"medium":false,"medium_large":false,"large":false,"1536x1536":false,"2048x2048":false},"uagb_author_info":{"display_name":"Jornal da Constru\u00e7\u00e3o Civil","author_link":"https:\/\/construcaocivil.siriusmarketingedesign.com.br\/?author=1"},"uagb_comment_info":0,"uagb_excerpt":"Investimentos privados permitir\u00e3o sens\u00edvel melhora na qualidade dos servi\u00e7os prestados \u00e0 popula\u00e7\u00e3o Fevereiro, 2017 &#8211; O Banco Nacional de Desenvolvimento Econ\u00f4mico e Social (BNDES) e a Prefeitura de Porto Alegre oficializaram hoje o in\u00edcio de parceria para estrutura\u00e7\u00e3o de projeto de Parceria P\u00fablico Privada (PPP) na \u00e1rea de ilumina\u00e7\u00e3o p\u00fablica. A coopera\u00e7\u00e3o do banco foi&hellip;","_links":{"self":[{"href":"https:\/\/construcaocivil.siriusmarketingedesign.com.br\/index.php?rest_route=\/wp\/v2\/posts\/5114","targetHints":{"allow":["GET"]}}],"collection":[{"href":"https:\/\/construcaocivil.siriusmarketingedesign.com.br\/index.php?rest_route=\/wp\/v2\/posts"}],"about":[{"href":"https:\/\/construcaocivil.siriusmarketingedesign.com.br\/index.php?rest_route=\/wp\/v2\/types\/post"}],"author":[{"embeddable":true,"href":"https:\/\/construcaocivil.siriusmarketingedesign.com.br\/index.php?rest_route=\/wp\/v2\/users\/1"}],"replies":[{"embeddable":true,"href":"https:\/\/construcaocivil.siriusmarketingedesign.com.br\/index.php?rest_route=%2Fwp%2Fv2%2Fcomments&post=5114"}],"version-history":[{"count":0,"href":"https:\/\/construcaocivil.siriusmarketingedesign.com.br\/index.php?rest_route=\/wp\/v2\/posts\/5114\/revisions"}],"wp:attachment":[{"href":"https:\/\/construcaocivil.siriusmarketingedesign.com.br\/index.php?rest_route=%2Fwp%2Fv2%2Fmedia&parent=5114"}],"wp:term":[{"taxonomy":"category","embeddable":true,"href":"https:\/\/construcaocivil.siriusmarketingedesign.com.br\/index.php?rest_route=%2Fwp%2Fv2%2Fcategories&post=5114"},{"taxonomy":"post_tag","embeddable":true,"href":"https:\/\/construcaocivil.siriusmarketingedesign.com.br\/index.php?rest_route=%2Fwp%2Fv2%2Ftags&post=5114"}],"curies":[{"name":"wp","href":"https:\/\/api.w.org\/{rel}","templated":true}]}}