{"id":512,"date":"2015-12-02T03:01:32","date_gmt":"2015-12-02T03:01:32","guid":{"rendered":"http:\/\/www.jornaldaconstrucaocivil.com.br\/?p=512"},"modified":"2015-12-02T03:01:32","modified_gmt":"2015-12-02T03:01:32","slug":"vendas-de-material-de-construcao-ficam-estaveis-em-novembro","status":"publish","type":"post","link":"https:\/\/construcaocivil.siriusmarketingedesign.com.br\/?p=512","title":{"rendered":"Vendas de material de constru\u00e7\u00e3o ficam est\u00e1veis em novembro"},"content":{"rendered":"<p><strong><span style=\"color: #000000;\"><i>Segundo Anamaco, varejo do setor deve fechar 2015 com retra\u00e7\u00e3o de 6% sobre 2014. Expectativa para 2016, no entanto, \u00e9 de 5% de crescimento<\/i><\/span><\/strong><\/p>\n<p><span style=\"color: #000000;\">As vendas de material de constru\u00e7\u00e3o ficaram est\u00e1veis no m\u00eas de novembro, na compara\u00e7\u00e3o com outubro. O desempenho, no entanto, ficou 8% abaixo do registrado no mesmo per\u00edodo de 2014.<\/span><\/p>\n<p><span style=\"color: #000000;\">Os dados s\u00e3o do estudo mensal realizado pelo Instituto de Pesquisas da Anamaco com o apoio da Abrafati, Instituto Crisotila Brasil, Anfacer e Siamfesp. O levantamento ouviu 530 lojistas das cinco regi\u00f5es do pa\u00eds entre os dias 26 e 30 de novembro e a margem de erro \u00e9 de 4,3%.<\/span><\/p>\n<p><span style=\"color: #000000;\">Segundo a pesquisa, no acumulado do ano o varejo de material de constru\u00e7\u00e3o tem queda de 4,5%. \u201cN\u00f3s \u00faltimos tr\u00eas anos, as vendas no m\u00eas de dezembro t\u00eam se mantido est\u00e1vel. Se essa tend\u00eancia se mantiver, o setor fechar\u00e1 2015 com retra\u00e7\u00e3o de 6% em rela\u00e7\u00e3o a 2014, quando registramos um faturamento de R$ 60 bilh\u00f5es. Ser\u00e1 a primeira vez que registraremos queda de vendas na \u00faltima d\u00e9cada\u201d, explica o presidente da Anamaco, Cl\u00e1udio Conz.<\/span><\/p>\n<p><span style=\"color: #000000;\">No levantamento por regi\u00f5es, o Sul e o Nordeste apresentaram crescimento de 2% em rela\u00e7\u00e3o a outubro, enquanto Norte e Sudeste retra\u00edram -2% e -3%, respectivamente. No Centro-Oeste n\u00e3o houve varia\u00e7\u00e3o sobre o m\u00eas anterior.<\/span><\/p>\n<p><span style=\"color: #000000;\">Dentre as categorias pesquisadas em novembro, tintas cresceu 10%, seguida por lou\u00e7as sanit\u00e1rias (4%) e revestimentos cer\u00e2micos (3%). Fechaduras e ferragens tiveram desempenho est\u00e1vel, mas telhas de fibrocimento e cimento retra\u00edram 7% e 5%, respectivamente.<\/span><\/p>\n<p><span style=\"color: #000000;\"><em>\u201cNessa \u00e9poca do ano, \u00e9 comum haver um movimento de reforma da casa para as festas de fim de ano e isso explica o aumento de vendas dos produtos de acabamento no m\u00eas de novembro. Por\u00e9m, a falta de cr\u00e9dito e a inseguran\u00e7a do consumidor, causadas pela crise econ\u00f4mica, est\u00e3o ocasionando um adiamento das reformas. Por conta disso, menos consumidores est\u00e3o indo at\u00e9 as lojas nessa \u00e9poca do ano, se compararmos com os anos anteriores\u201d<\/em>, ressalta o presidente da Anamaco.<\/span><\/p>\n<p><span style=\"color: #000000;\">Tal adiamento das obras, no entanto, deve beneficiar o setor no in\u00edcio de 2016.<em> \u201cO Brasil possui cerca de 64 milh\u00f5es de im\u00f3veis, que demandam manuten\u00e7\u00e3o e reforma por conta de seu uso e desgaste natural. E reforma precisa de planejamento. As pessoas est\u00e3o adiando as obras maiores, mas n\u00e3o conseguir\u00e3o fazer isso por muito tempo porque a infiltra\u00e7\u00e3o na parede n\u00e3o espera, o cano quebrado n\u00e3o espera, ent\u00e3o uma hora esse conserto precisa sair. O lado positivo \u00e9 que temos boas perspectivas para 2016. Certamente teremos um primeiro trimestre abaixo do registrado em 2015, mas a expectativa \u00e9 que o setor esboce uma rea\u00e7\u00e3o a partir do quarto m\u00eas do ano e tenha um desempenho 5% superior ao que registrarmos em 2015\u201d<\/em>, declara Conz, completando: \u201cA constru\u00e7\u00e3o civil tamb\u00e9m participar\u00e1 desses resultados, pois muitas construtoras est\u00e3o ajustando seus lan\u00e7amentos ao poder aquisitivo dos brasileiros. O mercado de compra da casa pr\u00f3pria tamb\u00e9m foi bastante afetado por esse cen\u00e1rio de incertezas econ\u00f4micas e precisa de adequar \u00e0 nova realidade\u201d.<\/span><\/p>\n<p><span style=\"color: #000000;\">A Pesquisa Tracking Mensal da Anamaco indicou\u00a0ainda que continua alto o pessimismo dos lojistas com rela\u00e7\u00e3o \u00e0s a\u00e7\u00f5es do Governo, apesar de ter apresentado uma pequena melhora em novembro (caiu de 58% para 53%). A inten\u00e7\u00e3o de contratar novos funcion\u00e1rios tamb\u00e9m retraiu no m\u00eas no Sudeste, Nordeste e Norte e ficou est\u00e1vel no Sul e Centro-Oeste. J\u00e1 a pretens\u00e3o de novos investimentos nos pr\u00f3ximos 12 meses cresceu 5% em novembro, na compara\u00e7\u00e3o com outubro.<\/span><\/p>\n<p><span style=\"color: #000000;\">Sobre a Anamaco<\/span><\/p>\n<p><span style=\"color: #000000;\">A Anamaco &#8211; Associa\u00e7\u00e3o Nacional dos Comerciantes de Material de Constru\u00e7\u00e3o &#8211; \u00e9 uma entidade de classe, sem fins lucrativos, que funciona como interface entre os \u00f3rg\u00e3os governamentais e as Acomacs e Fecomacs, demais entidades, fabricantes e comerciantes de material de constru\u00e7\u00e3o. Em 2014, a entidade comemorou 50 anos de funda\u00e7\u00e3o de seu sistema associativista.<\/span><\/p>\n<p><span style=\"color: #000000;\">O nosso papel \u00e9 desenvolver a\u00e7\u00f5es junto ao poder p\u00fablico apresentando sugest\u00f5es e projetos que t\u00eam por objetivo aumentar as vendas de material de constru\u00e7\u00e3o, promovendo o desenvolvimento do setor e do pa\u00eds como um todo. A Anamaco tamb\u00e9m promove discuss\u00f5es em torno de assuntos que podem interferir diretamente na cadeia produtiva da Constru\u00e7\u00e3o, como quest\u00f5es ligadas \u00e0 tributa\u00e7\u00e3o, projetos de lei etc. O nosso presidente, Cl\u00e1udio Elias Conz, \u00e9 membro do Conselho Curador do FGTS, representando a CNC.<\/span><\/p>\n<p><span style=\"color: #000000;\">Com cerca de 148 mil lojas em todo o pa\u00eds (incluindo 136.868 lojas varejistas e mais de 12 mil lojas atacadistas), o set\u2019r de material de constru\u00e7\u00e3o \u00e9 parte integrante do complexo denominado de \u201cConstruBusiness\u201d, que representa 9,1% do PIB brasileiro. Cada R$1 produzido na constru\u00e7\u00e3o gera R$ 1,88 na produ\u00e7\u00e3o do pa\u00eds. As atividades da cadeia ocuparam 11,3 milh\u00f5es de pessoas em todo o pa\u00eds em 2014, sendo que com\u00e9rcio e servi\u00e7os correspondem a 16,2% desse total. <\/span><\/p>\n<p><span style=\"color: #000000;\">A cadeia da constru\u00e7\u00e3o \u00e9 o 4\u00ba maior gerador de empregos do pa\u00eds e remunera seus trabalhadores 11,7% mais do que os outros setores da economia. Em termos reais, o valor adicionado pelo com\u00e9rcio de material de constru\u00e7\u00e3o cresceu a uma taxa de 8,5% ao ano entre 2007 e 2014, e o emprego expandiu-se a um ritmo de 6,5% ao ano.<\/span><\/p>\n<p><span style=\"color: #993366;\">Fonte: Assessoria de Imprensa Anamaco<\/span><\/p>\n","protected":false},"excerpt":{"rendered":"<p>Segundo Anamaco, varejo do setor deve fechar 2015 com retra\u00e7\u00e3o de 6% sobre 2014. Expectativa para 2016, no entanto, \u00e9 de 5% de crescimento As vendas de material de constru\u00e7\u00e3o ficaram est\u00e1veis no m\u00eas de novembro, na compara\u00e7\u00e3o com outubro. O desempenho, no entanto, ficou 8% abaixo do registrado no mesmo per\u00edodo de 2014. Os [&hellip;]<\/p>\n","protected":false},"author":1,"featured_media":0,"comment_status":"open","ping_status":"open","sticky":false,"template":"","format":"quote","meta":{"_uag_custom_page_level_css":"","footnotes":""},"categories":[33],"tags":[705,8242,10287,12292],"class_list":["post-512","post","type-post","status-publish","format-quote","hentry","category-mercado","tag-anamaco","tag-novembro-de-2015","tag-retracao","tag-vendas-de-material-de-construcao","post_format-post-format-quote"],"blocksy_meta":[],"spectra_blocks_featured_image_url":null,"spectra_blocks_author_info":{"display_name":"Jornal da Constru\u00e7\u00e3o Civil","avatar_url":"https:\/\/secure.gravatar.com\/avatar\/973c9774fd44ddaceb026973c4962faa70fc512bc4c9da68e8ebb40fecee6540?s=96&d=mm&r=g","author_link":"https:\/\/construcaocivil.siriusmarketingedesign.com.br\/?author=1","description":"Desde de 2013, levando muitas informa\u00e7\u00f5es, lan\u00e7amentos e produtos de qualidade para toda cadeia produtiva da constru\u00e7\u00e3o. O Futuro da constru\u00e7\u00e3o passa por aqui,"},"uagb_featured_image_src":{"full":false,"thumbnail":false,"medium":false,"medium_large":false,"large":false,"1536x1536":false,"2048x2048":false},"uagb_author_info":{"display_name":"Jornal da Constru\u00e7\u00e3o Civil","author_link":"https:\/\/construcaocivil.siriusmarketingedesign.com.br\/?author=1"},"uagb_comment_info":0,"uagb_excerpt":"Segundo Anamaco, varejo do setor deve fechar 2015 com retra\u00e7\u00e3o de 6% sobre 2014. Expectativa para 2016, no entanto, \u00e9 de 5% de crescimento As vendas de material de constru\u00e7\u00e3o ficaram est\u00e1veis no m\u00eas de novembro, na compara\u00e7\u00e3o com outubro. O desempenho, no entanto, ficou 8% abaixo do registrado no mesmo per\u00edodo de 2014. Os&hellip;","_links":{"self":[{"href":"https:\/\/construcaocivil.siriusmarketingedesign.com.br\/index.php?rest_route=\/wp\/v2\/posts\/512","targetHints":{"allow":["GET"]}}],"collection":[{"href":"https:\/\/construcaocivil.siriusmarketingedesign.com.br\/index.php?rest_route=\/wp\/v2\/posts"}],"about":[{"href":"https:\/\/construcaocivil.siriusmarketingedesign.com.br\/index.php?rest_route=\/wp\/v2\/types\/post"}],"author":[{"embeddable":true,"href":"https:\/\/construcaocivil.siriusmarketingedesign.com.br\/index.php?rest_route=\/wp\/v2\/users\/1"}],"replies":[{"embeddable":true,"href":"https:\/\/construcaocivil.siriusmarketingedesign.com.br\/index.php?rest_route=%2Fwp%2Fv2%2Fcomments&post=512"}],"version-history":[{"count":0,"href":"https:\/\/construcaocivil.siriusmarketingedesign.com.br\/index.php?rest_route=\/wp\/v2\/posts\/512\/revisions"}],"wp:attachment":[{"href":"https:\/\/construcaocivil.siriusmarketingedesign.com.br\/index.php?rest_route=%2Fwp%2Fv2%2Fmedia&parent=512"}],"wp:term":[{"taxonomy":"category","embeddable":true,"href":"https:\/\/construcaocivil.siriusmarketingedesign.com.br\/index.php?rest_route=%2Fwp%2Fv2%2Fcategories&post=512"},{"taxonomy":"post_tag","embeddable":true,"href":"https:\/\/construcaocivil.siriusmarketingedesign.com.br\/index.php?rest_route=%2Fwp%2Fv2%2Ftags&post=512"}],"curies":[{"name":"wp","href":"https:\/\/api.w.org\/{rel}","templated":true}]}}