{"id":5131,"date":"2017-02-23T17:24:55","date_gmt":"2017-02-23T20:24:55","guid":{"rendered":"http:\/\/www.jornaldaconstrucaocivil.com.br\/?p=5131"},"modified":"2017-02-23T17:24:55","modified_gmt":"2017-02-23T20:24:55","slug":"industria-de-maquinas-e-equipamentos-segue-com-vendas-abaixo-da-media-e-setor-pressiona-governo-federal-para-mudar-quadro-urgente","status":"publish","type":"post","link":"https:\/\/construcaocivil.siriusmarketingedesign.com.br\/?p=5131","title":{"rendered":"Ind\u00fastria de m\u00e1quinas e equipamentos segue com vendas abaixo da m\u00e9dia e setor pressiona governo federal para mudar quadro urgente."},"content":{"rendered":"<p style=\"text-align: justify;\"><span style=\"color: #000000;\">Fevereiro, 2017 &#8211; Economia n\u00e3o decola e medidas propostas pelo governo federal n\u00e3o tem dado resultado positivo, nas ind\u00fastrias de m\u00e1quinas e equipamentos no pa\u00eds. Em recente boletim divulgado pela Associa\u00e7\u00e3o Brasileira da Ind\u00fastria de M\u00e1quinas e Equipamentos \u2013 ABIMAQ, referente ao m\u00eas de janeiro de 2017, o cen\u00e1rio \u00e9 preocupante.<\/span><\/p>\n<p style=\"text-align: justify;\"><span style=\"color: #000080;\"><em><strong>Segue na \u00edntegra dados da ABIMAQ \u2013 Janeiro de 2017:<\/strong><\/em><\/span><\/p>\n<p style=\"text-align: justify;\">A receita l\u00edquida da ind\u00fastria de m\u00e1quinas e equipamentos continua em n\u00edveis muito reduzidos. Em janeiro em rela\u00e7\u00e3o a dezembro a receita recuou 19%. Em rela\u00e7\u00e3o a Janeiro de 2016, o pior resultado deste m\u00eas na s\u00e9rie, a receita ficou praticamente est\u00e1vel (+0,3%). <strong>Os sinais do mercado continuam contradit\u00f3rios com rela\u00e7\u00e3o a uma poss\u00edvel recupera\u00e7\u00e3o da economia.<\/strong><\/p>\n<p style=\"text-align: justify;\"><strong>Os investimentos medidos pelo consumo aparente de m\u00e1quinas e equipamentos continuam em queda<\/strong>. Em janeiro a redu\u00e7\u00e3o foi de 2,6% quando comparado com o m\u00eas imediatamente anterior. No resultado interanual, a queda foi ainda pior, 18,2%. Indicadores antecedentes como n\u00edvel de utiliza\u00e7\u00e3o da capacidade instalada da ind\u00fastria de transforma\u00e7\u00e3o e n\u00edvel de confian\u00e7a empresarial continuam apontando para adiamentos dos investimentos.<\/p>\n<p style=\"text-align: justify;\">Trata-se, provavelmente, <strong>da maior crise da hist\u00f3ria do setor<\/strong>. Mesmo diante de uma retomada da economia, a ind\u00fastria de m\u00e1quinas e equipamentos deve ser a \u00faltima a voltar a crescer em fun\u00e7\u00e3o do elevado n\u00edvel de ociosidade da ind\u00fastria que leva ao adiamento dos investimentos produtivos.<\/p>\n<p style=\"text-align: justify;\">Os pre\u00e7os das m\u00e1quinas e equipamentos medidos pela FGV registraram crescimento acima do IPCA em janeiro. Provavelmente pressionados pelos aumentos de insumos observados nos \u00faltimos meses<strong>. Meses consecutivos de redu\u00e7\u00e3o nas margens est\u00e3o inviabilizando a absor\u00e7\u00e3o dos aumentos de insumos.<\/strong><\/p>\n<p style=\"text-align: justify;\"><strong>A aprecia\u00e7\u00e3o do real ocorrida em 2016, e sua continuidade em 2017 voltou a prejudicar a competitividade da ind\u00fastria de transforma\u00e7\u00e3o brasileira<\/strong>. O cen\u00e1rio para a taxa de c\u00e2mbio melhorou ligeiramente com a vit\u00f3ria de Trump na elei\u00e7\u00e3o presidencial dos EUA, por causa do aumento da incerteza somado \u00e0 expectativa de alta da taxa de juros norte-americana. Mas no \u00faltimo m\u00eas a moeda brasileira voltou para a casa dos R$\/US$ 3,10.<\/p>\n<p style=\"text-align: justify;\"><strong>A valoriza\u00e7\u00e3o do Real tem sacrificado, mais uma vez, o setor fabricante de m\u00e1quinas e equipamentos<\/strong>. Em janeiro de 2017 as exporta\u00e7\u00f5es ca\u00edram 38,7% em rela\u00e7\u00e3o ao m\u00eas imediatamente anterior e, 12,4%, na compara\u00e7\u00e3o interanual. Um dos poucos vetores para a sa\u00edda do setor da crise brasileira, as exporta\u00e7\u00f5es, deixa de existir.<\/p>\n<p style=\"text-align: justify;\">A queda das exporta\u00e7\u00f5es, atingiu 4 dos 7 segmentos da Ind\u00fastria de Bens de Capital. <strong>M\u00e1quinas para Bens de Consumo foi o setor que obteve o pior resultado, reduzindo suas exporta\u00e7\u00f5es em 73,6%, quando comparado com janeiro de 2016<\/strong>. Outros setores que apresentaram redu\u00e7\u00e3o em suas exporta\u00e7\u00f5es foram, Componentes para a Ind\u00fastria de Bens de Capital, M\u00e1quinas para a Ind\u00fastria de Transforma\u00e7\u00e3o e M\u00e1quinas para Petr\u00f3leo e Energia Reno<\/p>\n<p style=\"text-align: justify;\">Os principais destinos das exporta\u00e7\u00f5es brasileiras de m\u00e1quinas e equipamentos (M&amp;E) s\u00e3o, pela ordem, <strong>Am\u00e9rica Latina, Estados Unidos e Europa<\/strong>. Observa-se, em 2017, um aumento na participa\u00e7\u00e3o da Am\u00e9rica Latina nas exporta\u00e7\u00f5es brasileiras e queda das exporta\u00e7\u00f5es para a Europa. A participa\u00e7\u00e3o da China, que no in\u00edcio de 2016 foi significativo, em 2017 n\u00e3o apresentou resultado expressivo.<\/p>\n<p style=\"text-align: justify;\">O desempenho das importa\u00e7\u00f5es mant\u00e9m a tend\u00eancia de estabilidade observada no \u00faltimo trimestre de 2016. Em janeiro de 2017 cresceu apenas 0,4%, na compara\u00e7\u00e3o com o m\u00eas imediatamente anterior. Por conta da fraca demanda interna, as importa\u00e7\u00f5es registram forte queda na compara\u00e7\u00e3o interanual (15,6<strong>%). O d\u00e9ficit comercial em janeiro\/17 comparado com dezembro\/16 foi uma alta de 72,4%, e na compara\u00e7\u00e3o interanual o d\u00e9ficit apresentou queda de 17,6%.<\/strong><\/p>\n<p style=\"text-align: justify;\">A queda interanual de 15,6%, foi verificada nas importa\u00e7\u00f5es realizadas por 4 dos sete segmentos da ind\u00fastria de transforma\u00e7\u00e3o. A maior queda foi do <strong>segmento de petr\u00f3leo e energia renov\u00e1vel<\/strong>, seguido pelo setor relacionado a<strong> log\u00edstica<\/strong> e <strong>constru\u00e7\u00e3o\u00a0<\/strong><b>civil<\/b>, ind\u00fastria de transforma\u00e7\u00e3o e ind\u00fastria de base.<\/p>\n<p style=\"text-align: justify;\">Os Estados Unidos, em janeiro\/17, apresentaram crescimento nas suas exporta\u00e7\u00f5es de Bens de Capital para o Brasil e mantiveram a primeira posi\u00e7\u00e3o com participa\u00e7\u00e3o no ranking em valores. A China e a Alemanha registraram participa\u00e7\u00e3o de 18,6% e 16,7%, respectivamente e tamb\u00e9m crescem quando comparado com o ano de 2016. <strong>A Coreia do Sul que foi o grande destaque em 2016 por conta de investimentos para siderurgia, voltou \u00e0 sua participa\u00e7\u00e3o hist\u00f3ria.<\/strong><\/p>\n<p style=\"text-align: justify;\">O NUCI, em janeiro\/17, apresentou crescimento de 1,3%, na compara\u00e7\u00e3o com o m\u00eas imediatamente anterior e 8,1%, na compara\u00e7\u00e3o interanual. <strong>A carteira de pedidos, medida em meses para seu atendimento, apresentou o pior resultado da s\u00e9rie hist\u00f3rica iniciada em 1999<\/strong>, com 2,2 meses para atendimento em janeiro\/17, sua queda comparada com dezembro\/16 foi de 12,2% e na compara\u00e7\u00e3o interanual a redu\u00e7\u00e3o foi ainda pior, 16,2%.<\/p>\n<p style=\"text-align: justify;\">O n\u00famero de pessoas ocupadas na ind\u00fastria de m\u00e1quinas e equipamentos <strong>encerrou janeiro\/17 com 292,4 mil<\/strong>, o que representa um recuo de 6,1% ou 18,9 mil empregados a menos em rela\u00e7\u00e3o a jan\/16. Com isso, o n\u00famero de pessoas ocupadas do setor voltou para o n\u00edvel de 2004 (em maio daquele ano, eram 290,3 mil empregados). <strong>Desde 2013, quando teve in\u00edcio a queda de faturamento da ind\u00fastria de m\u00e1quinas, j\u00e1 foram eliminados mais de 87 mil (87,8 mil) postos de trabalho no setor.<\/strong><\/p>\n<p style=\"text-align: justify;\"><span style=\"color: #993300;\">Fonte: Imprensa\/ABIMAQ<\/span><\/p>\n<p>&nbsp;<\/p>\n","protected":false},"excerpt":{"rendered":"<p>Fevereiro, 2017 &#8211; Economia n\u00e3o decola e medidas propostas pelo governo federal n\u00e3o tem dado resultado positivo, nas ind\u00fastrias de m\u00e1quinas e equipamentos no pa\u00eds. Em recente boletim divulgado pela Associa\u00e7\u00e3o Brasileira da Ind\u00fastria de M\u00e1quinas e Equipamentos \u2013 ABIMAQ, referente ao m\u00eas de janeiro de 2017, o cen\u00e1rio \u00e9 preocupante. Segue na \u00edntegra dados [&hellip;]<\/p>\n","protected":false},"author":1,"featured_media":0,"comment_status":"open","ping_status":"open","sticky":false,"template":"","format":"standard","meta":{"_uag_custom_page_level_css":"","footnotes":""},"categories":[33],"tags":[2213,2826,3081,3200,3343,4312,6978,7210,8867,12203,12334],"class_list":["post-5131","post","type-post","status-publish","format-standard","hentry","category-mercado","tag-china","tag-construcao-civil","tag-coreia-do-sul","tag-crise-continua","tag-dados-janeiro-2017","tag-energia-renovavel","tag-logistica","tag-maquinas-e-equipamentos","tag-petroleo","tag-valorizacao-do-real-prejudica-setor","tag-vendas-paradas"],"blocksy_meta":[],"spectra_blocks_featured_image_url":null,"spectra_blocks_author_info":{"display_name":"Jornal da Constru\u00e7\u00e3o Civil","avatar_url":"https:\/\/secure.gravatar.com\/avatar\/973c9774fd44ddaceb026973c4962faa70fc512bc4c9da68e8ebb40fecee6540?s=96&d=mm&r=g","author_link":"https:\/\/construcaocivil.siriusmarketingedesign.com.br\/?author=1","description":"Desde de 2013, levando muitas informa\u00e7\u00f5es, lan\u00e7amentos e produtos de qualidade para toda cadeia produtiva da constru\u00e7\u00e3o. O Futuro da constru\u00e7\u00e3o passa por aqui,"},"uagb_featured_image_src":{"full":false,"thumbnail":false,"medium":false,"medium_large":false,"large":false,"1536x1536":false,"2048x2048":false},"uagb_author_info":{"display_name":"Jornal da Constru\u00e7\u00e3o Civil","author_link":"https:\/\/construcaocivil.siriusmarketingedesign.com.br\/?author=1"},"uagb_comment_info":0,"uagb_excerpt":"Fevereiro, 2017 &#8211; Economia n\u00e3o decola e medidas propostas pelo governo federal n\u00e3o tem dado resultado positivo, nas ind\u00fastrias de m\u00e1quinas e equipamentos no pa\u00eds. Em recente boletim divulgado pela Associa\u00e7\u00e3o Brasileira da Ind\u00fastria de M\u00e1quinas e Equipamentos \u2013 ABIMAQ, referente ao m\u00eas de janeiro de 2017, o cen\u00e1rio \u00e9 preocupante. Segue na \u00edntegra dados&hellip;","_links":{"self":[{"href":"https:\/\/construcaocivil.siriusmarketingedesign.com.br\/index.php?rest_route=\/wp\/v2\/posts\/5131","targetHints":{"allow":["GET"]}}],"collection":[{"href":"https:\/\/construcaocivil.siriusmarketingedesign.com.br\/index.php?rest_route=\/wp\/v2\/posts"}],"about":[{"href":"https:\/\/construcaocivil.siriusmarketingedesign.com.br\/index.php?rest_route=\/wp\/v2\/types\/post"}],"author":[{"embeddable":true,"href":"https:\/\/construcaocivil.siriusmarketingedesign.com.br\/index.php?rest_route=\/wp\/v2\/users\/1"}],"replies":[{"embeddable":true,"href":"https:\/\/construcaocivil.siriusmarketingedesign.com.br\/index.php?rest_route=%2Fwp%2Fv2%2Fcomments&post=5131"}],"version-history":[{"count":0,"href":"https:\/\/construcaocivil.siriusmarketingedesign.com.br\/index.php?rest_route=\/wp\/v2\/posts\/5131\/revisions"}],"wp:attachment":[{"href":"https:\/\/construcaocivil.siriusmarketingedesign.com.br\/index.php?rest_route=%2Fwp%2Fv2%2Fmedia&parent=5131"}],"wp:term":[{"taxonomy":"category","embeddable":true,"href":"https:\/\/construcaocivil.siriusmarketingedesign.com.br\/index.php?rest_route=%2Fwp%2Fv2%2Fcategories&post=5131"},{"taxonomy":"post_tag","embeddable":true,"href":"https:\/\/construcaocivil.siriusmarketingedesign.com.br\/index.php?rest_route=%2Fwp%2Fv2%2Ftags&post=5131"}],"curies":[{"name":"wp","href":"https:\/\/api.w.org\/{rel}","templated":true}]}}