{"id":5172,"date":"2017-03-06T13:57:19","date_gmt":"2017-03-06T16:57:19","guid":{"rendered":"http:\/\/www.jornaldaconstrucaocivil.com.br\/?p=5172"},"modified":"2017-03-06T13:57:19","modified_gmt":"2017-03-06T16:57:19","slug":"ministerio-da-integracao-nacional-inicia-nova-fase-de-teste-da-barragem-de-barreiro","status":"publish","type":"post","link":"https:\/\/construcaocivil.siriusmarketingedesign.com.br\/?p=5172","title":{"rendered":"Minist\u00e9rio da Integra\u00e7\u00e3o Nacional inicia nova fase de teste da barragem de Barreiro"},"content":{"rendered":"<p style=\"text-align: justify;\"><em><strong><span style=\"color: #000000;\">Vazamento foi contido e come\u00e7am testes com ingresso controlado de \u00e1gua<\/span><\/strong><\/em><\/p>\n<p style=\"text-align: justify;\"><span style=\"color: #000000;\"><span style=\"color: #993300;\">Bras\u00edlia-DF, Mar\u00e7o, 2017<\/span> \u2013 Equipes t\u00e9cnicas do Minist\u00e9rio da Integra\u00e7\u00e3o Nacional conseguiram vedar totalmente o vazamento no reservat\u00f3rio Barreiro, em Sert\u00e2nia (PE). As obras de refor\u00e7o da estrutura da barragem foram realizadas com sucesso ao longo dos dois \u00faltimos dias e contaram com a coloca\u00e7\u00e3o de rochas, com mais de 1 tonelada para selar qualquer possibilidade de vazamento.<\/span><\/p>\n<p style=\"text-align: justify;\"><a href=\"http:\/\/www.jornaldaconstrucaocivil.com.br\/wp-content\/uploads\/2017\/03\/S\u00c3O-FRANCISCO.jpg\"><img loading=\"lazy\" decoding=\"async\" class=\"wp-image-5173 alignleft\" src=\"http:\/\/www.jornaldaconstrucaocivil.com.br\/wp-content\/uploads\/2017\/03\/S\u00c3O-FRANCISCO-1024x576.jpg\" alt=\"S\u00c3O FRANCISCO\" width=\"352\" height=\"198\" \/><\/a><\/p>\n<p style=\"text-align: justify;\"><span style=\"color: #000000;\">Segundo o secret\u00e1rio de Infraestrutura H\u00eddrica do Minist\u00e9rio da Integra\u00e7\u00e3o Nacional, Ant\u00f4nio de P\u00e1dua, a estrutura da barragem se mostrou integra durante todo o trabalho de refor\u00e7o.<em><span style=\"color: #0000ff;\"> \u201cO pr\u00f3ximo passo ser\u00e1 a libera\u00e7\u00e3o lenta e gradual da entrada de \u00e1gua no reservat\u00f3rio, com permanente acompanhamento. Isso vai nos permitir avaliar as condi\u00e7\u00f5es de resist\u00eancia do material sob a press\u00e3o provocada pela \u00e1gua\u201d<\/span><\/em>, explica. N\u00e3o est\u00e1 previsto enchimento total da unidade, que tem capacidade m\u00e1xima para 2,6 milh\u00f5es de m\u00b3. O teste ser\u00e1 \u00fatil para a elabora\u00e7\u00e3o do laudo t\u00e9cnico recomendado pelo Minist\u00e9rio P\u00fablico Federal de Monteiro (PE).<\/span><\/p>\n<p style=\"text-align: justify;\"><span style=\"color: #000000;\">P\u00e1dua refor\u00e7a o compromisso de enviar as informa\u00e7\u00f5es solicitadas pelo MPF ainda esta semana, conforme recomenda\u00e7\u00e3o n\u00ba 05\/2017, recebida na \u00faltima sexta-feira.<span style=\"color: #000080;\"><em> \u201cVamos atender \u00e0s recomenda\u00e7\u00f5es como se fossem determina\u00e7\u00f5es da autoridade p\u00fablica. Isso n\u00e3o se discute, cumpre-se\u201d<\/em><\/span>, afirmou.<\/span><\/p>\n<p style=\"text-align: justify;\"><span style=\"color: #000000;\">O secret\u00e1rio destaca que antes mesmo de concluir o laudo, os t\u00e9cnicos que trabalham nas obras de recupera\u00e7\u00e3o do vazamento j\u00e1 est\u00e3o adotando algumas das medidas definidas pelo MPF. Entre elas, est\u00e3o medidas de emerg\u00eancia para controlar o vazamento e estabilizar a barragem, com avalia\u00e7\u00e3o das condi\u00e7\u00f5es da estrutura. Neste item, j\u00e1 foram tomadas as seguintes medidas: o uso de material rochoso de grande volume (pedras com mais de uma tonelada), que funcionaram como selador, ajudando a vedar o ponto de vazamento e estabilizar a barragem; orienta\u00e7\u00e3o da popula\u00e7\u00e3o que reside pr\u00f3xima \u00e0 \u00e1rea do vazamento; intera\u00e7\u00e3o com a Defesa Civil e Prefeituras das regi\u00f5es afetadas; acionamento da Companhia de Energia para desligamento de linhas de transmiss\u00e3o, no sentido de evitar acidentes, dentre outras.<\/span><\/p>\n<p style=\"text-align: justify;\"><span style=\"color: #000000;\">Na \u00e1rea social, mais medidas est\u00e3o sendo implantadas de acordo com o impacto, visando \u00e0 mitiga\u00e7\u00e3o dos danos causados pelo vazamento:<\/span><\/p>\n<p style=\"text-align: justify;\"><strong><span style=\"color: #0000ff;\">Somente uma fam\u00edlia foi removida de sua casa na noite do vazamento e a mesma j\u00e1 retornou \u00e0 sua resid\u00eancia;<\/span><\/strong><\/p>\n<p style=\"text-align: justify;\"><span style=\"color: #000000;\">Cadastramento de todas as fam\u00edlias afetadas pelo vazamento, com vistas a levantar os danos causados em benfeitorias, equipamentos, m\u00f3veis, lavoura e cria\u00e7\u00e3o, para definir futuras indeniza\u00e7\u00f5es;<\/span><\/p>\n<p style=\"text-align: justify;\"><span style=\"color: #000000;\">Cruzamento de dados sociais com cadastro das prefeituras e sindicatos, com vistas a ter o melhor quadro poss\u00edvel de eventuais afetados e danos materiais;<\/span><\/p>\n<p style=\"text-align: justify;\"><strong><span style=\"color: #993300;\">Assistentes sociais est\u00e3o na regi\u00e3o prestando esclarecimentos \u00e0s fam\u00edlias atingidas.<\/span><\/strong><\/p>\n<p style=\"text-align: justify;\"><span style=\"color: #000000;\">O secret\u00e1rio P\u00e1dua destaca que todas as pessoas afetadas est\u00e3o recebendo assist\u00eancia. N\u00e3o h\u00e1 registro de feridos. Desde o primeiro comunicado sobre o vazamento no reservat\u00f3rio, equipes se dedicaram em tempo integral a garantir a seguran\u00e7a das fam\u00edlias que vivem no entorno. T\u00e9cnicos da \u00e1rea Ambiental e de Fiscaliza\u00e7\u00e3o do Projeto est\u00e3o indo pessoalmente &#8211; de casa em casa \u2013 cadastrar e orientar moradores de comunidades na regi\u00e3o.<\/span><\/p>\n<p style=\"text-align: justify;\"><strong><span style=\"color: #000000;\">Seguran\u00e7a<\/span><\/strong><\/p>\n<p style=\"text-align: justify;\"><span style=\"color: #000000;\">O secret\u00e1rio P\u00e1dua destacou o comprometimento do Minist\u00e9rio da Integra\u00e7\u00e3o Nacional com a seguran\u00e7a das obras do Projeto S\u00e3o Francisco e refor\u00e7ou que os servi\u00e7os de vistoria e de monitoramento em todos os trechos do empreendimento s\u00e3o feitos de forma cont\u00ednua. <span style=\"color: #000080;\"><em>\u201cFazemos esse acompanhamento em todos os reservat\u00f3rios, em todas as barragens. N\u00f3s temos leituras di\u00e1rias do comportamento do barramento de cada barragem\u201d<\/em><\/span>, garantiu. Eles destaca que essa \u00e9 uma obra de 2015.<\/span><\/p>\n<p style=\"text-align: justify;\"><strong><span style=\"color: #000000;\">Sobre o reservat\u00f3rio<\/span><\/strong><\/p>\n<p style=\"text-align: justify;\"><span style=\"color: #000000;\">As obras do reservat\u00f3rio Barreiro foram iniciadas em mar\u00e7o de 2014 e finalizadas em setembro de 2015. O in\u00edcio do enchimento se deu em 25 de fevereiro deste ano e a sa\u00edda das \u00e1guas pela estrutura de controle aconteceu no dia 27 do mesmo m\u00eas, totalizando dois dias de enchimento. O reservat\u00f3rio, que tem comprimento de 1,91 km e 14,39 metros de profundidade, possui capacidade de 2.612.000 m\u00b3.<\/span><\/p>\n","protected":false},"excerpt":{"rendered":"<p>Vazamento foi contido e come\u00e7am testes com ingresso controlado de \u00e1gua Bras\u00edlia-DF, Mar\u00e7o, 2017 \u2013 Equipes t\u00e9cnicas do Minist\u00e9rio da Integra\u00e7\u00e3o Nacional conseguiram vedar totalmente o vazamento no reservat\u00f3rio Barreiro, em Sert\u00e2nia (PE). As obras de refor\u00e7o da estrutura da barragem foram realizadas com sucesso ao longo dos dois \u00faltimos dias e contaram com a [&hellip;]<\/p>\n","protected":false},"author":1,"featured_media":5173,"comment_status":"open","ping_status":"open","sticky":false,"template":"","format":"standard","meta":{"_uag_custom_page_level_css":"","footnotes":""},"categories":[31],"tags":[2826,3411,3856,7709,7737,8382,9727,10109,10221,12230],"class_list":["post-5172","post","type-post","status-publish","format-standard","has-post-thumbnail","hentry","category-infraestrutura","tag-construcao-civil","tag-defesa-civil","tag-economia","tag-ministerio-da-integracao-nacional","tag-ministerio-publico-federal-de-monteiro-pe","tag-obras-hidricas","tag-projeto-rio-sao-francisco","tag-regiao-nordeste","tag-reservatorio-barreiro-sertania-pe","tag-vazamento-no-reservatorio"],"blocksy_meta":[],"spectra_blocks_featured_image_url":[],"spectra_blocks_author_info":{"display_name":"Jornal da Constru\u00e7\u00e3o Civil","avatar_url":"https:\/\/secure.gravatar.com\/avatar\/973c9774fd44ddaceb026973c4962faa70fc512bc4c9da68e8ebb40fecee6540?s=96&d=mm&r=g","author_link":"https:\/\/construcaocivil.siriusmarketingedesign.com.br\/?author=1","description":"Desde de 2013, levando muitas informa\u00e7\u00f5es, lan\u00e7amentos e produtos de qualidade para toda cadeia produtiva da constru\u00e7\u00e3o. O Futuro da constru\u00e7\u00e3o passa por aqui,"},"uagb_featured_image_src":{"full":false,"thumbnail":false,"medium":false,"medium_large":false,"large":false,"1536x1536":false,"2048x2048":false},"uagb_author_info":{"display_name":"Jornal da Constru\u00e7\u00e3o Civil","author_link":"https:\/\/construcaocivil.siriusmarketingedesign.com.br\/?author=1"},"uagb_comment_info":0,"uagb_excerpt":"Vazamento foi contido e come\u00e7am testes com ingresso controlado de \u00e1gua Bras\u00edlia-DF, Mar\u00e7o, 2017 \u2013 Equipes t\u00e9cnicas do Minist\u00e9rio da Integra\u00e7\u00e3o Nacional conseguiram vedar totalmente o vazamento no reservat\u00f3rio Barreiro, em Sert\u00e2nia (PE). As obras de refor\u00e7o da estrutura da barragem foram realizadas com sucesso ao longo dos dois \u00faltimos dias e contaram com a&hellip;","_links":{"self":[{"href":"https:\/\/construcaocivil.siriusmarketingedesign.com.br\/index.php?rest_route=\/wp\/v2\/posts\/5172","targetHints":{"allow":["GET"]}}],"collection":[{"href":"https:\/\/construcaocivil.siriusmarketingedesign.com.br\/index.php?rest_route=\/wp\/v2\/posts"}],"about":[{"href":"https:\/\/construcaocivil.siriusmarketingedesign.com.br\/index.php?rest_route=\/wp\/v2\/types\/post"}],"author":[{"embeddable":true,"href":"https:\/\/construcaocivil.siriusmarketingedesign.com.br\/index.php?rest_route=\/wp\/v2\/users\/1"}],"replies":[{"embeddable":true,"href":"https:\/\/construcaocivil.siriusmarketingedesign.com.br\/index.php?rest_route=%2Fwp%2Fv2%2Fcomments&post=5172"}],"version-history":[{"count":0,"href":"https:\/\/construcaocivil.siriusmarketingedesign.com.br\/index.php?rest_route=\/wp\/v2\/posts\/5172\/revisions"}],"wp:attachment":[{"href":"https:\/\/construcaocivil.siriusmarketingedesign.com.br\/index.php?rest_route=%2Fwp%2Fv2%2Fmedia&parent=5172"}],"wp:term":[{"taxonomy":"category","embeddable":true,"href":"https:\/\/construcaocivil.siriusmarketingedesign.com.br\/index.php?rest_route=%2Fwp%2Fv2%2Fcategories&post=5172"},{"taxonomy":"post_tag","embeddable":true,"href":"https:\/\/construcaocivil.siriusmarketingedesign.com.br\/index.php?rest_route=%2Fwp%2Fv2%2Ftags&post=5172"}],"curies":[{"name":"wp","href":"https:\/\/api.w.org\/{rel}","templated":true}]}}