{"id":5198,"date":"2017-03-06T15:45:40","date_gmt":"2017-03-06T18:45:40","guid":{"rendered":"http:\/\/www.jornaldaconstrucaocivil.com.br\/?p=5198"},"modified":"2017-03-06T15:45:40","modified_gmt":"2017-03-06T18:45:40","slug":"integracao-nacional-publica-resultado-da-analise-de-edital-do-eixo-norte","status":"publish","type":"post","link":"https:\/\/construcaocivil.siriusmarketingedesign.com.br\/?p=5198","title":{"rendered":"Integra\u00e7\u00e3o Nacional publica resultado da an\u00e1lise de edital do Eixo Norte"},"content":{"rendered":"<p style=\"text-align: justify;\"><span style=\"color: #000080;\"><em><strong>Empresa Passarelli foi inabilitada pela Comiss\u00e3o Permanente de Licita\u00e7\u00e3o<\/strong><\/em><\/span><\/p>\n<p style=\"text-align: justify;\"><span style=\"color: #000000;\"><span style=\"color: #993300;\">Bras\u00edlia-DF, 6\/3\/2017<\/span> &#8211; O Minist\u00e9rio da Integra\u00e7\u00e3o Nacional publicou o resultado da an\u00e1lise da proposta da empresa classificada em primeiro lugar no processo licitat\u00f3rio de trecho do Eixo Norte do Projeto de Integra\u00e7\u00e3o do Rio S\u00e3o Francisco. A construtora Passarelli Ltda. foi desclassificada pela Comiss\u00e3o Permanente de Licita\u00e7\u00e3o por n\u00e3o atender aos crit\u00e9rios de habilita\u00e7\u00e3o t\u00e9cnica do Edital RDC n\u00ba 07\/2017 no tocante aos itens 14.7.3.2, 14.7.3.4 (item 1) e 14.7.3.7.<\/span><\/p>\n<p style=\"text-align: justify;\"><span style=\"color: #000000;\">O documento est\u00e1 dispon\u00edvel no portal de Compras do Governo Federal (Comprasnet) e no site da Pasta. Com a inabilita\u00e7\u00e3o da primeira colocada, a Comiss\u00e3o reabre nesta segunda-feira (6), \u00e0s 15h, a sess\u00e3o de licita\u00e7\u00e3o para comunicar oficialmente aos demais participantes o resultado da an\u00e1lise t\u00e9cnica e dar continuidade ao processo licitat\u00f3rio.<\/span><\/p>\n<p style=\"text-align: justify;\"><span style=\"color: #000000;\">Este procedimento da Comiss\u00e3o est\u00e1 previsto na Lei n\u00ba 12.462, de agosto de 2011, que institui o Regime Diferenciado de Contrata\u00e7\u00f5es P\u00fablicas (RDC) &#8211; modelo escolhido pelo Minist\u00e9rio em conjunto com Tribunal de Contas da Uni\u00e3o (TCU) e Advocacia-Geral da Uni\u00e3o (AGU) &#8211; para o processo de substitui\u00e7\u00e3o da empresa Mendes J\u00fanior nas obras do Projeto.<\/span><\/p>\n<p style=\"text-align: justify;\"><span style=\"color: #000000;\">A expectativa da Comiss\u00e3o de Licita\u00e7\u00e3o \u00e9 concluir essa fase ainda neste m\u00eas de mar\u00e7o, momento em que tamb\u00e9m dever\u00e1 ocorrer a assinatura do contrato com a empresa vencedora.<\/span><\/p>\n<p style=\"text-align: justify;\"><span style=\"color: #000000;\">Em fevereiro, sete construtoras apresentaram seus lances com o objetivo de retomar as atividades n\u00e3o realizadas pela Mendes J\u00fanior na maior obra de infraestrutura h\u00eddrica do Pa\u00eds. As propostas foram avaliadas pela equipe t\u00e9cnica do Governo Federal, considerando o crit\u00e9rio de maior desconto, nos termos do Art. 19 da Lei n\u00ba 12.462\/2011.<\/span><\/p>\n<p style=\"text-align: justify;\"><span style=\"color: #993300;\"><strong>Entenda o processo<\/strong><\/span><\/p>\n<p style=\"text-align: justify;\">A substitui\u00e7\u00e3o da Mendes J\u00fanior foi iniciada em junho do \u00faltimo ano, depois que a construtora comunicou ao Governo Federal a incapacidade t\u00e9cnica e financeira em executar os seus dois contratos nas obras do Projeto S\u00e3o Francisco. As demais etapas (2N e 3N) do Eixo Norte est\u00e3o em ritmo final de constru\u00e7\u00e3o.<\/p>\n<p style=\"text-align: justify;\"><span style=\"color: #000000;\">O Eixo Norte est\u00e1 previsto para ser conclu\u00eddo no segundo semestre deste ano, ap\u00f3s t\u00e9rmino das obras para a passagem da \u00e1gua do S\u00e3o Francisco. A expectativa \u00e9 atender o reservat\u00f3rio Jati, no Cear\u00e1, em agosto.<\/span><\/p>\n<p style=\"text-align: justify;\"><span style=\"color: #000000;\">O <span style=\"color: #0000ff;\">Projeto de Integra\u00e7\u00e3o do Rio S\u00e3o Francisco<\/span>, composto pelos eixos Norte e Leste, vai beneficiar mais de 12 milh\u00f5es de pessoas em Pernambuco, no Cear\u00e1, na Para\u00edba e no Rio Grande do Norte.\u00a0 No Eixo Leste, as \u00e1guas avan\u00e7am pelas estruturas rumo \u00e0 Para\u00edba e Pernambuco e v\u00e3o beneficiar a popula\u00e7\u00e3o de Monteiro (PB) ainda neste m\u00eas. Depois, seguir\u00e3o pelo rio Para\u00edba at\u00e9 Campina Grande (PB). Leia mais: <strong><span style=\"color: #0000ff;\">\u00a0https:\/\/goo.gl\/iWhXBT<\/span><\/strong><\/span><\/p>\n","protected":false},"excerpt":{"rendered":"<p>Empresa Passarelli foi inabilitada pela Comiss\u00e3o Permanente de Licita\u00e7\u00e3o Bras\u00edlia-DF, 6\/3\/2017 &#8211; O Minist\u00e9rio da Integra\u00e7\u00e3o Nacional publicou o resultado da an\u00e1lise da proposta da empresa classificada em primeiro lugar no processo licitat\u00f3rio de trecho do Eixo Norte do Projeto de Integra\u00e7\u00e3o do Rio S\u00e3o Francisco. A construtora Passarelli Ltda. foi desclassificada pela Comiss\u00e3o Permanente [&hellip;]<\/p>\n","protected":false},"author":1,"featured_media":0,"comment_status":"open","ping_status":"open","sticky":false,"template":"","format":"standard","meta":{"_uag_custom_page_level_css":"","footnotes":""},"categories":[27],"tags":[2950,2953,2963,2972,4002,4003,6112,7709,8268,8382,9682,10130],"class_list":["post-5198","post","type-post","status-publish","format-standard","hentry","category-acontece","tag-construtora-mendes-junior","tag-construtora-passarelli-ltda","tag-construtoras","tag-construtoras-habilitadas","tag-eixo-leste","tag-eixo-norte","tag-infraestrutura-hidrica","tag-ministerio-da-integracao-nacional","tag-novo-processo-de-abertura","tag-obras-hidricas","tag-projeto-de-integracao-do-rio-sao-francisco","tag-regime-diferenciado-de-contratacoes-publicas-rdc"],"blocksy_meta":[],"spectra_blocks_featured_image_url":null,"spectra_blocks_author_info":{"display_name":"Jornal da Constru\u00e7\u00e3o Civil","avatar_url":"https:\/\/secure.gravatar.com\/avatar\/973c9774fd44ddaceb026973c4962faa70fc512bc4c9da68e8ebb40fecee6540?s=96&d=mm&r=g","author_link":"https:\/\/construcaocivil.siriusmarketingedesign.com.br\/?author=1","description":"Desde de 2013, levando muitas informa\u00e7\u00f5es, lan\u00e7amentos e produtos de qualidade para toda cadeia produtiva da constru\u00e7\u00e3o. O Futuro da constru\u00e7\u00e3o passa por aqui,"},"uagb_featured_image_src":{"full":false,"thumbnail":false,"medium":false,"medium_large":false,"large":false,"1536x1536":false,"2048x2048":false},"uagb_author_info":{"display_name":"Jornal da Constru\u00e7\u00e3o Civil","author_link":"https:\/\/construcaocivil.siriusmarketingedesign.com.br\/?author=1"},"uagb_comment_info":0,"uagb_excerpt":"Empresa Passarelli foi inabilitada pela Comiss\u00e3o Permanente de Licita\u00e7\u00e3o Bras\u00edlia-DF, 6\/3\/2017 &#8211; O Minist\u00e9rio da Integra\u00e7\u00e3o Nacional publicou o resultado da an\u00e1lise da proposta da empresa classificada em primeiro lugar no processo licitat\u00f3rio de trecho do Eixo Norte do Projeto de Integra\u00e7\u00e3o do Rio S\u00e3o Francisco. A construtora Passarelli Ltda. foi desclassificada pela Comiss\u00e3o Permanente&hellip;","_links":{"self":[{"href":"https:\/\/construcaocivil.siriusmarketingedesign.com.br\/index.php?rest_route=\/wp\/v2\/posts\/5198","targetHints":{"allow":["GET"]}}],"collection":[{"href":"https:\/\/construcaocivil.siriusmarketingedesign.com.br\/index.php?rest_route=\/wp\/v2\/posts"}],"about":[{"href":"https:\/\/construcaocivil.siriusmarketingedesign.com.br\/index.php?rest_route=\/wp\/v2\/types\/post"}],"author":[{"embeddable":true,"href":"https:\/\/construcaocivil.siriusmarketingedesign.com.br\/index.php?rest_route=\/wp\/v2\/users\/1"}],"replies":[{"embeddable":true,"href":"https:\/\/construcaocivil.siriusmarketingedesign.com.br\/index.php?rest_route=%2Fwp%2Fv2%2Fcomments&post=5198"}],"version-history":[{"count":0,"href":"https:\/\/construcaocivil.siriusmarketingedesign.com.br\/index.php?rest_route=\/wp\/v2\/posts\/5198\/revisions"}],"wp:attachment":[{"href":"https:\/\/construcaocivil.siriusmarketingedesign.com.br\/index.php?rest_route=%2Fwp%2Fv2%2Fmedia&parent=5198"}],"wp:term":[{"taxonomy":"category","embeddable":true,"href":"https:\/\/construcaocivil.siriusmarketingedesign.com.br\/index.php?rest_route=%2Fwp%2Fv2%2Fcategories&post=5198"},{"taxonomy":"post_tag","embeddable":true,"href":"https:\/\/construcaocivil.siriusmarketingedesign.com.br\/index.php?rest_route=%2Fwp%2Fv2%2Ftags&post=5198"}],"curies":[{"name":"wp","href":"https:\/\/api.w.org\/{rel}","templated":true}]}}