{"id":5210,"date":"2017-03-07T14:43:50","date_gmt":"2017-03-07T17:43:50","guid":{"rendered":"http:\/\/www.jornaldaconstrucaocivil.com.br\/?p=5210"},"modified":"2017-03-07T14:43:50","modified_gmt":"2017-03-07T17:43:50","slug":"grupo-astra-comemora-60-anos-com-oito-lancamentos-na-expo-revestir","status":"publish","type":"post","link":"https:\/\/construcaocivil.siriusmarketingedesign.com.br\/?p=5210","title":{"rendered":"Grupo Astra comemora 60 anos com oito lan\u00e7amentos na Expo Revestir"},"content":{"rendered":"<p style=\"text-align: justify;\"><span style=\"color: #000080;\"><em><strong>Uma hist\u00f3ria de sucesso n\u00e3o acontece da noite para o dia, ela \u00e9 resultado de muito esfor\u00e7o e dedica\u00e7\u00e3o, porque a necessidade por itens novos e inovadores cresce avidamente entre clientes e consumidores.<\/strong><\/em><\/span><\/p>\n<p style=\"text-align: justify;\"><span style=\"color: #000000;\"><span style=\"color: #993300;\">Mar\u00e7o, 2017<\/span> &#8211; H\u00e1 60 anos, o Grupo Astra vem mostrando o seu diferencial na qualidade e diversidade de seus produtos. Durante este per\u00edodo, a Astra lan\u00e7ou milhares de itens voltados \u00e0 constru\u00e7\u00e3o civil,motivo mais do que suficiente para iniciar o ano com muitas festividades. No evento Expo Revestir 2017, conhecido como a grife da constru\u00e7\u00e3o no Brasil, a marca mostrar\u00e1 lan\u00e7amentos que v\u00e3o desde pedestais regul\u00e1veis para aplica\u00e7\u00e3o de porcelanato de alta resist\u00eancia at\u00e9 painel de banho com cascata.<\/span><\/p>\n<p style=\"text-align: justify;\"><span style=\"color: #000000;\">A Astra ter\u00e1 novidades para a finaliza\u00e7\u00e3o e acabamento da obra, com itens sofisticados que foram pensados pela equipe de desenvolvimento de produtos da marca, com a inten\u00e7\u00e3o de levar ao consumidor a sensa\u00e7\u00e3o de bem-estar em todos os ambientes.<\/span><\/p>\n<p style=\"text-align: justify;\"><span style=\"color: #000000;\">O estande do Grupo trar\u00e1 as marcas Astra, Japi e Integral, em um espa\u00e7o todo aberto e integrado, para facilitar o acesso do visitante que conseguir\u00e1 conhecer a originalidade do local de exposi\u00e7\u00e3o, que traz a perfeita sinergia entre a\u00e7o inox, pedras, vidro, pl\u00e1stico, \u00e1gua e tecnologia.<\/span><\/p>\n<p><strong>ALTERNATIVA PARA PORCELANATO EM \u00c1REAS EXTERNAS (destaque)<\/strong><\/p>\n<figure id=\"attachment_5211\" aria-describedby=\"caption-attachment-5211\" style=\"width: 257px\" class=\"wp-caption alignleft\"><a href=\"http:\/\/www.jornaldaconstrucaocivil.com.br\/wp-content\/uploads\/2017\/03\/ASTRA.jpg\"><img loading=\"lazy\" decoding=\"async\" class=\"wp-image-5211\" src=\"http:\/\/www.jornaldaconstrucaocivil.com.br\/wp-content\/uploads\/2017\/03\/ASTRA.jpg\" alt=\"ASTRA\" width=\"257\" height=\"188\" \/><\/a><figcaption id=\"caption-attachment-5211\" class=\"wp-caption-text\"><span style=\"color: #993300;\">Divulga\u00e7\u00e3o<\/span><\/figcaption><\/figure>\n<p style=\"text-align: justify;\"><span style=\"color: #000000;\">Astra e Portobello se uniram para apresentar o piso elevado, solu\u00e7\u00e3o para aplica\u00e7\u00e3o de porcelanato de alta resist\u00eancia. O porcelanato Spessoratto da Portobello, que mede 60X60cm e tem 2cm de espessura, \u00e9 aplicado com juntas abertas &#8211; ou seja, sem uso de rejunte &#8211; sobre os pedestais regul\u00e1veis da Astra. Estes s\u00e3o feitos de pl\u00e1stico com estrutura de alt\u00edssima resist\u00eancia mec\u00e2nica, sendo usados para deixar o piso suspenso da laje, criando um v\u00e3o livre que pode variar de 11 a 48 cm. Esse sistema permite total flexibilidade de layout e acesso \u00e0s instala\u00e7\u00f5es sob o piso, inclusive da camada de impermeabiliza\u00e7\u00e3o do piso bruto, al\u00e9m de possibilitar o escoamento e armazenamento tempor\u00e1rio da \u00e1gua da chuva &#8211; condi\u00e7\u00e3o obrigat\u00f3ria em muitos edif\u00edcios e fundamental nos dias atuais.<\/span><\/p>\n<p style=\"text-align: justify;\"><strong><span style=\"color: #000000;\">SOFISTICA\u00c7\u00c3O NA JARDINAGEM<\/span><\/strong><\/p>\n<figure id=\"attachment_5212\" aria-describedby=\"caption-attachment-5212\" style=\"width: 273px\" class=\"wp-caption alignright\"><a href=\"http:\/\/www.jornaldaconstrucaocivil.com.br\/wp-content\/uploads\/2017\/03\/original_AMBIENTADA_FAVO_-_ESCOLHIDA.png\"><img loading=\"lazy\" decoding=\"async\" class=\"wp-image-5212\" src=\"http:\/\/www.jornaldaconstrucaocivil.com.br\/wp-content\/uploads\/2017\/03\/original_AMBIENTADA_FAVO_-_ESCOLHIDA.png\" alt=\"original_AMBIENTADA_FAVO_-_ESCOLHIDA\" width=\"273\" height=\"232\" \/><\/a><figcaption id=\"caption-attachment-5212\" class=\"wp-caption-text\"><span style=\"color: #993300;\">Divulga\u00e7\u00e3o<\/span><\/figcaption><\/figure>\n<p style=\"text-align: justify;\"><span style=\"color: #000000;\">A Japi busca cotidianamente surpreender seus consumidores, e para a Revestir 2017 n\u00e3o foi diferente, a marca trouxe o vaso Favo, inspirado no favo do mel feito pela abelhas, por isso de seu formato hexagonal.\u00a0 O vaso vem para consolidar a tend\u00eancia da marca de lan\u00e7ar itens para inspirar jardins verticais, t\u00e3o aclamados por sua est\u00e9tica inovadora, economia de espa\u00e7o e benef\u00edcio ao ambiente.<\/span><\/p>\n<p style=\"text-align: justify;\"><span style=\"color: #000000;\">O item mede 35cmX30 e \u00e9 modular podendo compor grandes espa\u00e7os ou pequenas paredes, conforme o gosto do consumidor, paisagista ou arquiteto.<\/span><\/p>\n<p><span style=\"color: #993300;\">Servi\u00e7o:<\/span><\/p>\n<p><span style=\"color: #993300;\">Expo Revestir 2017<\/span><\/p>\n<p><span style=\"color: #993300;\">07 a 10 de mar\u00e7o, no Transam\u00e9rica Expo Center (SP)<\/span><\/p>\n<p><span style=\"color: #993300;\">Ter\u00e7a a sexta, das 10h \u00e0s 19h<\/span><\/p>\n<p><span style=\"color: #993300;\">Estande do Grupo Astra: 1010A<\/span><\/p>\n<p>Site:<strong><span style=\"color: #0000ff;\">www.astra-sa.com.br<\/span><\/strong><\/p>\n","protected":false},"excerpt":{"rendered":"<p>Uma hist\u00f3ria de sucesso n\u00e3o acontece da noite para o dia, ela \u00e9 resultado de muito esfor\u00e7o e dedica\u00e7\u00e3o, porque a necessidade por itens novos e inovadores cresce avidamente entre clientes e consumidores. Mar\u00e7o, 2017 &#8211; H\u00e1 60 anos, o Grupo Astra vem mostrando o seu diferencial na qualidade e diversidade de seus produtos. Durante [&hellip;]<\/p>\n","protected":false},"author":1,"featured_media":5212,"comment_status":"open","ping_status":"open","sticky":false,"template":"","format":"standard","meta":{"_uag_custom_page_level_css":"","footnotes":""},"categories":[28],"tags":[224,911,1921,1933,2826,2963,3122,3544,4744,5654,6477,6722,7470,10560],"class_list":["post-5210","post","type-post","status-publish","format-standard","has-post-thumbnail","hentry","category-arquitetura","tag-60-anos-de-comemoracao","tag-arquitetura","tag-casa-de-praia","tag-casa-e-decoracao","tag-construcao-civil","tag-construtoras","tag-cozinhas-e-banheiros","tag-designer-de-interiores","tag-expo-revestir-2017","tag-grupo-astra","tag-jardinagem","tag-lancamentos-de-produtos","tag-mercado","tag-sala-e-copa"],"blocksy_meta":[],"spectra_blocks_featured_image_url":[],"spectra_blocks_author_info":{"display_name":"Jornal da Constru\u00e7\u00e3o Civil","avatar_url":"https:\/\/secure.gravatar.com\/avatar\/973c9774fd44ddaceb026973c4962faa70fc512bc4c9da68e8ebb40fecee6540?s=96&d=mm&r=g","author_link":"https:\/\/construcaocivil.siriusmarketingedesign.com.br\/?author=1","description":"Desde de 2013, levando muitas informa\u00e7\u00f5es, lan\u00e7amentos e produtos de qualidade para toda cadeia produtiva da constru\u00e7\u00e3o. O Futuro da constru\u00e7\u00e3o passa por aqui,"},"uagb_featured_image_src":{"full":false,"thumbnail":false,"medium":false,"medium_large":false,"large":false,"1536x1536":false,"2048x2048":false},"uagb_author_info":{"display_name":"Jornal da Constru\u00e7\u00e3o Civil","author_link":"https:\/\/construcaocivil.siriusmarketingedesign.com.br\/?author=1"},"uagb_comment_info":0,"uagb_excerpt":"Uma hist\u00f3ria de sucesso n\u00e3o acontece da noite para o dia, ela \u00e9 resultado de muito esfor\u00e7o e dedica\u00e7\u00e3o, porque a necessidade por itens novos e inovadores cresce avidamente entre clientes e consumidores. Mar\u00e7o, 2017 &#8211; H\u00e1 60 anos, o Grupo Astra vem mostrando o seu diferencial na qualidade e diversidade de seus produtos. Durante&hellip;","_links":{"self":[{"href":"https:\/\/construcaocivil.siriusmarketingedesign.com.br\/index.php?rest_route=\/wp\/v2\/posts\/5210","targetHints":{"allow":["GET"]}}],"collection":[{"href":"https:\/\/construcaocivil.siriusmarketingedesign.com.br\/index.php?rest_route=\/wp\/v2\/posts"}],"about":[{"href":"https:\/\/construcaocivil.siriusmarketingedesign.com.br\/index.php?rest_route=\/wp\/v2\/types\/post"}],"author":[{"embeddable":true,"href":"https:\/\/construcaocivil.siriusmarketingedesign.com.br\/index.php?rest_route=\/wp\/v2\/users\/1"}],"replies":[{"embeddable":true,"href":"https:\/\/construcaocivil.siriusmarketingedesign.com.br\/index.php?rest_route=%2Fwp%2Fv2%2Fcomments&post=5210"}],"version-history":[{"count":0,"href":"https:\/\/construcaocivil.siriusmarketingedesign.com.br\/index.php?rest_route=\/wp\/v2\/posts\/5210\/revisions"}],"wp:attachment":[{"href":"https:\/\/construcaocivil.siriusmarketingedesign.com.br\/index.php?rest_route=%2Fwp%2Fv2%2Fmedia&parent=5210"}],"wp:term":[{"taxonomy":"category","embeddable":true,"href":"https:\/\/construcaocivil.siriusmarketingedesign.com.br\/index.php?rest_route=%2Fwp%2Fv2%2Fcategories&post=5210"},{"taxonomy":"post_tag","embeddable":true,"href":"https:\/\/construcaocivil.siriusmarketingedesign.com.br\/index.php?rest_route=%2Fwp%2Fv2%2Ftags&post=5210"}],"curies":[{"name":"wp","href":"https:\/\/api.w.org\/{rel}","templated":true}]}}