{"id":5234,"date":"2017-03-08T12:06:39","date_gmt":"2017-03-08T15:06:39","guid":{"rendered":"http:\/\/www.jornaldaconstrucaocivil.com.br\/?p=5234"},"modified":"2017-03-08T12:06:39","modified_gmt":"2017-03-08T15:06:39","slug":"arquitetos-e-urbanistas-declararam-guerra-a-andrade-gutierrez","status":"publish","type":"post","link":"https:\/\/construcaocivil.siriusmarketingedesign.com.br\/?p=5234","title":{"rendered":"Arquitetos e urbanistas declararam guerra \u00e0 Andrade Gutierrez"},"content":{"rendered":"<p style=\"text-align: justify;\"><span style=\"color: #000000;\"><span style=\"color: #993300;\">Mar\u00e7o, 2017 &#8211;<\/span> O Conselho de Arquitetura e Urbanismo do Brasil entrou na Justi\u00e7a Federal de Bras\u00edlia com pedido de susta\u00e7\u00e3o de um dos \u00e1udios de uma campanha publicit\u00e1ria da Andrade Gutierrez, veiculada em emissoras de r\u00e1dio nacionais.\u00a0 Na avalia\u00e7\u00e3o da autarquia, o epis\u00f3dio <span style=\"color: #993300;\">\u201cO contrato vale para todos\u201d<\/span> difama a categoria por caracteriz\u00e1-los como negligentes, imperitos e irrespons\u00e1veis. A a\u00e7\u00e3o movida pelo Conselho diz, ainda, que a empreiteira, envolvida na Lava-Jato, n\u00e3o pode colocar em xeque a idoneidade de toda uma categoria na tentativa de resgatar a pr\u00f3pria credibilidade perdida. O Conselho tamb\u00e9m solicitou repara\u00e7\u00e3o por danos, mediante puni\u00e7\u00e3o, em que a empreiteira dever\u00e1 veicular mensagem publicit\u00e1ria que esclare\u00e7a a sociedade sobre a import\u00e2ncia dos arquitetos e urbanistas na elabora\u00e7\u00e3o de projetos arquitet\u00f4nicos (de edifica\u00e7\u00f5es) e execu\u00e7\u00e3o de obras.<\/span><\/p>\n<p style=\"text-align: justify;\">Fonte: CAU-RJ<\/p>\n","protected":false},"excerpt":{"rendered":"<p>Mar\u00e7o, 2017 &#8211; O Conselho de Arquitetura e Urbanismo do Brasil entrou na Justi\u00e7a Federal de Bras\u00edlia com pedido de susta\u00e7\u00e3o de um dos \u00e1udios de uma campanha publicit\u00e1ria da Andrade Gutierrez, veiculada em emissoras de r\u00e1dio nacionais.\u00a0 Na avalia\u00e7\u00e3o da autarquia, o epis\u00f3dio \u201cO contrato vale para todos\u201d difama a categoria por caracteriz\u00e1-los como [&hellip;]<\/p>\n","protected":false},"author":1,"featured_media":0,"comment_status":"open","ping_status":"open","sticky":false,"template":"","format":"standard","meta":{"_uag_custom_page_level_css":"","footnotes":""},"categories":[27],"tags":[713,909,1760,2015,2016,2775,3919,4716,9742],"class_list":["post-5234","post","type-post","status-publish","format-standard","hentry","category-acontece","tag-andrade-gutierrez","tag-arquitetos-e-urbanistas","tag-campanha-publicitaria-da-andrade-gutierrez","tag-cau-br","tag-cau-rj","tag-conselho-de-arquitetura-e-urbanismo-do-brasil","tag-edificacoes","tag-execucao-de-obras","tag-projetos-arquitetonicos"],"blocksy_meta":[],"spectra_blocks_featured_image_url":null,"spectra_blocks_author_info":{"display_name":"Jornal da Constru\u00e7\u00e3o Civil","avatar_url":"https:\/\/secure.gravatar.com\/avatar\/973c9774fd44ddaceb026973c4962faa70fc512bc4c9da68e8ebb40fecee6540?s=96&d=mm&r=g","author_link":"https:\/\/construcaocivil.siriusmarketingedesign.com.br\/?author=1","description":"Desde de 2013, levando muitas informa\u00e7\u00f5es, lan\u00e7amentos e produtos de qualidade para toda cadeia produtiva da constru\u00e7\u00e3o. O Futuro da constru\u00e7\u00e3o passa por aqui,"},"uagb_featured_image_src":{"full":false,"thumbnail":false,"medium":false,"medium_large":false,"large":false,"1536x1536":false,"2048x2048":false},"uagb_author_info":{"display_name":"Jornal da Constru\u00e7\u00e3o Civil","author_link":"https:\/\/construcaocivil.siriusmarketingedesign.com.br\/?author=1"},"uagb_comment_info":0,"uagb_excerpt":"Mar\u00e7o, 2017 &#8211; O Conselho de Arquitetura e Urbanismo do Brasil entrou na Justi\u00e7a Federal de Bras\u00edlia com pedido de susta\u00e7\u00e3o de um dos \u00e1udios de uma campanha publicit\u00e1ria da Andrade Gutierrez, veiculada em emissoras de r\u00e1dio nacionais.\u00a0 Na avalia\u00e7\u00e3o da autarquia, o epis\u00f3dio \u201cO contrato vale para todos\u201d difama a categoria por caracteriz\u00e1-los como&hellip;","_links":{"self":[{"href":"https:\/\/construcaocivil.siriusmarketingedesign.com.br\/index.php?rest_route=\/wp\/v2\/posts\/5234","targetHints":{"allow":["GET"]}}],"collection":[{"href":"https:\/\/construcaocivil.siriusmarketingedesign.com.br\/index.php?rest_route=\/wp\/v2\/posts"}],"about":[{"href":"https:\/\/construcaocivil.siriusmarketingedesign.com.br\/index.php?rest_route=\/wp\/v2\/types\/post"}],"author":[{"embeddable":true,"href":"https:\/\/construcaocivil.siriusmarketingedesign.com.br\/index.php?rest_route=\/wp\/v2\/users\/1"}],"replies":[{"embeddable":true,"href":"https:\/\/construcaocivil.siriusmarketingedesign.com.br\/index.php?rest_route=%2Fwp%2Fv2%2Fcomments&post=5234"}],"version-history":[{"count":0,"href":"https:\/\/construcaocivil.siriusmarketingedesign.com.br\/index.php?rest_route=\/wp\/v2\/posts\/5234\/revisions"}],"wp:attachment":[{"href":"https:\/\/construcaocivil.siriusmarketingedesign.com.br\/index.php?rest_route=%2Fwp%2Fv2%2Fmedia&parent=5234"}],"wp:term":[{"taxonomy":"category","embeddable":true,"href":"https:\/\/construcaocivil.siriusmarketingedesign.com.br\/index.php?rest_route=%2Fwp%2Fv2%2Fcategories&post=5234"},{"taxonomy":"post_tag","embeddable":true,"href":"https:\/\/construcaocivil.siriusmarketingedesign.com.br\/index.php?rest_route=%2Fwp%2Fv2%2Ftags&post=5234"}],"curies":[{"name":"wp","href":"https:\/\/api.w.org\/{rel}","templated":true}]}}