{"id":5240,"date":"2017-03-08T14:07:02","date_gmt":"2017-03-08T17:07:02","guid":{"rendered":"http:\/\/www.jornaldaconstrucaocivil.com.br\/?p=5240"},"modified":"2017-03-08T14:07:02","modified_gmt":"2017-03-08T17:07:02","slug":"a-cantora-illy-promessa-da-musica-baiana-faz-pocket-show-gratuito-na-casa-ipanema","status":"publish","type":"post","link":"https:\/\/construcaocivil.siriusmarketingedesign.com.br\/?p=5240","title":{"rendered":"A cantora Illy, promessa da m\u00fasica baiana, faz pocket show gratuito na Casa Ipanema"},"content":{"rendered":"<div><span style=\"color: #0000ff;\"><strong><em>Dia Internacional da Mulher com show especial na Casa Ipanema\u00a0<\/em><\/strong><\/span><\/div>\n<div><a href=\"http:\/\/www.jornaldaconstrucaocivil.com.br\/wp-content\/uploads\/2017\/03\/ILLY.png\"><img loading=\"lazy\" decoding=\"async\" class=\"size-full wp-image-5241 alignleft\" src=\"http:\/\/www.jornaldaconstrucaocivil.com.br\/wp-content\/uploads\/2017\/03\/ILLY.png\" alt=\"ILLY\" width=\"214\" height=\"320\" \/><\/a><\/p>\n<p style=\"text-align: justify;\"><span style=\"color: #000000;\"><span style=\"color: #333300;\">Mar\u00e7o, 2017<\/span> &#8211; Illy, que est\u00e1 na trilha sonora da novela Sol Nascente com o single <span style=\"color: #ff0000;\">&#8221;S\u00f3 eu e voc\u00ea&#8221;<\/span> leva para a Casa Ipanema seu repert\u00f3rio que vai de Elis Regina a Maria Beth\u00e2nia.<\/span><\/p>\n<p style=\"text-align: justify;\"><span style=\"color: #000000;\">Ser\u00e1 uma noite de ode a representatividade feminina, com exposi\u00e7\u00e3o de retratos de mulheres que fizeram o Carnaval pelo pa\u00eds feito por fot\u00f3grafos como Juliana Rocha, s\u00f3cia do RioEtc.<\/span><\/p>\n<p style=\"text-align: justify;\"><span style=\"color: #000000;\">O show acontece hoje (8), a partir das 19h.<\/span><\/p>\n<p style=\"text-align: justify;\"><span style=\"color: #000000;\">Fonte: Na Bossa<\/span><\/p>\n<\/div>\n<div><\/div>\n","protected":false},"excerpt":{"rendered":"<p>Dia Internacional da Mulher com show especial na Casa Ipanema\u00a0 Mar\u00e7o, 2017 &#8211; Illy, que est\u00e1 na trilha sonora da novela Sol Nascente com o single &#8221;S\u00f3 eu e voc\u00ea&#8221; leva para a Casa Ipanema seu repert\u00f3rio que vai de Elis Regina a Maria Beth\u00e2nia. Ser\u00e1 uma noite de ode a representatividade feminina, com exposi\u00e7\u00e3o [&hellip;]<\/p>\n","protected":false},"author":1,"featured_media":0,"comment_status":"open","ping_status":"open","sticky":false,"template":"","format":"standard","meta":{"_uag_custom_page_level_css":"","footnotes":""},"categories":[27],"tags":[1944,3615,5891,6383,10375,11063,11290,11969],"class_list":["post-5240","post","type-post","status-publish","format-standard","hentry","category-acontece","tag-casa-ipanema","tag-dia-internacioanal-da-mulher","tag-illy","tag-ipanema","tag-rio-de-janeiro","tag-show-musical","tag-sol-nascente","tag-trilha-sonora"],"blocksy_meta":[],"spectra_blocks_featured_image_url":null,"spectra_blocks_author_info":{"display_name":"Jornal da Constru\u00e7\u00e3o Civil","avatar_url":"https:\/\/secure.gravatar.com\/avatar\/973c9774fd44ddaceb026973c4962faa70fc512bc4c9da68e8ebb40fecee6540?s=96&d=mm&r=g","author_link":"https:\/\/construcaocivil.siriusmarketingedesign.com.br\/?author=1","description":"Desde de 2013, levando muitas informa\u00e7\u00f5es, lan\u00e7amentos e produtos de qualidade para toda cadeia produtiva da constru\u00e7\u00e3o. O Futuro da constru\u00e7\u00e3o passa por aqui,"},"uagb_featured_image_src":{"full":false,"thumbnail":false,"medium":false,"medium_large":false,"large":false,"1536x1536":false,"2048x2048":false},"uagb_author_info":{"display_name":"Jornal da Constru\u00e7\u00e3o Civil","author_link":"https:\/\/construcaocivil.siriusmarketingedesign.com.br\/?author=1"},"uagb_comment_info":0,"uagb_excerpt":"Dia Internacional da Mulher com show especial na Casa Ipanema\u00a0 Mar\u00e7o, 2017 &#8211; Illy, que est\u00e1 na trilha sonora da novela Sol Nascente com o single &#8221;S\u00f3 eu e voc\u00ea&#8221; leva para a Casa Ipanema seu repert\u00f3rio que vai de Elis Regina a Maria Beth\u00e2nia. Ser\u00e1 uma noite de ode a representatividade feminina, com exposi\u00e7\u00e3o&hellip;","_links":{"self":[{"href":"https:\/\/construcaocivil.siriusmarketingedesign.com.br\/index.php?rest_route=\/wp\/v2\/posts\/5240","targetHints":{"allow":["GET"]}}],"collection":[{"href":"https:\/\/construcaocivil.siriusmarketingedesign.com.br\/index.php?rest_route=\/wp\/v2\/posts"}],"about":[{"href":"https:\/\/construcaocivil.siriusmarketingedesign.com.br\/index.php?rest_route=\/wp\/v2\/types\/post"}],"author":[{"embeddable":true,"href":"https:\/\/construcaocivil.siriusmarketingedesign.com.br\/index.php?rest_route=\/wp\/v2\/users\/1"}],"replies":[{"embeddable":true,"href":"https:\/\/construcaocivil.siriusmarketingedesign.com.br\/index.php?rest_route=%2Fwp%2Fv2%2Fcomments&post=5240"}],"version-history":[{"count":0,"href":"https:\/\/construcaocivil.siriusmarketingedesign.com.br\/index.php?rest_route=\/wp\/v2\/posts\/5240\/revisions"}],"wp:attachment":[{"href":"https:\/\/construcaocivil.siriusmarketingedesign.com.br\/index.php?rest_route=%2Fwp%2Fv2%2Fmedia&parent=5240"}],"wp:term":[{"taxonomy":"category","embeddable":true,"href":"https:\/\/construcaocivil.siriusmarketingedesign.com.br\/index.php?rest_route=%2Fwp%2Fv2%2Fcategories&post=5240"},{"taxonomy":"post_tag","embeddable":true,"href":"https:\/\/construcaocivil.siriusmarketingedesign.com.br\/index.php?rest_route=%2Fwp%2Fv2%2Ftags&post=5240"}],"curies":[{"name":"wp","href":"https:\/\/api.w.org\/{rel}","templated":true}]}}