{"id":5250,"date":"2017-03-09T13:54:32","date_gmt":"2017-03-09T16:54:32","guid":{"rendered":"http:\/\/www.jornaldaconstrucaocivil.com.br\/?p=5250"},"modified":"2017-03-09T13:54:32","modified_gmt":"2017-03-09T16:54:32","slug":"sistema-firjan-e-sindicatos-da-construcao-levam-empresarios-fluminenses-a-expo-revestir","status":"publish","type":"post","link":"https:\/\/construcaocivil.siriusmarketingedesign.com.br\/?p=5250","title":{"rendered":"Sistema FIRJAN e sindicatos da Constru\u00e7\u00e3o levam empres\u00e1rios fluminenses \u00e0 Expo Revestir"},"content":{"rendered":"<p style=\"text-align: justify;\"><span style=\"color: #000080;\"><em><strong>Feira em S\u00e3o Paulo \u00e9 apontada como a Fashion Week da Arquitetura e Constru\u00e7\u00e3o<\/strong><\/em><\/span><\/p>\n<p style=\"text-align: justify;\"><span style=\"color: #000000;\"><span style=\"color: #993300;\">Mar\u00e7o, 2017<\/span> &#8211; Promover encontros com novos fornecedores, prospectar futuros clientes e conhecer os principais lan\u00e7amentos em cer\u00e2micas para revestimentos, lou\u00e7as sanit\u00e1rias, metais para cozinha, rochas ornamentais e solu\u00e7\u00f5es para projetos de arquitetura e design de interiores, entre outras novidades, s\u00e3o os principais objetivos da caravana de empres\u00e1rios fluminenses \u00e0 Expo Revestir promovida pelo Sistema FIRJAN e sindicatos do setor da constru\u00e7\u00e3o. A feira, que ocorre at\u00e9 amanh\u00e3 em S\u00e3o Paulo, \u00e9 considerada a fashion week da arquitetura e constru\u00e7\u00e3o no pa\u00eds.<\/span><\/p>\n<p style=\"text-align: justify;\"><span style=\"color: #000000;\">A caravana fluminense, com mais de 70 empres\u00e1rios, foi reunida pelos sindicatos da Ind\u00fastria de M\u00e1rmores, Granitos e Rochas Afins do Estado do Rio de Janeiro (Simagran-Rio), Sindicato das Ind\u00fastrias da Constru\u00e7\u00e3o e do Mobili\u00e1rio de Volta Redonda (Sinduscon-SF) e da Ind\u00fastria da Constru\u00e7\u00e3o Civil do Centro Norte Fluminense (Sinduscon). O grupo visita a feira nesta quinta-feira (9\/3) quando participa tamb\u00e9m do F\u00f3rum Internacional de Arquitetura e Constru\u00e7\u00e3o.<\/span><\/p>\n<p style=\"text-align: justify;\"><span style=\"color: #000000;\">Com 40 mil metros quadrados, em sete pavilh\u00f5es, a feira re\u00fane centenas de expositores da Am\u00e9rica Latina, Estados Unidos e Europa, al\u00e9m do Brasil.<\/span><\/p>\n<p style=\"text-align: justify;\"><span style=\"color: #000000;\">Fonte: ASCOM\/FIRJAN<\/span><\/p>\n","protected":false},"excerpt":{"rendered":"<p>Feira em S\u00e3o Paulo \u00e9 apontada como a Fashion Week da Arquitetura e Constru\u00e7\u00e3o Mar\u00e7o, 2017 &#8211; Promover encontros com novos fornecedores, prospectar futuros clientes e conhecer os principais lan\u00e7amentos em cer\u00e2micas para revestimentos, lou\u00e7as sanit\u00e1rias, metais para cozinha, rochas ornamentais e solu\u00e7\u00f5es para projetos de arquitetura e design de interiores, entre outras novidades, s\u00e3o [&hellip;]<\/p>\n","protected":false},"author":1,"featured_media":0,"comment_status":"open","ping_status":"open","sticky":false,"template":"","format":"standard","meta":{"_uag_custom_page_level_css":"","footnotes":""},"categories":[27],"tags":[911,3542,4193,4744,4877,6026,7045,7470,8287,10327],"class_list":["post-5250","post","type-post","status-publish","format-standard","hentry","category-acontece","tag-arquitetura","tag-designer","tag-empresarios-fluminenses","tag-expo-revestir-2017","tag-fashion-week-da-construcao","tag-industria-da-construcao","tag-loucas-e-metais-sanitarios","tag-mercado","tag-novos-negocios","tag-revestimentos-ceramicos"],"blocksy_meta":[],"spectra_blocks_featured_image_url":null,"spectra_blocks_author_info":{"display_name":"Jornal da Constru\u00e7\u00e3o Civil","avatar_url":"https:\/\/secure.gravatar.com\/avatar\/973c9774fd44ddaceb026973c4962faa70fc512bc4c9da68e8ebb40fecee6540?s=96&d=mm&r=g","author_link":"https:\/\/construcaocivil.siriusmarketingedesign.com.br\/?author=1","description":"Desde de 2013, levando muitas informa\u00e7\u00f5es, lan\u00e7amentos e produtos de qualidade para toda cadeia produtiva da constru\u00e7\u00e3o. O Futuro da constru\u00e7\u00e3o passa por aqui,"},"uagb_featured_image_src":{"full":false,"thumbnail":false,"medium":false,"medium_large":false,"large":false,"1536x1536":false,"2048x2048":false},"uagb_author_info":{"display_name":"Jornal da Constru\u00e7\u00e3o Civil","author_link":"https:\/\/construcaocivil.siriusmarketingedesign.com.br\/?author=1"},"uagb_comment_info":0,"uagb_excerpt":"Feira em S\u00e3o Paulo \u00e9 apontada como a Fashion Week da Arquitetura e Constru\u00e7\u00e3o Mar\u00e7o, 2017 &#8211; Promover encontros com novos fornecedores, prospectar futuros clientes e conhecer os principais lan\u00e7amentos em cer\u00e2micas para revestimentos, lou\u00e7as sanit\u00e1rias, metais para cozinha, rochas ornamentais e solu\u00e7\u00f5es para projetos de arquitetura e design de interiores, entre outras novidades, s\u00e3o&hellip;","_links":{"self":[{"href":"https:\/\/construcaocivil.siriusmarketingedesign.com.br\/index.php?rest_route=\/wp\/v2\/posts\/5250","targetHints":{"allow":["GET"]}}],"collection":[{"href":"https:\/\/construcaocivil.siriusmarketingedesign.com.br\/index.php?rest_route=\/wp\/v2\/posts"}],"about":[{"href":"https:\/\/construcaocivil.siriusmarketingedesign.com.br\/index.php?rest_route=\/wp\/v2\/types\/post"}],"author":[{"embeddable":true,"href":"https:\/\/construcaocivil.siriusmarketingedesign.com.br\/index.php?rest_route=\/wp\/v2\/users\/1"}],"replies":[{"embeddable":true,"href":"https:\/\/construcaocivil.siriusmarketingedesign.com.br\/index.php?rest_route=%2Fwp%2Fv2%2Fcomments&post=5250"}],"version-history":[{"count":0,"href":"https:\/\/construcaocivil.siriusmarketingedesign.com.br\/index.php?rest_route=\/wp\/v2\/posts\/5250\/revisions"}],"wp:attachment":[{"href":"https:\/\/construcaocivil.siriusmarketingedesign.com.br\/index.php?rest_route=%2Fwp%2Fv2%2Fmedia&parent=5250"}],"wp:term":[{"taxonomy":"category","embeddable":true,"href":"https:\/\/construcaocivil.siriusmarketingedesign.com.br\/index.php?rest_route=%2Fwp%2Fv2%2Fcategories&post=5250"},{"taxonomy":"post_tag","embeddable":true,"href":"https:\/\/construcaocivil.siriusmarketingedesign.com.br\/index.php?rest_route=%2Fwp%2Fv2%2Ftags&post=5250"}],"curies":[{"name":"wp","href":"https:\/\/api.w.org\/{rel}","templated":true}]}}