{"id":5275,"date":"2017-03-09T15:46:53","date_gmt":"2017-03-09T18:46:53","guid":{"rendered":"http:\/\/www.jornaldaconstrucaocivil.com.br\/?p=5275"},"modified":"2017-03-09T15:46:53","modified_gmt":"2017-03-09T18:46:53","slug":"elfe-inicia-operacao-no-porto-do-acu-projetando-ampliacao-dos-servicos","status":"publish","type":"post","link":"https:\/\/construcaocivil.siriusmarketingedesign.com.br\/?p=5275","title":{"rendered":"Elfe inicia opera\u00e7\u00e3o no Porto do A\u00e7u projetando amplia\u00e7\u00e3o dos servi\u00e7os"},"content":{"rendered":"<p style=\"text-align: justify;\"><span style=\"color: #000080;\"><strong><em>Empresa \u00e9 especializada em facilities e manuten\u00e7\u00e3o industrial<\/em><\/strong><\/span><\/p>\n<p style=\"text-align: justify;\"><span style=\"color: #000000;\"><span style=\"color: #ff0000;\">Mar\u00e7o, 2017<\/span> &#8211; A Elfe, empresa especializada em facilities e manuten\u00e7\u00e3o industrial, deu in\u00edcio ao contrato com a Prumo Log\u00edstica Global para operar no Porto do A\u00e7u. O megaempreendimento, que est\u00e1 em opera\u00e7\u00e3o desde 2014, conta com terminais portu\u00e1rios (um deles offshore), al\u00e9m de \u00e1rea para instala\u00e7\u00e3o de distrito industrial e para armazenamento de produtos.<\/span><\/p>\n<p style=\"text-align: justify;\"><a href=\"http:\/\/www.jornaldaconstrucaocivil.com.br\/wp-content\/uploads\/2017\/03\/ELFE-II-BLZ.jpg\"><img loading=\"lazy\" decoding=\"async\" class=\"wp-image-5276 alignleft\" src=\"http:\/\/www.jornaldaconstrucaocivil.com.br\/wp-content\/uploads\/2017\/03\/ELFE-II-BLZ-1024x768.jpg\" alt=\"ELFE II BLZ\" width=\"273\" height=\"205\" \/><\/a><\/p>\n<p style=\"text-align: justify;\"><span style=\"color: #000000;\">Os servi\u00e7os, na \u00e1rea de facility, consistem em limpeza, recep\u00e7\u00e3o, manuten\u00e7\u00e3o, coleta de res\u00edduos, mensageira e copa. Os trabalhos s\u00e3o realizados em dois pontos: no escrit\u00f3rio localizado na Gl\u00f3ria, no Rio de Janeiro, e no pr\u00f3prio porto, que fica em S\u00e3o Jo\u00e3o da Barra, munic\u00edpio do norte fluminense.<\/span><\/p>\n<p style=\"text-align: justify;\"><span style=\"color: #000000;\">As atividades desenvolvidas pela Elfe no Porto do A\u00e7u &#8211; que cobre uma \u00e1rea total de 90 km\u00b2 &#8211; s\u00e3o consideradas de alta complexidade, devido \u00e0 log\u00edstica empregada para realiza\u00e7\u00e3o das tarefas nos diversos pontos distribu\u00eddos no complexo portu\u00e1rio.<\/span><\/p>\n<p style=\"text-align: justify;\"><span style=\"color: #000000;\">A empresa se prepara ainda para ampliar os trabalhos no local, oferecendo um hub de servi\u00e7os de facilities e manuten\u00e7\u00e3o industrial, j\u00e1 que o complexo ainda est\u00e1 em fase inicial de opera\u00e7\u00e3o, expandindo-se na medida em que as empresas v\u00eam se instalando no porto.<\/span><\/p>\n<p style=\"text-align: justify;\"><span style=\"color: #000000;\">Para os pr\u00f3ximos anos, h\u00e1 previs\u00e3o de amplia\u00e7\u00e3o do terminal de carga e dragagem do canal de acesso ao terminal de petr\u00f3leo, al\u00e9m da instala\u00e7\u00e3o de um acesso ferrovi\u00e1rio do distrito industrial de S\u00e3o Jo\u00e3o da Barra ao Rio e \u00e0 Vit\u00f3ria. O empreendimento \u00e9 gerido pela Prumo.<\/span><\/p>\n<p style=\"text-align: justify;\"><span style=\"color: #000000;\">Em opera\u00e7\u00e3o desde 1994, a Elfe possui s\u00f3lida experi\u00eancia em servi\u00e7os de opera\u00e7\u00e3o, manuten\u00e7\u00e3o industrial e facilities. Est\u00e1 presente em mais de 30 unidades de explora\u00e7\u00e3o e produ\u00e7\u00e3o offshore, al\u00e9m de seis refinarias. Em facilities, est\u00e1 presente em mais de 10 mil pr\u00e9dios administrativos e t\u00e9cnicos em todo o pa\u00eds.<\/span><\/p>\n<p>&nbsp;<\/p>\n","protected":false},"excerpt":{"rendered":"<p>Empresa \u00e9 especializada em facilities e manuten\u00e7\u00e3o industrial Mar\u00e7o, 2017 &#8211; A Elfe, empresa especializada em facilities e manuten\u00e7\u00e3o industrial, deu in\u00edcio ao contrato com a Prumo Log\u00edstica Global para operar no Porto do A\u00e7u. O megaempreendimento, que est\u00e1 em opera\u00e7\u00e3o desde 2014, conta com terminais portu\u00e1rios (um deles offshore), al\u00e9m de \u00e1rea para instala\u00e7\u00e3o [&hellip;]<\/p>\n","protected":false},"author":1,"featured_media":0,"comment_status":"open","ping_status":"open","sticky":false,"template":"","format":"standard","meta":{"_uag_custom_page_level_css":"","footnotes":""},"categories":[1],"tags":[4074,4732,7187,9131,9474,10115,10648,10940],"class_list":["post-5275","post","type-post","status-publish","format-standard","hentry","category-sem-categoria","tag-elfe","tag-exploracao-offshore","tag-manutencao-industrial","tag-porto-acu","tag-producao-offshore","tag-regiao-norte-fluminense","tag-sao-joao-da-barra-rj","tag-servicos-de-facilities"],"blocksy_meta":[],"spectra_blocks_featured_image_url":null,"spectra_blocks_author_info":{"display_name":"Jornal da Constru\u00e7\u00e3o Civil","avatar_url":"https:\/\/secure.gravatar.com\/avatar\/973c9774fd44ddaceb026973c4962faa70fc512bc4c9da68e8ebb40fecee6540?s=96&d=mm&r=g","author_link":"https:\/\/construcaocivil.siriusmarketingedesign.com.br\/?author=1","description":"Desde de 2013, levando muitas informa\u00e7\u00f5es, lan\u00e7amentos e produtos de qualidade para toda cadeia produtiva da constru\u00e7\u00e3o. O Futuro da constru\u00e7\u00e3o passa por aqui,"},"uagb_featured_image_src":{"full":false,"thumbnail":false,"medium":false,"medium_large":false,"large":false,"1536x1536":false,"2048x2048":false},"uagb_author_info":{"display_name":"Jornal da Constru\u00e7\u00e3o Civil","author_link":"https:\/\/construcaocivil.siriusmarketingedesign.com.br\/?author=1"},"uagb_comment_info":0,"uagb_excerpt":"Empresa \u00e9 especializada em facilities e manuten\u00e7\u00e3o industrial Mar\u00e7o, 2017 &#8211; A Elfe, empresa especializada em facilities e manuten\u00e7\u00e3o industrial, deu in\u00edcio ao contrato com a Prumo Log\u00edstica Global para operar no Porto do A\u00e7u. O megaempreendimento, que est\u00e1 em opera\u00e7\u00e3o desde 2014, conta com terminais portu\u00e1rios (um deles offshore), al\u00e9m de \u00e1rea para instala\u00e7\u00e3o&hellip;","_links":{"self":[{"href":"https:\/\/construcaocivil.siriusmarketingedesign.com.br\/index.php?rest_route=\/wp\/v2\/posts\/5275","targetHints":{"allow":["GET"]}}],"collection":[{"href":"https:\/\/construcaocivil.siriusmarketingedesign.com.br\/index.php?rest_route=\/wp\/v2\/posts"}],"about":[{"href":"https:\/\/construcaocivil.siriusmarketingedesign.com.br\/index.php?rest_route=\/wp\/v2\/types\/post"}],"author":[{"embeddable":true,"href":"https:\/\/construcaocivil.siriusmarketingedesign.com.br\/index.php?rest_route=\/wp\/v2\/users\/1"}],"replies":[{"embeddable":true,"href":"https:\/\/construcaocivil.siriusmarketingedesign.com.br\/index.php?rest_route=%2Fwp%2Fv2%2Fcomments&post=5275"}],"version-history":[{"count":0,"href":"https:\/\/construcaocivil.siriusmarketingedesign.com.br\/index.php?rest_route=\/wp\/v2\/posts\/5275\/revisions"}],"wp:attachment":[{"href":"https:\/\/construcaocivil.siriusmarketingedesign.com.br\/index.php?rest_route=%2Fwp%2Fv2%2Fmedia&parent=5275"}],"wp:term":[{"taxonomy":"category","embeddable":true,"href":"https:\/\/construcaocivil.siriusmarketingedesign.com.br\/index.php?rest_route=%2Fwp%2Fv2%2Fcategories&post=5275"},{"taxonomy":"post_tag","embeddable":true,"href":"https:\/\/construcaocivil.siriusmarketingedesign.com.br\/index.php?rest_route=%2Fwp%2Fv2%2Ftags&post=5275"}],"curies":[{"name":"wp","href":"https:\/\/api.w.org\/{rel}","templated":true}]}}