{"id":529,"date":"2015-12-09T02:12:43","date_gmt":"2015-12-09T02:12:43","guid":{"rendered":"http:\/\/www.jornaldaconstrucaocivil.com.br\/?p=529"},"modified":"2015-12-09T02:12:43","modified_gmt":"2015-12-09T02:12:43","slug":"em-12-meses-setor-da-construcao-perdeu-508-mil-postos-de-trabalho-afirma-sinduscon-sp","status":"publish","type":"post","link":"https:\/\/construcaocivil.siriusmarketingedesign.com.br\/?p=529","title":{"rendered":"Em 12 meses setor da constru\u00e7\u00e3o perdeu 508 mil postos de trabalho, afirma SindusCon-SP"},"content":{"rendered":"<p><strong><span style=\"color: #000000;\"><i>Somente em outubro corte foi de 55,9 mil empregos. Essa \u00e9 a 20\u00aa queda consecutiva<\/i><\/span><\/strong><\/p>\n<p><span style=\"color: #000000;\">A constru\u00e7\u00e3o civil brasileira perdeu 508,2 mil postos de trabalho nos \u00faltimos 12 meses. Os tristes n\u00fameros foram alcan\u00e7ados em outubro ap\u00f3s o corte 55,9 mil vagas pelo setor \u2013 queda de 1,82% na compara\u00e7\u00e3o com o m\u00eas anterior considerando os efeitos sazonais**. Essa \u00e9 a 20\u00aa queda consecutiva do indicador e, com isso, o estoque atual de trabalhadores diminuiu para 3,014 milh\u00f5es.<\/span><\/p>\n<p><span style=\"color: #000000;\">Os dados s\u00e3o da pesquisa realizada pelo Sindicato da Ind\u00fastria da Constru\u00e7\u00e3o Civil do Estado de S\u00e3o Paulo (SindusCon-SP) em parceria com a Funda\u00e7\u00e3o Getulio Vargas (FGV), com base em informa\u00e7\u00f5es do Minist\u00e9rio do Trabalho e do Emprego. Desconsiderando efeitos sazonais, o n\u00famero de vagas fechadas no per\u00edodo \u00e9 de 46,7 mil.<\/span><\/p>\n<p>Diante dos \u00faltimos resultados, o SindusCon-SP estima que at\u00e9 o final de 2015 ser\u00e3o cortados 556 mil postos de trabalho no setor. A proje\u00e7\u00e3o representa uma queda de 16,8% em rela\u00e7\u00e3o ao mesmo per\u00edodo de 2014.<\/p>\n<p><span style=\"color: #000000;\">Para o presidente do sindicato, Jos\u00e9 Romeu Ferraz Neto, a queda cada vez mais acentuada do n\u00edvel de emprego na constru\u00e7\u00e3o\u00a0\u00e9\u00a0resultado direto da crise pol\u00edtica, que solapou a confian\u00e7a dos investidores e das fam\u00edlias e fez a recess\u00e3o atingir em cheio o setor. \u201cO maior prejudicado pelo\u00a0fechamento\u00a0de mais de meio milh\u00e3o de empregos formais na constru\u00e7\u00e3o nos \u00faltimos 12 meses \u00e9 o pa\u00eds. N\u00e3o podemos permitir que esta situa\u00e7\u00e3o continue indefinidamente&#8221;, afirmou.<\/span><\/p>\n<p>Em outubro, o segmento de infraestrutura apresentou a maior retra\u00e7\u00e3o (3,18%), em compara\u00e7\u00e3o a setembro, seguido pelo segmento de imobili\u00e1rio (2,02%). No acumulado do ano, o segmento de infraestrutura apresenta a maior queda (14,23%), seguido pelo segmento imobili\u00e1rio (12,50%).<\/p>\n<p><span style=\"color: #000000;\">A deteriora\u00e7\u00e3o do mercado de trabalho afeta todas as regi\u00f5es do Brasil, sendo que os piores resultados foram observados no Norte (-4,82%), e no Centro-Oeste (-2,39%).<\/span><\/p>\n<table width=\"272\">\n<tbody>\n<tr>\n<td colspan=\"3\" width=\"272\"><span style=\"color: #000000;\"><strong>Emprego por regi\u00f5es do Brasil<br \/>\n(outubro de 2015)**<\/strong><\/span><\/td>\n<\/tr>\n<tr>\n<td width=\"96\"><span style=\"color: #000000;\">Regi\u00e3o<\/span><\/td>\n<td width=\"66\"><span style=\"color: #000000;\">Varia\u00e7\u00e3o mensal (%)<\/span><\/td>\n<td width=\"111\"><span style=\"color: #000000;\">N\u00famero de novas vagas<\/span><\/td>\n<\/tr>\n<tr>\n<td width=\"96\"><span style=\"color: #000000;\">Norte<\/span><\/td>\n<td width=\"66\"><span style=\"color: #000000;\">-4,82<\/span><\/td>\n<td width=\"111\"><span style=\"color: #000000;\">-9.088<\/span><\/td>\n<\/tr>\n<tr>\n<td width=\"96\"><span style=\"color: #000000;\">Nordeste<\/span><\/td>\n<td width=\"66\"><span style=\"color: #000000;\">-1,76<\/span><\/td>\n<td width=\"111\"><span style=\"color: #000000;\">-11.292<\/span><\/td>\n<\/tr>\n<tr>\n<td width=\"96\"><span style=\"color: #000000;\">Sudeste<\/span><\/td>\n<td width=\"66\"><span style=\"color: #000000;\">-1,58<\/span><\/td>\n<td width=\"111\"><span style=\"color: #000000;\">-24.357<\/span><\/td>\n<\/tr>\n<tr>\n<td width=\"96\"><span style=\"color: #000000;\">Sul<\/span><\/td>\n<td width=\"66\"><span style=\"color: #000000;\">-1,21<\/span><\/td>\n<td width=\"111\"><span style=\"color: #000000;\">-5.650<\/span><\/td>\n<\/tr>\n<tr>\n<td width=\"96\"><span style=\"color: #000000;\">Centro-Oeste<\/span><\/td>\n<td width=\"66\"><span style=\"color: #000000;\">-2,39<\/span><\/td>\n<td width=\"111\"><span style=\"color: #000000;\">-5.608<\/span><\/td>\n<\/tr>\n<tr>\n<td width=\"96\"><span style=\"color: #000000;\">Brasil (Total)<\/span><\/td>\n<td width=\"66\"><span style=\"color: #000000;\">-1,82<\/span><\/td>\n<td width=\"111\"><span style=\"color: #000000;\">-55.995<\/span><\/td>\n<\/tr>\n<\/tbody>\n<\/table>\n<p><span style=\"color: #ff0000;\"><em>**Os dados da tabela consideram os fatores sazonais<\/em><\/span><\/p>\n<p><span style=\"color: #000000;\"><strong>Estado de S\u00e3o Paulo<\/strong><\/span><\/p>\n<p><span style=\"color: #000000;\">O emprego caiu 1,31% em outubro em rela\u00e7\u00e3o a setembro, considerando efeitos sazonais, com o corte de 10,4 mil vagas. Desconsiderando a sazonalidade, a queda no per\u00edodo foi de 0,89% (-7 mil vagas). No acumulado ano, a redu\u00e7\u00e3o do n\u00famero de empregados no estado foi de 7,50% em rela\u00e7\u00e3o ao mesmo per\u00edodo de 2014, sendo que novamente \u00e1rea de infraestrutura respondeu pelo pior desempenho (-9,80%). O estoque de trabalhadores caiu para 789 mil.<\/span><\/p>\n<table width=\"359\">\n<tbody>\n<tr>\n<td colspan=\"3\" width=\"359\"><span style=\"color: #000000;\"><strong>Emprego por regi\u00f5es do Estado de S\u00e3o Paulo<\/strong><\/span><\/p>\n<p><span style=\"color: #000000;\"><strong>(outubro de 2015)<\/strong><\/span><\/td>\n<\/tr>\n<tr>\n<td width=\"113\"><span style=\"color: #000000;\">Regi\u00e3o<\/span><\/td>\n<td width=\"113\"><span style=\"color: #000000;\">Varia\u00e7\u00e3o mensal (%)<\/span><\/td>\n<td width=\"132\"><span style=\"color: #000000;\">N\u00famero de novas vagas<\/span><\/td>\n<\/tr>\n<tr>\n<td width=\"113\"><span style=\"color: #000000;\">Sede (capital)<\/span><\/td>\n<td width=\"113\"><span style=\"color: #000000;\">-1,35<\/span><\/td>\n<td width=\"132\"><span style=\"color: #000000;\">-4.977<\/span><\/td>\n<\/tr>\n<tr>\n<td width=\"113\"><span style=\"color: #000000;\">Santo Andr\u00e9<\/span><\/td>\n<td width=\"113\"><span style=\"color: #000000;\">-2,43<\/span><\/td>\n<td width=\"132\"><span style=\"color: #000000;\">-1.084<\/span><\/td>\n<\/tr>\n<tr>\n<td width=\"113\"><span style=\"color: #000000;\">Campinas<\/span><\/td>\n<td width=\"113\"><span style=\"color: #000000;\">-1,32<\/span><\/td>\n<td width=\"132\"><span style=\"color: #000000;\">-1.112<\/span><\/td>\n<\/tr>\n<tr>\n<td width=\"113\"><span style=\"color: #000000;\">Ribeir\u00e3o Preto<\/span><\/td>\n<td width=\"113\"><span style=\"color: #000000;\">-1,17<\/span><\/td>\n<td width=\"132\"><span style=\"color: #000000;\">-590<\/span><\/td>\n<\/tr>\n<tr>\n<td width=\"113\"><span style=\"color: #000000;\">Santos<\/span><\/td>\n<td width=\"113\"><span style=\"color: #000000;\">-2,61<\/span><\/td>\n<td width=\"132\"><span style=\"color: #000000;\">-773<\/span><\/td>\n<\/tr>\n<tr>\n<td width=\"113\"><span style=\"color: #000000;\">Sorocaba<\/span><\/td>\n<td width=\"113\"><span style=\"color: #000000;\">-1,11<\/span><\/td>\n<td width=\"132\"><span style=\"color: #000000;\">-953<\/span><\/td>\n<\/tr>\n<tr>\n<td width=\"113\"><span style=\"color: #000000;\">S\u00e3o Jos\u00e9 dos Campos<\/span><\/td>\n<td width=\"113\"><span style=\"color: #000000;\">-0,53<\/span><\/td>\n<td width=\"132\"><span style=\"color: #000000;\">-387<\/span><\/td>\n<\/tr>\n<tr>\n<td width=\"113\"><span style=\"color: #000000;\">Bauru<\/span><\/td>\n<td width=\"113\"><span style=\"color: #000000;\">-1,21<\/span><\/td>\n<td width=\"132\"><span style=\"color: #000000;\">-299<\/span><\/td>\n<\/tr>\n<tr>\n<td width=\"113\"><span style=\"color: #000000;\">S\u00e3o Jos\u00e9 do Rio Preto<\/span><\/td>\n<td width=\"113\"><span style=\"color: #000000;\">-0,83<\/span><\/td>\n<td width=\"132\"><span style=\"color: #000000;\">-253<\/span><\/td>\n<\/tr>\n<tr>\n<td width=\"113\"><span style=\"color: #000000;\">Presidente Prudente<\/span><\/td>\n<td width=\"113\"><span style=\"color: #000000;\">-0,39<\/span><\/td>\n<td width=\"132\"><span style=\"color: #000000;\">-35<\/span><\/td>\n<\/tr>\n<\/tbody>\n<\/table>\n<p><span style=\"color: #ff0000;\"><em>*A dessazonaliza\u00e7\u00e3o \u00e9 um tratamento estat\u00edstico que tem como objetivo retirar efeitos que tipicamente acontecem em um mesmo per\u00edodo do ano.<\/em><\/span><\/p>\n<p><span style=\"color: #000000;\">Em 12 meses, entre as regionais, Presidente Prudente apresentou a maior queda, de 28,06%. Na capital, que responde por 46% do total de empregos no setor, a retra\u00e7\u00e3o no mesmo comparativo foi de 11,21%.<\/span><\/p>\n<p><span style=\"color: #000000;\">Fonte:\u00a0<b>Assessoria de imprensa SindusCon-SP<\/b><\/span><\/p>\n","protected":false},"excerpt":{"rendered":"<p>Somente em outubro corte foi de 55,9 mil empregos. Essa \u00e9 a 20\u00aa queda consecutiva A constru\u00e7\u00e3o civil brasileira perdeu 508,2 mil postos de trabalho nos \u00faltimos 12 meses. Os tristes n\u00fameros foram alcan\u00e7ados em outubro ap\u00f3s o corte 55,9 mil vagas pelo setor \u2013 queda de 1,82% na compara\u00e7\u00e3o com o m\u00eas anterior considerando [&hellip;]<\/p>\n","protected":false},"author":1,"featured_media":0,"comment_status":"open","ping_status":"open","sticky":false,"template":"","format":"quote","meta":{"_uag_custom_page_level_css":"","footnotes":""},"categories":[27],"tags":[1535,2826,3198,3501,11168],"class_list":["post-529","post","type-post","status-publish","format-quote","hentry","category-acontece","tag-brasil","tag-construcao-civil","tag-crise","tag-desemprego","tag-sinduscon-sp","post_format-post-format-quote"],"blocksy_meta":[],"spectra_blocks_featured_image_url":null,"spectra_blocks_author_info":{"display_name":"Jornal da Constru\u00e7\u00e3o Civil","avatar_url":"https:\/\/secure.gravatar.com\/avatar\/973c9774fd44ddaceb026973c4962faa70fc512bc4c9da68e8ebb40fecee6540?s=96&d=mm&r=g","author_link":"https:\/\/construcaocivil.siriusmarketingedesign.com.br\/?author=1","description":"Desde de 2013, levando muitas informa\u00e7\u00f5es, lan\u00e7amentos e produtos de qualidade para toda cadeia produtiva da constru\u00e7\u00e3o. O Futuro da constru\u00e7\u00e3o passa por aqui,"},"uagb_featured_image_src":{"full":false,"thumbnail":false,"medium":false,"medium_large":false,"large":false,"1536x1536":false,"2048x2048":false},"uagb_author_info":{"display_name":"Jornal da Constru\u00e7\u00e3o Civil","author_link":"https:\/\/construcaocivil.siriusmarketingedesign.com.br\/?author=1"},"uagb_comment_info":0,"uagb_excerpt":"Somente em outubro corte foi de 55,9 mil empregos. Essa \u00e9 a 20\u00aa queda consecutiva A constru\u00e7\u00e3o civil brasileira perdeu 508,2 mil postos de trabalho nos \u00faltimos 12 meses. Os tristes n\u00fameros foram alcan\u00e7ados em outubro ap\u00f3s o corte 55,9 mil vagas pelo setor \u2013 queda de 1,82% na compara\u00e7\u00e3o com o m\u00eas anterior considerando&hellip;","_links":{"self":[{"href":"https:\/\/construcaocivil.siriusmarketingedesign.com.br\/index.php?rest_route=\/wp\/v2\/posts\/529","targetHints":{"allow":["GET"]}}],"collection":[{"href":"https:\/\/construcaocivil.siriusmarketingedesign.com.br\/index.php?rest_route=\/wp\/v2\/posts"}],"about":[{"href":"https:\/\/construcaocivil.siriusmarketingedesign.com.br\/index.php?rest_route=\/wp\/v2\/types\/post"}],"author":[{"embeddable":true,"href":"https:\/\/construcaocivil.siriusmarketingedesign.com.br\/index.php?rest_route=\/wp\/v2\/users\/1"}],"replies":[{"embeddable":true,"href":"https:\/\/construcaocivil.siriusmarketingedesign.com.br\/index.php?rest_route=%2Fwp%2Fv2%2Fcomments&post=529"}],"version-history":[{"count":0,"href":"https:\/\/construcaocivil.siriusmarketingedesign.com.br\/index.php?rest_route=\/wp\/v2\/posts\/529\/revisions"}],"wp:attachment":[{"href":"https:\/\/construcaocivil.siriusmarketingedesign.com.br\/index.php?rest_route=%2Fwp%2Fv2%2Fmedia&parent=529"}],"wp:term":[{"taxonomy":"category","embeddable":true,"href":"https:\/\/construcaocivil.siriusmarketingedesign.com.br\/index.php?rest_route=%2Fwp%2Fv2%2Fcategories&post=529"},{"taxonomy":"post_tag","embeddable":true,"href":"https:\/\/construcaocivil.siriusmarketingedesign.com.br\/index.php?rest_route=%2Fwp%2Fv2%2Ftags&post=529"}],"curies":[{"name":"wp","href":"https:\/\/api.w.org\/{rel}","templated":true}]}}