{"id":5298,"date":"2017-03-10T13:55:18","date_gmt":"2017-03-10T16:55:18","guid":{"rendered":"http:\/\/www.jornaldaconstrucaocivil.com.br\/?p=5298"},"modified":"2017-03-10T13:55:18","modified_gmt":"2017-03-10T16:55:18","slug":"neuroarquitetura-como-melhorar-a-saude-e-os-resultados-dos-profissionais","status":"publish","type":"post","link":"https:\/\/construcaocivil.siriusmarketingedesign.com.br\/?p=5298","title":{"rendered":"Neuroarquitetura: como melhorar a sa\u00fade e os resultados dos profissionais"},"content":{"rendered":"<p style=\"text-align: justify;\"><span style=\"color: #000080;\"><em><strong>Especialistas debatem em S\u00e3o Paulo como transformar ambientes de trabalho em \u00e1reas saud\u00e1veis e menos estressantes para os colaboradores e aumentar a produtividade<\/strong><\/em><\/span><\/p>\n<p style=\"text-align: justify;\"><span style=\"color: #000000;\"><span style=\"color: #993300;\">S\u00e3o Paulo, Mar\u00e7o, 2017<\/span> &#8211; Pesquisa realizada pela OMS (Organiza\u00e7\u00e3o Mundial da Sa\u00fade), mostra que o Brasil \u00e9 o pa\u00eds com mais casos de depress\u00e3o e ansiedade da Am\u00e9rica Latina. Os \u00edndices superam a m\u00e9dia mundial. Nos casos de depress\u00e3o, 5,8% da popula\u00e7\u00e3o nacional \u00e9 atingida. Al\u00e9m disso, a ansiedade afeta\u00a0 milh\u00f5es de pessoas. No Brasil, a taxa \u00e9 de 9,3%. As duas doen\u00e7as s\u00e3o as que mais influenciam a incapacidade das pessoas. O ambiente de trabalho tamb\u00e9m \u00e9 um dos motivos pelos quais as pessoas desenvolvem algum tipo de doen\u00e7a e estudos apontam que a arquitetura, a decora\u00e7\u00e3o e a forma como o ambiente de trabalho \u00e9 organizado podem contribuir para diminuir essas incid\u00eancias. Como melhorar estes ambientes e aumentar a produtividade dos colaboradores \u00e9 o assunto que ser\u00e1 tratado no Insights da Neuroarquitetura para Ambientes de Trabalho mais Produtivos, palestra que ser\u00e1 realizada em <span style=\"color: #993300;\">S\u00e3o Paulo, no dia 14 de mar\u00e7o, no LWM Corporate Center<\/span>.<\/span><\/p>\n<p style=\"text-align: justify;\"><span style=\"color: #000000;\"><span style=\"color: #000080;\"><em>\u201cHoje em dia as empresas investem em qualifica\u00e7\u00e3o profissional, mas o espa\u00e7o f\u00edsico onde essas pessoas desenvolver\u00e3o suas aptid\u00f5es n\u00e3o reflete e n\u00e3o \u00e9 coerente com isso. N\u00e3o adianta capacitar uma pessoa e coloc\u00e1-la para trabalhar em um ambiente desestimulante, a pessoa n\u00e3o dar\u00e1 o melhor dela\u201d<\/em><\/span>, afirma a arquiteta Priscilla Bencke, especialista em ambientes de trabalho, criadora do conceito Qualidade Corporativa no Brasil e organizadora do evento. Segundo Priscilla, existem tr\u00eas coisas que influenciam no desempenho profissional: quanto o profissional sabe sobre o assunto e sua atividade; quanto ele est\u00e1 motivado a fazer isso; e o ambiente f\u00edsico onde ele est\u00e1 inserido. O ambiente de trabalho est\u00e1 ligado ao desempenho profissional, pois cada elemento que o comp\u00f5e desperta diferentes est\u00edmulos nas \u00e1reas do c\u00e9rebro, que colaboram ou n\u00e3o para que ele execute a atividade com excel\u00eancia.<\/span><\/p>\n<p style=\"text-align: justify;\"><span style=\"color: #000000;\">O ambiente pode e deve ser usado como uma ferramenta para a empresa. <span style=\"color: #000080;\"><em>\u201c\u00c9 muito mais f\u00e1cil adequar e modificar o ambiente que fazer isso com uma pessoa. Ent\u00e3o, \u00e9 uma ferramenta dispon\u00edvel e que poucas empresas d\u00e3o conta das possibilidades\u201d,<\/em><\/span> comenta a arquiteta, que tamb\u00e9m ser\u00e1 uma das palestrantes. O objetivo das palestras \u00e9 mostrar aos empres\u00e1rios, arquitetos, projetistas e demais profissionais ligados \u00e0 qualidade no ambiente de trabalho, como a neuroarquitetura pode trazer resultados positivos para a organiza\u00e7\u00e3o. Al\u00e9m de Priscilla, outras duas profissionais, Andrea de Paiva e Mariah Kl\u00fcsener Pinheiro, que estudam a neuroarquitetura, debater\u00e3o o tema em S\u00e3o Paulo, no dia 14 de mar\u00e7o (ter\u00e7a-feira). Os profissionais v\u00e3o trazer explica\u00e7\u00f5es m\u00e9dicas e racionais sobre porque a escolha de determinados elementos no ambiente influenciam nas a\u00e7\u00f5es produtivas do funcion\u00e1rio.<em><span style=\"color: #000080;\"> \u201cIremos mostrar a pr\u00e1tica da neuroarquitetura no ambiente de trabalho. Mostrar porque ambientes de empresas, como o Google, d\u00e3o certo e como esses locais deixam seus funcion\u00e1rios mais criativos, inovadores e produtivos\u201d<\/span><\/em>, explica Priscilla Bencke.<\/span><\/p>\n<p style=\"text-align: justify;\"><span style=\"color: #000000;\">O diferencial das palestras \u00e9 a neuroarquitetura, tema totalmente in\u00e9dito no Brasil. \u201cSe algu\u00e9m hoje se interessar pelo assunto e quer participar de um evento ou discuss\u00e3o sobre isso tem de ir para o exterior. N\u00f3s estamos trazendo isso para o Pa\u00eds de forma exclusiva\u201d, destaca a arquiteta. Os palestrantes j\u00e1 estudam a neuroarquitetura e est\u00e3o envolvidos tanto na parte pr\u00e1tica como acad\u00eamica do tema. <em><span style=\"color: #000080;\">\u201cA id\u00e9ia principal \u00e9 expor o assunto de forma pr\u00e1tica e objetiva, com uma linguagem acess\u00edvel ao profissional de qualquer \u00e1rea sobre conceitos da rela\u00e7\u00e3o da neuroci\u00eancia com a arquitetura\u201d,<\/span><\/em> aponta Priscilla.<\/span><\/p>\n<p style=\"text-align: justify;\"><span style=\"color: #000000;\">O objetivo da arquiteta \u00e9 que a neuroarquitetura seja conhecida dos empres\u00e1rios e de todos que est\u00e3o na escala de decis\u00f5es das empresas, que podem transformar os ambientes de trabalho em \u00e1rea saud\u00e1vel para os colaboradores, para obter melhor desempenho e resultados para as empresas. O evento pretende mostrar refer\u00eancias, empresas que j\u00e1 est\u00e3o aplicando a neuroarquitetura em seus espa\u00e7os f\u00edsicos e apresentar o conceito de espa\u00e7os colaborativos como j\u00e1 ocorre, por exemplo, em empresas da \u00e1rea de tecnologia, que j\u00e1 possuem espa\u00e7os onde os colaboradores desenvolvem outras atividades.<\/span><\/p>\n<p style=\"text-align: justify;\"><span style=\"color: #000000;\"><em><span style=\"color: #000080;\">\u201cTrata-se de um conceito de campus corporativo\u201d<\/span><\/em>, salienta Priscilla. Nestes ambientes, segundo a arquiteta, os funcion\u00e1rios se tornam mais criativos, produtivos e inovadores. \u201cIsso \u00e9 muito estrat\u00e9gico e nos permite tornar profissionais melhores, tudo relacionado ao impacto que esses ambientes t\u00eam nas pessoas. \u00c9 onde entra a neuroci\u00eancia e neuroplasticidade, para enriquecer o ambiente para deixar o c\u00e9rebro das pessoas mais pl\u00e1stico, influenciando diretamente a performance dos profissionais\u201d, aponta Priscilla. A palestra servir\u00e1 para os gestores enxergarem como o espa\u00e7o f\u00edsico est\u00e1 impactando na produtividade das pessoas e que a neuroarquitetura \u00e9 uma ferramenta para adequar o ambiente. Assim, as pessoas passam a produzir melhor e a empresa ganha profissionais mais motivados.<span style=\"color: #000080;\"><em> \u201cNum momento onde as empresas precisam reduzir custos, ganham aquelas que conseguem investir no ambiente de trabalho para que as pessoas sejam mais produtivas\u201d<\/em><\/span>, completa.<\/span><\/p>\n<p><strong><span style=\"color: #000000;\">Confira a agenda:<\/span><\/strong><\/p>\n<p><strong><span style=\"color: #000000;\">Palestra\/Semin\u00e1rio \u2013 Insights da Neuroarquitetura para Ambientes de Trabalho mais Produtivos<\/span><\/strong><\/p>\n<p style=\"text-align: justify;\"><span style=\"color: #000000;\">Estimular um olhar para os ambientes onde as pessoas trabalham e trazer abordagens que comprovam a rela\u00e7\u00e3o de comportamento humano com o meio externo. Oferecer explica\u00e7\u00f5es biol\u00f3gicas e racionais sobre o porqu\u00ea nos sentimentos bem, ou n\u00e3o, em um determinado ambiente e como isso afeta a produtividade em ambientes de trabalho. Todos os participantes receber\u00e3o um certificado digital com carga hor\u00e1ria de 3 horas.<\/span><\/p>\n<p><span style=\"color: #993300;\">LOCAL: LWM Corporate Center \u2013 Audit\u00f3rio<\/span><\/p>\n<p><span style=\"color: #000000;\">ENDERE\u00c7O: Rua George Ohm, 206 \u2013 10\u00b0 Andar \/ Bloco B \u2013 Cidade Mon\u00e7\u00f5es \u2013 S\u00e3o Paulo\/SP<\/span><\/p>\n<p><span style=\"color: #000000;\">DATA: 14\/03\/2017 (ter\u00e7a feira)<\/span><\/p>\n<p><span style=\"color: #000000;\">HOR\u00c1RIO: 08h30 \u00e0s 11h30<\/span><\/p>\n<p><span style=\"color: #000000;\">INVESTIMENTO: 1\u00ba Lote R$ 50,00 \/ 2\u00ba Lote R$ 70,00<\/span><\/p>\n<p><span style=\"color: #000000;\">LINK DE INSCRI\u00c7\u00c3O:<span style=\"text-decoration: underline;\"><span style=\"color: #0000ff; text-decoration: underline;\"> bit.ly\/swtalksSPinsights<\/span><\/span><\/span><\/p>\n","protected":false},"excerpt":{"rendered":"<p>Especialistas debatem em S\u00e3o Paulo como transformar ambientes de trabalho em \u00e1reas saud\u00e1veis e menos estressantes para os colaboradores e aumentar a produtividade S\u00e3o Paulo, Mar\u00e7o, 2017 &#8211; Pesquisa realizada pela OMS (Organiza\u00e7\u00e3o Mundial da Sa\u00fade), mostra que o Brasil \u00e9 o pa\u00eds com mais casos de depress\u00e3o e ansiedade da Am\u00e9rica Latina. Os \u00edndices [&hellip;]<\/p>\n","protected":false},"author":1,"featured_media":0,"comment_status":"open","ping_status":"open","sticky":false,"template":"","format":"standard","meta":{"_uag_custom_page_level_css":"","footnotes":""},"categories":[27],"tags":[669,670,2004,4697,6170,10679,10696],"class_list":["post-5298","post","type-post","status-publish","format-standard","hentry","category-acontece","tag-ambientes-de-trabalho-confortaveis","tag-ambientes-de-trabalho-mais-produtivos","tag-casos-de-depressao-e-ansiedade","tag-evento-neuroarquitetura","tag-insights-da-neuroarquitetura","tag-sao-paulo-sp","tag-saude-do-trabalhador"],"blocksy_meta":[],"spectra_blocks_featured_image_url":null,"spectra_blocks_author_info":{"display_name":"Jornal da Constru\u00e7\u00e3o Civil","avatar_url":"https:\/\/secure.gravatar.com\/avatar\/973c9774fd44ddaceb026973c4962faa70fc512bc4c9da68e8ebb40fecee6540?s=96&d=mm&r=g","author_link":"https:\/\/construcaocivil.siriusmarketingedesign.com.br\/?author=1","description":"Desde de 2013, levando muitas informa\u00e7\u00f5es, lan\u00e7amentos e produtos de qualidade para toda cadeia produtiva da constru\u00e7\u00e3o. O Futuro da constru\u00e7\u00e3o passa por aqui,"},"uagb_featured_image_src":{"full":false,"thumbnail":false,"medium":false,"medium_large":false,"large":false,"1536x1536":false,"2048x2048":false},"uagb_author_info":{"display_name":"Jornal da Constru\u00e7\u00e3o Civil","author_link":"https:\/\/construcaocivil.siriusmarketingedesign.com.br\/?author=1"},"uagb_comment_info":0,"uagb_excerpt":"Especialistas debatem em S\u00e3o Paulo como transformar ambientes de trabalho em \u00e1reas saud\u00e1veis e menos estressantes para os colaboradores e aumentar a produtividade S\u00e3o Paulo, Mar\u00e7o, 2017 &#8211; Pesquisa realizada pela OMS (Organiza\u00e7\u00e3o Mundial da Sa\u00fade), mostra que o Brasil \u00e9 o pa\u00eds com mais casos de depress\u00e3o e ansiedade da Am\u00e9rica Latina. Os \u00edndices&hellip;","_links":{"self":[{"href":"https:\/\/construcaocivil.siriusmarketingedesign.com.br\/index.php?rest_route=\/wp\/v2\/posts\/5298","targetHints":{"allow":["GET"]}}],"collection":[{"href":"https:\/\/construcaocivil.siriusmarketingedesign.com.br\/index.php?rest_route=\/wp\/v2\/posts"}],"about":[{"href":"https:\/\/construcaocivil.siriusmarketingedesign.com.br\/index.php?rest_route=\/wp\/v2\/types\/post"}],"author":[{"embeddable":true,"href":"https:\/\/construcaocivil.siriusmarketingedesign.com.br\/index.php?rest_route=\/wp\/v2\/users\/1"}],"replies":[{"embeddable":true,"href":"https:\/\/construcaocivil.siriusmarketingedesign.com.br\/index.php?rest_route=%2Fwp%2Fv2%2Fcomments&post=5298"}],"version-history":[{"count":0,"href":"https:\/\/construcaocivil.siriusmarketingedesign.com.br\/index.php?rest_route=\/wp\/v2\/posts\/5298\/revisions"}],"wp:attachment":[{"href":"https:\/\/construcaocivil.siriusmarketingedesign.com.br\/index.php?rest_route=%2Fwp%2Fv2%2Fmedia&parent=5298"}],"wp:term":[{"taxonomy":"category","embeddable":true,"href":"https:\/\/construcaocivil.siriusmarketingedesign.com.br\/index.php?rest_route=%2Fwp%2Fv2%2Fcategories&post=5298"},{"taxonomy":"post_tag","embeddable":true,"href":"https:\/\/construcaocivil.siriusmarketingedesign.com.br\/index.php?rest_route=%2Fwp%2Fv2%2Ftags&post=5298"}],"curies":[{"name":"wp","href":"https:\/\/api.w.org\/{rel}","templated":true}]}}