{"id":5309,"date":"2017-03-11T17:43:20","date_gmt":"2017-03-11T20:43:20","guid":{"rendered":"http:\/\/www.jornaldaconstrucaocivil.com.br\/?p=5309"},"modified":"2017-03-11T17:43:20","modified_gmt":"2017-03-11T20:43:20","slug":"almaco-anuncia-plano-de-acoes-para-2017","status":"publish","type":"post","link":"https:\/\/construcaocivil.siriusmarketingedesign.com.br\/?p=5309","title":{"rendered":"ALMACO anuncia plano de a\u00e7\u00f5es para 2017"},"content":{"rendered":"<p><span style=\"color: #000080;\"><em><strong>Atividades ser\u00e3o voltadas \u00e0 capacita\u00e7\u00e3o de m\u00e3o de obra e \u00e0 gera\u00e7\u00e3o de neg\u00f3cios<\/strong><\/em><\/span><\/p>\n<p style=\"text-align: justify;\"><span style=\"color: #000000;\"><span style=\"color: #993300;\">Mar\u00e7o, 2017<\/span> &#8211; L\u00edder na representa\u00e7\u00e3o do setor de comp\u00f3sitos, um tipo de pl\u00e1stico de alta performance, a Associa\u00e7\u00e3o Latino-Americana de Materiais Comp\u00f3sitos (ALMACO) anuncia o seu plano de a\u00e7\u00f5es para 2017. Al\u00e9m dos tradicionais cursos no Centro Tecnol\u00f3gico de Comp\u00f3sitos (CETECOM), organismo que a ALMACO mant\u00e9m em conjunto com o Instituto de Pesquisas Tecnol\u00f3gicas (IPT), a associa\u00e7\u00e3o promover\u00e1 diversas atividades com foco na gera\u00e7\u00e3o de neg\u00f3cios.<\/span><\/p>\n<figure id=\"attachment_5310\" aria-describedby=\"caption-attachment-5310\" style=\"width: 340px\" class=\"wp-caption alignleft\"><a href=\"http:\/\/www.jornaldaconstrucaocivil.com.br\/wp-content\/uploads\/2017\/03\/ALMACO-II.jpg\"><img loading=\"lazy\" decoding=\"async\" class=\"wp-image-5310\" src=\"http:\/\/www.jornaldaconstrucaocivil.com.br\/wp-content\/uploads\/2017\/03\/ALMACO-II.jpg\" alt=\"ALMACO II\" width=\"340\" height=\"276\" \/><\/a><figcaption id=\"caption-attachment-5310\" class=\"wp-caption-text\"><span style=\"color: #993300;\">Capacita\u00e7\u00e3o de m\u00e3o de obra: ALMACO promover\u00e1 16 cursos no CETECOM <\/span><\/figcaption><\/figure>\n<p style=\"text-align: justify;\"><span style=\"color: #000000;\"><em><span style=\"color: #000080;\">\u201cDepois de uma s\u00e9rie de pesquisas realizadas com os nossos associados, identificamos que as duas principais demandas s\u00e3o a capacita\u00e7\u00e3o das equipes operacionais e a aproxima\u00e7\u00e3o com os consumidores das pe\u00e7as de comp\u00f3sitos\u201d<\/span><\/em>, afirma Erika Bernardino, gestora da ALMACO.<\/span><\/p>\n<p style=\"text-align: justify;\"><span style=\"color: #000000;\">Em rela\u00e7\u00e3o aos treinamentos, a ALMACO promover\u00e1 16 cursos no CETECOM ao longo de 2017 \u2013 os temas v\u00e3o desde a introdu\u00e7\u00e3o aos comp\u00f3sitos at\u00e9 as an\u00e1lises de tens\u00f5es, passando pelo detalhamento de diversos processos de moldagem, como infus\u00e3o e RTM. <span style=\"color: #000080;\"><em>\u201cJ\u00e1 a abordagem mercadol\u00f3gica contar\u00e1 com o Dia da Criatividade, evento no qual os moldadores poder\u00e3o usar a infraestrutura do CETECOM para lan\u00e7ar produtos e fazer demonstra\u00e7\u00f5es pr\u00e1ticas\u201d<\/em><\/span>, comenta.<\/span><\/p>\n<p style=\"text-align: justify;\"><span style=\"color: #000000;\">Aos distribuidores de mat\u00e9rias-primas, a ALMACO reservou datas no CETECOM para a organiza\u00e7\u00e3o de caf\u00e9s da manh\u00e3. <em><span style=\"color: #000080;\">\u201cTamb\u00e9m ser\u00e3o oportunidades para que as empresas demonstrem os produtos que comercializam\u201d<\/span><\/em>. E, com o intuito de colaborar com a melhora da gest\u00e3o das companhias associadas, est\u00e3o agendadas para os pr\u00f3ximos meses diversas reuni\u00f5es almo\u00e7o.<em><span style=\"color: #000080;\"> \u201cA primeira, no dia 26\/04, ter\u00e1 como temas a cultura e o desempenho organizacional\u201d<\/span><\/em>.<\/span><\/p>\n<p style=\"text-align: justify;\"><span style=\"color: #000000;\">Resultantes da combina\u00e7\u00e3o entre pol\u00edmeros e refor\u00e7os \u2013 por exemplo, fibras de vidro \u2013, os comp\u00f3sitos s\u00e3o conhecidos pelos elevados \u00edndices de resist\u00eancia mec\u00e2nica e qu\u00edmica. H\u00e1 mais de 50 mil aplica\u00e7\u00f5es catalogadas em todo o mundo, de caixas d&#8217;\u00e1gua, tubos e p\u00e1s e\u00f3licas a pe\u00e7as de barcos, trens e avi\u00f5es.<\/span><\/p>\n<p style=\"text-align: justify;\"><span style=\"color: #000000;\">Para mais informa\u00e7\u00f5es, acesse <span style=\"color: #0000ff;\">www.almaco.org.br<\/span><\/span><\/p>\n","protected":false},"excerpt":{"rendered":"<p>Atividades ser\u00e3o voltadas \u00e0 capacita\u00e7\u00e3o de m\u00e3o de obra e \u00e0 gera\u00e7\u00e3o de neg\u00f3cios Mar\u00e7o, 2017 &#8211; L\u00edder na representa\u00e7\u00e3o do setor de comp\u00f3sitos, um tipo de pl\u00e1stico de alta performance, a Associa\u00e7\u00e3o Latino-Americana de Materiais Comp\u00f3sitos (ALMACO) anuncia o seu plano de a\u00e7\u00f5es para 2017. Al\u00e9m dos tradicionais cursos no Centro Tecnol\u00f3gico de Comp\u00f3sitos [&hellip;]<\/p>\n","protected":false},"author":1,"featured_media":5310,"comment_status":"open","ping_status":"open","sticky":false,"template":"","format":"standard","meta":{"_uag_custom_page_level_css":"","footnotes":""},"categories":[33],"tags":[606,1145,1686,2111,5402,7191,7470,8698,8755,10995,11947,11989],"class_list":["post-5309","post","type-post","status-publish","format-standard","has-post-thumbnail","hentry","category-mercado","tag-almaco","tag-avioes","tag-caixas-dagua","tag-centro-de-tecnologia-em-compositos-cetecom","tag-geracao-de-negocios","tag-mao-de-obra","tag-mercado","tag-pas-eolicas","tag-pecas-de-barcos","tag-setor-de-compositos","tag-trens","tag-tubos"],"blocksy_meta":[],"spectra_blocks_featured_image_url":[],"spectra_blocks_author_info":{"display_name":"Jornal da Constru\u00e7\u00e3o Civil","avatar_url":"https:\/\/secure.gravatar.com\/avatar\/973c9774fd44ddaceb026973c4962faa70fc512bc4c9da68e8ebb40fecee6540?s=96&d=mm&r=g","author_link":"https:\/\/construcaocivil.siriusmarketingedesign.com.br\/?author=1","description":"Desde de 2013, levando muitas informa\u00e7\u00f5es, lan\u00e7amentos e produtos de qualidade para toda cadeia produtiva da constru\u00e7\u00e3o. O Futuro da constru\u00e7\u00e3o passa por aqui,"},"uagb_featured_image_src":{"full":false,"thumbnail":false,"medium":false,"medium_large":false,"large":false,"1536x1536":false,"2048x2048":false},"uagb_author_info":{"display_name":"Jornal da Constru\u00e7\u00e3o Civil","author_link":"https:\/\/construcaocivil.siriusmarketingedesign.com.br\/?author=1"},"uagb_comment_info":0,"uagb_excerpt":"Atividades ser\u00e3o voltadas \u00e0 capacita\u00e7\u00e3o de m\u00e3o de obra e \u00e0 gera\u00e7\u00e3o de neg\u00f3cios Mar\u00e7o, 2017 &#8211; L\u00edder na representa\u00e7\u00e3o do setor de comp\u00f3sitos, um tipo de pl\u00e1stico de alta performance, a Associa\u00e7\u00e3o Latino-Americana de Materiais Comp\u00f3sitos (ALMACO) anuncia o seu plano de a\u00e7\u00f5es para 2017. Al\u00e9m dos tradicionais cursos no Centro Tecnol\u00f3gico de Comp\u00f3sitos&hellip;","_links":{"self":[{"href":"https:\/\/construcaocivil.siriusmarketingedesign.com.br\/index.php?rest_route=\/wp\/v2\/posts\/5309","targetHints":{"allow":["GET"]}}],"collection":[{"href":"https:\/\/construcaocivil.siriusmarketingedesign.com.br\/index.php?rest_route=\/wp\/v2\/posts"}],"about":[{"href":"https:\/\/construcaocivil.siriusmarketingedesign.com.br\/index.php?rest_route=\/wp\/v2\/types\/post"}],"author":[{"embeddable":true,"href":"https:\/\/construcaocivil.siriusmarketingedesign.com.br\/index.php?rest_route=\/wp\/v2\/users\/1"}],"replies":[{"embeddable":true,"href":"https:\/\/construcaocivil.siriusmarketingedesign.com.br\/index.php?rest_route=%2Fwp%2Fv2%2Fcomments&post=5309"}],"version-history":[{"count":0,"href":"https:\/\/construcaocivil.siriusmarketingedesign.com.br\/index.php?rest_route=\/wp\/v2\/posts\/5309\/revisions"}],"wp:attachment":[{"href":"https:\/\/construcaocivil.siriusmarketingedesign.com.br\/index.php?rest_route=%2Fwp%2Fv2%2Fmedia&parent=5309"}],"wp:term":[{"taxonomy":"category","embeddable":true,"href":"https:\/\/construcaocivil.siriusmarketingedesign.com.br\/index.php?rest_route=%2Fwp%2Fv2%2Fcategories&post=5309"},{"taxonomy":"post_tag","embeddable":true,"href":"https:\/\/construcaocivil.siriusmarketingedesign.com.br\/index.php?rest_route=%2Fwp%2Fv2%2Ftags&post=5309"}],"curies":[{"name":"wp","href":"https:\/\/api.w.org\/{rel}","templated":true}]}}