{"id":5312,"date":"2017-03-11T17:51:48","date_gmt":"2017-03-11T20:51:48","guid":{"rendered":"http:\/\/www.jornaldaconstrucaocivil.com.br\/?p=5312"},"modified":"2017-03-11T17:51:48","modified_gmt":"2017-03-11T20:51:48","slug":"nivel-de-confianca-do-construtor-mineiro-alcanca-o-melhor-indice-para-o-mes-de-fevereiro-em-tres-anos","status":"publish","type":"post","link":"https:\/\/construcaocivil.siriusmarketingedesign.com.br\/?p=5312","title":{"rendered":"N\u00edvel de confian\u00e7a do construtor mineiro alcan\u00e7a o melhor \u00edndice para o m\u00eas de fevereiro em tr\u00eas anos"},"content":{"rendered":"<p style=\"text-align: justify;\"><span style=\"color: #000000;\"><span style=\"color: #ff0000;\">Mar\u00e7o, 2017<\/span> &#8211; Em fevereiro, o \u00cdndice de Confian\u00e7a do Empres\u00e1rio da Ind\u00fastria da Constru\u00e7\u00e3o de Minas Gerais (Iceicon-MG) fechou em 47,2 pontos, este \u00e9 o melhor patamar para o m\u00eas desde 2014. Apesar do indicador ainda estar abaixo dos 50 pontos, o \u00edndice apresentou significativa recupera\u00e7\u00e3o frente a fevereiro de 2016, quando estava em 30,4 pontos, uma diferen\u00e7a de 16,8 pontos.<\/span><\/p>\n<p style=\"text-align: justify;\"><span style=\"color: #000000;\">Na compara\u00e7\u00e3o entre fevereiro deste ano e o mesmo m\u00eas de 2016, todos os componentes do Iceicon-MG avan\u00e7aram positivamente. O indicador de condi\u00e7\u00f5es atuais de neg\u00f3cios passou de 22,4 pontos para 38,4 pontos e o das expectativas para os pr\u00f3ximos seis meses, que estava em 34,5 pontos rompeu a barreira do otimismo e fechou o \u00faltimo m\u00eas em 51,5 pontos.<\/span><\/p>\n<p style=\"text-align: justify;\"><span style=\"color: #000000;\"><span style=\"color: #000080;\"><em>&#8220;Aos poucos observamos uma recupera\u00e7\u00e3o do indicador de confian\u00e7a, o que pode ser consequ\u00eancia dos sinais positivos que come\u00e7am a aparecer na economia, como a redu\u00e7\u00e3o da taxa de juros e o controle da infla\u00e7\u00e3o&#8221;<\/em><\/span>, afirma o economista e coordenador sindical do Sinduscon-MG, Daniel Furletti.<\/span><\/p>\n<p style=\"text-align: justify;\"><strong><span style=\"color: #000000;\">Sondagem da Ind\u00fastria da Constru\u00e7\u00e3o de Minas Gerais<\/span><\/strong><\/p>\n<p style=\"text-align: justify;\"><span style=\"color: #000000;\">Em janeiro, o indicador de n\u00edvel de atividade da Constru\u00e7\u00e3o mineira ficou em 35,7 pontos, mostrando um recuo na produ\u00e7\u00e3o e permanecendo abaixo da linha dos 50 pontos desde novembro de 2012. O indicador de emprego tamb\u00e9m ficou abaixo da linha divis\u00f3ria, fechando janeiro em 34,4 pontos.<\/span><\/p>\n<p style=\"text-align: justify;\"><span style=\"color: #000000;\">A Sondagem tamb\u00e9m pesquisou as expectativas dos empres\u00e1rios em rela\u00e7\u00e3o ao desempenho e opera\u00e7\u00f5es da pr\u00f3pria empresa para os pr\u00f3ximos seis meses. O \u00edndice referente ao n\u00edvel de atividade da Ind\u00fastria da Constru\u00e7\u00e3o registrou 45,6 pontos em fevereiro, o indicador de novos empreendimentos e servi\u00e7os fechou em 43,7 pontos, o de compra de insumos e mat\u00e9rias-primas foi de 44,1 pontos e o de investimentos ficou em 24,3 pontos. Por consequ\u00eancia, o resultado do \u00edndice de expectativa de emprego foi de 42,5 pontos, sinalizando uma redu\u00e7\u00e3o no n\u00famero de empregos nos pr\u00f3ximos seis meses.<\/span><\/p>\n<p style=\"text-align: justify;\"><span style=\"color: #000000;\"><span style=\"color: #000080;\"><em>&#8220;O empres\u00e1rio est\u00e1 aos poucos renovando a sua confian\u00e7a no cen\u00e1rio macroecon\u00f4mico e esse fortalecimento poder\u00e1 produzir melhores resultados nos indicadores de expectativas nos pr\u00f3ximos meses e se traduzirem em novos lan\u00e7amentos e gera\u00e7\u00e3o de novos postos de trabalho&#8221;<\/em><\/span>, observa Daniel Furletti.<\/span><\/p>\n<p style=\"text-align: justify;\"><span style=\"color: #000000;\">O \u00cdndice de Confian\u00e7a do Empres\u00e1rio da Ind\u00fastria da Constru\u00e7\u00e3o de Minas Gerais e a Sondagem Ind\u00fastria da Constru\u00e7\u00e3o de Minas Gerais s\u00e3o elaborados pela Assessoria Econ\u00f4mica da Federa\u00e7\u00e3o das Ind\u00fastrias do Estado de Minas Gerais (Fiemg) em conjunto com a Confedera\u00e7\u00e3o Nacional da Ind\u00fastria (CNI) e contam com a parceria do Sindicato da Ind\u00fastria da Constru\u00e7\u00e3o Civil no Estado de Minas Gerais (Sinduscon-MG). Participaram da pesquisa 53 empresas no per\u00edodo de 1\u00ba a 13 de fevereiro.<\/span><\/p>\n<p>&nbsp;<\/p>\n","protected":false},"excerpt":{"rendered":"<p>Mar\u00e7o, 2017 &#8211; Em fevereiro, o \u00cdndice de Confian\u00e7a do Empres\u00e1rio da Ind\u00fastria da Constru\u00e7\u00e3o de Minas Gerais (Iceicon-MG) fechou em 47,2 pontos, este \u00e9 o melhor patamar para o m\u00eas desde 2014. Apesar do indicador ainda estar abaixo dos 50 pontos, o \u00edndice apresentou significativa recupera\u00e7\u00e3o frente a fevereiro de 2016, quando estava em [&hellip;]<\/p>\n","protected":false},"author":1,"featured_media":0,"comment_status":"open","ping_status":"open","sticky":false,"template":"","format":"standard","meta":{"_uag_custom_page_level_css":"","footnotes":""},"categories":[27],"tags":[1340,2369,2735,2826,2963,3856,5048,6012,7672,8132,11118],"class_list":["post-5312","post","type-post","status-publish","format-standard","hentry","category-acontece","tag-belo-horizonte-mg","tag-cni","tag-confianca-na-economia","tag-construcao-civil","tag-construtoras","tag-economia","tag-fiemg","tag-indice-de-confianca-do-empresario-da-industria-da-construcao-de-minas-gerais-iceicon-mg","tag-minas-gerais","tag-nivel-de-confianca-construtor-mineiro","tag-sindicato-da-industria-da-construcao-civil-no-estado-de-minas-gerais-sinduscon-mg"],"blocksy_meta":[],"spectra_blocks_featured_image_url":null,"spectra_blocks_author_info":{"display_name":"Jornal da Constru\u00e7\u00e3o Civil","avatar_url":"https:\/\/secure.gravatar.com\/avatar\/973c9774fd44ddaceb026973c4962faa70fc512bc4c9da68e8ebb40fecee6540?s=96&d=mm&r=g","author_link":"https:\/\/construcaocivil.siriusmarketingedesign.com.br\/?author=1","description":"Desde de 2013, levando muitas informa\u00e7\u00f5es, lan\u00e7amentos e produtos de qualidade para toda cadeia produtiva da constru\u00e7\u00e3o. O Futuro da constru\u00e7\u00e3o passa por aqui,"},"uagb_featured_image_src":{"full":false,"thumbnail":false,"medium":false,"medium_large":false,"large":false,"1536x1536":false,"2048x2048":false},"uagb_author_info":{"display_name":"Jornal da Constru\u00e7\u00e3o Civil","author_link":"https:\/\/construcaocivil.siriusmarketingedesign.com.br\/?author=1"},"uagb_comment_info":0,"uagb_excerpt":"Mar\u00e7o, 2017 &#8211; Em fevereiro, o \u00cdndice de Confian\u00e7a do Empres\u00e1rio da Ind\u00fastria da Constru\u00e7\u00e3o de Minas Gerais (Iceicon-MG) fechou em 47,2 pontos, este \u00e9 o melhor patamar para o m\u00eas desde 2014. Apesar do indicador ainda estar abaixo dos 50 pontos, o \u00edndice apresentou significativa recupera\u00e7\u00e3o frente a fevereiro de 2016, quando estava em&hellip;","_links":{"self":[{"href":"https:\/\/construcaocivil.siriusmarketingedesign.com.br\/index.php?rest_route=\/wp\/v2\/posts\/5312","targetHints":{"allow":["GET"]}}],"collection":[{"href":"https:\/\/construcaocivil.siriusmarketingedesign.com.br\/index.php?rest_route=\/wp\/v2\/posts"}],"about":[{"href":"https:\/\/construcaocivil.siriusmarketingedesign.com.br\/index.php?rest_route=\/wp\/v2\/types\/post"}],"author":[{"embeddable":true,"href":"https:\/\/construcaocivil.siriusmarketingedesign.com.br\/index.php?rest_route=\/wp\/v2\/users\/1"}],"replies":[{"embeddable":true,"href":"https:\/\/construcaocivil.siriusmarketingedesign.com.br\/index.php?rest_route=%2Fwp%2Fv2%2Fcomments&post=5312"}],"version-history":[{"count":0,"href":"https:\/\/construcaocivil.siriusmarketingedesign.com.br\/index.php?rest_route=\/wp\/v2\/posts\/5312\/revisions"}],"wp:attachment":[{"href":"https:\/\/construcaocivil.siriusmarketingedesign.com.br\/index.php?rest_route=%2Fwp%2Fv2%2Fmedia&parent=5312"}],"wp:term":[{"taxonomy":"category","embeddable":true,"href":"https:\/\/construcaocivil.siriusmarketingedesign.com.br\/index.php?rest_route=%2Fwp%2Fv2%2Fcategories&post=5312"},{"taxonomy":"post_tag","embeddable":true,"href":"https:\/\/construcaocivil.siriusmarketingedesign.com.br\/index.php?rest_route=%2Fwp%2Fv2%2Ftags&post=5312"}],"curies":[{"name":"wp","href":"https:\/\/api.w.org\/{rel}","templated":true}]}}