{"id":5341,"date":"2017-03-14T15:00:28","date_gmt":"2017-03-14T18:00:28","guid":{"rendered":"http:\/\/www.jornaldaconstrucaocivil.com.br\/?p=5341"},"modified":"2017-03-14T15:00:28","modified_gmt":"2017-03-14T18:00:28","slug":"maior-concurso-universitario-de-urbanismo-do-pais-abre-inscricoes-para-a-edicao-2017","status":"publish","type":"post","link":"https:\/\/construcaocivil.siriusmarketingedesign.com.br\/?p=5341","title":{"rendered":"Maior concurso universit\u00e1rio de urbanismo do pa\u00eds abre inscri\u00e7\u00f5es para a edi\u00e7\u00e3o 2017"},"content":{"rendered":"<p style=\"text-align: justify;\"><span style=\"color: #000080;\"><em><strong>Promovido pela revista PROJETO em parceria com a Alphaville Urbanismo, o\u00a0 URBAN21 premia os melhores projetos de desenho urbano entre as equipes inscritas, formadas por universit\u00e1rios.<\/strong><\/em><\/span><\/p>\n<p style=\"text-align: justify;\"><span style=\"color: #000000;\"><span style=\"color: #993300;\">Mar\u00e7o, 2017<\/span> &#8211; At\u00e9 o dia 2 de junho de 2017, acad\u00eamicos de Arquitetura e Urbanismo de todas as faculdades e universidades do pa\u00eds podem se inscrever na terceira edi\u00e7\u00e3o do <span style=\"color: #993300;\">URBAN21<\/span>. O concurso, promovido pela revista PROJETO em parceria com a Alphaville Urbanismo, visa incentivar os alunos a desenvolverem projetos urbanos que tragam novas ideias sobre mobilidade, densidade, infraestrutura e transporte, al\u00e9m das edifica\u00e7\u00f5es no entorno, em \u00e1reas urbanas existentes nos munic\u00edpios brasileiros.<\/span><\/p>\n<p style=\"text-align: justify;\"><span style=\"color: #000000;\">O primeiro lugar leva um pr\u00eamio de R$ 10 mil e participa de um workshop na sede da Alphaville Urbanismo. J\u00e1 para o segundo lugar, o pr\u00eamio \u00e9 de R$ 6 mil e conta tamb\u00e9m com o mesmo workshop. Al\u00e9m disso, os professores orientadores das duas equipes vencedoras ganham um Ipad Mini.<\/span><\/p>\n<p style=\"text-align: justify;\"><span style=\"color: #000000;\">Em 2016, a equipe vencedora elaborou um projeto para a revitaliza\u00e7\u00e3o de uma \u00e1rea na Tijuca, no Rio de Janeiro, entre as esta\u00e7\u00f5es de metr\u00f4 S\u00e3o Francisco Xavier e Saens Pe\u00f1a, uma regi\u00e3o que tinha passado por um processo de degrada\u00e7\u00e3o ao longo dos anos, com v\u00e1rios lotes murados e vazios. O planejamento feito pelos estudantes previa exatamente a integra\u00e7\u00e3o desses lotes com o espa\u00e7o p\u00fablico, priorizando a preserva\u00e7\u00e3o ambiental e o uso de diferentes modais de transporte.<\/span><\/p>\n<p style=\"text-align: justify;\"><span style=\"color: #000000;\">J\u00e1 em 2015, os grandes campe\u00f5es foram os estudantes do Centro Universit\u00e1rio Univates, de Lajeado (RS). Eles elaboraram um projeto para o Baixo 4\u00ba Distrito, uma regi\u00e3o de 24 hectares em Porto Alegre. A proposta urban\u00edstica previa ruas com \u00e1reas verdes ampliadas e espa\u00e7os onde se priorizava a circula\u00e7\u00e3o de pedestres.<\/span><\/p>\n<p style=\"text-align: justify;\"><span style=\"color: #000000;\">As inscri\u00e7\u00f5es podem ser feitas pelo site do concurso, a partir do link\u00a0<span style=\"text-decoration: underline;\"><span style=\"color: #0000ff; text-decoration: underline;\"><strong>\u00a0<\/strong><a style=\"color: #0000ff; text-decoration: underline;\" href=\"http:\/\/www.urban21.org\/\" target=\"_blank\" rel=\"noreferrer\"><strong>www.urban21.org<\/strong><\/a><\/span><\/span><\/span><\/p>\n","protected":false},"excerpt":{"rendered":"<p>Promovido pela revista PROJETO em parceria com a Alphaville Urbanismo, o\u00a0 URBAN21 premia os melhores projetos de desenho urbano entre as equipes inscritas, formadas por universit\u00e1rios. Mar\u00e7o, 2017 &#8211; At\u00e9 o dia 2 de junho de 2017, acad\u00eamicos de Arquitetura e Urbanismo de todas as faculdades e universidades do pa\u00eds podem se inscrever na terceira [&hellip;]<\/p>\n","protected":false},"author":1,"featured_media":0,"comment_status":"open","ping_status":"open","sticky":false,"template":"","format":"standard","meta":{"_uag_custom_page_level_css":"","footnotes":""},"categories":[27],"tags":[611,2675,3439,3919,4522,6096,7771,8007,9355,11883,12118],"class_list":["post-5341","post","type-post","status-publish","format-standard","hentry","category-acontece","tag-alphaville-urbanismo","tag-concurso-universitario-de-urbanismo","tag-densidade","tag-edificacoes","tag-espaco-publico","tag-infraestrutura","tag-mobilidade","tag-municipios-brasilieros","tag-preservacao-ambiental","tag-transporte","tag-urban21"],"blocksy_meta":[],"spectra_blocks_featured_image_url":null,"spectra_blocks_author_info":{"display_name":"Jornal da Constru\u00e7\u00e3o Civil","avatar_url":"https:\/\/secure.gravatar.com\/avatar\/973c9774fd44ddaceb026973c4962faa70fc512bc4c9da68e8ebb40fecee6540?s=96&d=mm&r=g","author_link":"https:\/\/construcaocivil.siriusmarketingedesign.com.br\/?author=1","description":"Desde de 2013, levando muitas informa\u00e7\u00f5es, lan\u00e7amentos e produtos de qualidade para toda cadeia produtiva da constru\u00e7\u00e3o. O Futuro da constru\u00e7\u00e3o passa por aqui,"},"uagb_featured_image_src":{"full":false,"thumbnail":false,"medium":false,"medium_large":false,"large":false,"1536x1536":false,"2048x2048":false},"uagb_author_info":{"display_name":"Jornal da Constru\u00e7\u00e3o Civil","author_link":"https:\/\/construcaocivil.siriusmarketingedesign.com.br\/?author=1"},"uagb_comment_info":0,"uagb_excerpt":"Promovido pela revista PROJETO em parceria com a Alphaville Urbanismo, o\u00a0 URBAN21 premia os melhores projetos de desenho urbano entre as equipes inscritas, formadas por universit\u00e1rios. Mar\u00e7o, 2017 &#8211; At\u00e9 o dia 2 de junho de 2017, acad\u00eamicos de Arquitetura e Urbanismo de todas as faculdades e universidades do pa\u00eds podem se inscrever na terceira&hellip;","_links":{"self":[{"href":"https:\/\/construcaocivil.siriusmarketingedesign.com.br\/index.php?rest_route=\/wp\/v2\/posts\/5341","targetHints":{"allow":["GET"]}}],"collection":[{"href":"https:\/\/construcaocivil.siriusmarketingedesign.com.br\/index.php?rest_route=\/wp\/v2\/posts"}],"about":[{"href":"https:\/\/construcaocivil.siriusmarketingedesign.com.br\/index.php?rest_route=\/wp\/v2\/types\/post"}],"author":[{"embeddable":true,"href":"https:\/\/construcaocivil.siriusmarketingedesign.com.br\/index.php?rest_route=\/wp\/v2\/users\/1"}],"replies":[{"embeddable":true,"href":"https:\/\/construcaocivil.siriusmarketingedesign.com.br\/index.php?rest_route=%2Fwp%2Fv2%2Fcomments&post=5341"}],"version-history":[{"count":0,"href":"https:\/\/construcaocivil.siriusmarketingedesign.com.br\/index.php?rest_route=\/wp\/v2\/posts\/5341\/revisions"}],"wp:attachment":[{"href":"https:\/\/construcaocivil.siriusmarketingedesign.com.br\/index.php?rest_route=%2Fwp%2Fv2%2Fmedia&parent=5341"}],"wp:term":[{"taxonomy":"category","embeddable":true,"href":"https:\/\/construcaocivil.siriusmarketingedesign.com.br\/index.php?rest_route=%2Fwp%2Fv2%2Fcategories&post=5341"},{"taxonomy":"post_tag","embeddable":true,"href":"https:\/\/construcaocivil.siriusmarketingedesign.com.br\/index.php?rest_route=%2Fwp%2Fv2%2Ftags&post=5341"}],"curies":[{"name":"wp","href":"https:\/\/api.w.org\/{rel}","templated":true}]}}