{"id":5347,"date":"2017-03-14T15:31:42","date_gmt":"2017-03-14T18:31:42","guid":{"rendered":"http:\/\/www.jornaldaconstrucaocivil.com.br\/?p=5347"},"modified":"2017-03-14T15:31:42","modified_gmt":"2017-03-14T18:31:42","slug":"instituto-mrv-lanca-educar-para-transformar-2a-chamada-publica-de-projetos","status":"publish","type":"post","link":"https:\/\/construcaocivil.siriusmarketingedesign.com.br\/?p=5347","title":{"rendered":"Instituto MRV lan\u00e7a Educar para Transformar \u2013 2\u00aa Chamada P\u00fablica de Projetos"},"content":{"rendered":"<p style=\"text-align: justify;\"><span style=\"color: #000080;\"><em><strong>Projetos sociais na \u00e1rea da educa\u00e7\u00e3o das 144 cidades onde a MRV possui neg\u00f3cios podem se inscrever<\/strong><\/em><\/span><\/p>\n<p style=\"text-align: justify;\"><span style=\"color: #000000;\"><span style=\"color: #993300;\">Mar\u00e7o, 2017<\/span> &#8211; O Instituto MRV, organiza\u00e7\u00e3o sem fins lucrativos fundado pela MRV Engenharia, promove at\u00e9 o dia 22 de mar\u00e7o a segunda Chamada P\u00fablica para o patroc\u00ednio de projetos sociais na \u00e1rea da educa\u00e7\u00e3o, com foco em esporte, meio ambiente e cultura. Este ano o Instituto usa o mote <span style=\"color: #993300;\">&#8220;Educar para Transformar&#8221;<\/span>, uma vez que todos os projetos apoiados pela institui\u00e7\u00e3o devem ter como foco a educa\u00e7\u00e3o.<\/span><\/p>\n<p style=\"text-align: justify;\"><span style=\"color: #000000;\">Para a MRV Engenharia, investir em responsabilidade social \u00e9 t\u00e3o importante quanto garantir o sonho da casa pr\u00f3pria para milhares de brasileiros, e \u00e9 por esse motivo que o Instituto MRV est\u00e1 convidando institui\u00e7\u00f5es sem fins lucrativos e pessoas f\u00edsicas a partir de 18 anos das 144 cidades onde a companhia tem empreendimentos a apresentar proposta de projeto social para concorrer ao patroc\u00ednio de R$ 70 mil.<\/span><\/p>\n<p style=\"text-align: justify;\"><span style=\"color: #000000;\">As inscri\u00e7\u00f5es podem ser realizadas at\u00e9 \u00e0s 18 horas do dia 22 de mar\u00e7o, por meio de um formul\u00e1rio dispon\u00edvel no site da institui\u00e7\u00e3o :<span style=\"text-decoration: underline;\"><span style=\"color: #0000ff; text-decoration: underline;\"><a style=\"color: #0000ff; text-decoration: underline;\" href=\"https:\/\/urldefense.proofpoint.com\/v2\/url?u=http-3A__www.institutomrv.com.br&amp;d=DwMFAw&amp;c=5oszCido4egZ9x-32Pvn-g&amp;r=_hmKdPlcinou9hHIALGEXQ1wM8aWBarqiI6B_-UGkVU&amp;m=-W5kDYsCsXt28HsJFTMIfCQqGjo1FUasODfqkwcrviA&amp;s=XpH_J9XJdjXQQTmVjq6-qlaOX8ZDj9DjGlvd5oaUAuU&amp;e=\" target=\"_blank\" rel=\"noreferrer\">www.institutomrv.com.br<\/a>.\u00a0<\/span><\/span><\/span><\/p>\n<p style=\"text-align: justify;\"><span style=\"color: #000000;\">O processo de aprova\u00e7\u00e3o dos projetos passar\u00e1 por uma Comiss\u00e3o Avaliadora e ser\u00e3o levados em considera\u00e7\u00e3o crit\u00e9rios como:<\/span><\/p>\n<p style=\"text-align: justify;\"><strong><span style=\"color: #993300;\">*\u00a0\u00a0\u00a0\u00a0\u00a0 Alinhamento do projeto com a realidade da comunidade e \u00e1reas de atua\u00e7\u00e3o do Programa<\/span><\/strong><\/p>\n<p style=\"text-align: justify;\"><strong><span style=\"color: #993300;\">*\u00a0\u00a0\u00a0 Viabilidade t\u00e9cnica e financeira do projeto<\/span><\/strong><\/p>\n<p style=\"text-align: justify;\"><strong><span style=\"color: #993300;\">*\u00a0\u00a0 Compatibilidade de cronograma do projeto com dura\u00e7\u00e3o do Programa<\/span><\/strong><\/p>\n<p style=\"text-align: justify;\"><strong><span style=\"color: #993300;\">*\u00a0\u00a0 Motiva\u00e7\u00e3o<\/span><\/strong><\/p>\n<p style=\"text-align: justify;\"><strong><span style=\"color: #993300;\">*\u00a0\u00a0 Potencial inovador do projeto<\/span><\/strong><\/p>\n<p style=\"text-align: justify;\"><span style=\"color: #000000;\">Os projetos selecionados ser\u00e3o disponibilizados para vota\u00e7\u00e3o popular atrav\u00e9s do site do Instituto. A vota\u00e7\u00e3o ocorrer\u00e1 entre os dias 01 e 07 de maio e no dia 9 de maio, o Instituto MRV divulgar\u00e1 os quatro projetos mais votados pelo p\u00fablico que receber\u00e3o cada um a quantia de R$70 mil.<\/span><\/p>\n<p style=\"text-align: justify;\"><span style=\"color: #000000;\">Os respons\u00e1veis pelos projetos selecionados passar\u00e3o por um treinamento na sede da MRV Engenharia, em Belo Horizonte, que vai capacit\u00e1-los para desenvolver o projeto contemplado. No ano passado, os projetos que receberam o apoio do Instituto MRV foram:<\/span><\/p>\n<p style=\"text-align: justify;\"><span style=\"color: #000000;\">O <strong><span style=\"color: #0000ff;\">&#8220;Projeto Viver Basquete&#8221;<\/span><\/strong>, com a atua\u00e7\u00e3o em Nova Lima, investiu o valor recebido no ensino de esporte a crian\u00e7as e jovens, oferecendo uma alternativa saud\u00e1vel contra a viol\u00eancia, possibilitando novas perspectivas para essas pessoas. As atividades conseguiram impactar diretamente 75 crian\u00e7as e adolescentes.<\/span><\/p>\n<p style=\"text-align: justify;\"><span style=\"color: #000000;\">J\u00e1 o <strong><span style=\"color: #0000ff;\">&#8220;Aprendizagem Criativa&#8221;<\/span><\/strong> trabalhou com oficinas para aproxima\u00e7\u00e3o de ci\u00eancia e artes, por meio do desenvolvimento de projetos coletivos em bibliotecas, museus e parques da cidade de S\u00e3o Paulo. Foram realizados 14 oficinas em tr\u00eas escolas impactando 5.010 educandos.<\/span><\/p>\n<p style=\"text-align: justify;\"><span style=\"color: #000000;\">O Projeto <strong><span style=\"color: #0000ff;\">&#8220;Oportunidade para Brilhar&#8221;<\/span><\/strong> atua em Nova Contagem, na Regi\u00e3o Metropolitana de Belo Horizonte, e contribui para a prote\u00e7\u00e3o de direitos das crian\u00e7as e adolescentes expostas a vulnerabilidade social, por meio de atividades esportivas, realizadas fora do turno escolar. As a\u00e7\u00f5es impactaram diretamente 1.067 pessoas, envolvidas em atividades como tae-kwon-do, futsal e basquete.<\/span><\/p>\n<p style=\"text-align: justify;\"><span style=\"color: #000000;\">O <strong><span style=\"color: #0000ff;\">&#8220;Cora\u00e7\u00e3o da Terra&#8221;<\/span><\/strong>, com sede em Belo Horizonte, trabalhou com educa\u00e7\u00e3o ambiental, oferecendo oficinas sobre a conscientiza\u00e7\u00e3o ambiental, t\u00e9cnicas de utiliza\u00e7\u00e3o da terra como pigmento para o desenvolvimento e oficina de compostagem. O projeto conseguiu impactar 120 pessoas, entre crian\u00e7as, adolescentes e adultos.<\/span><\/p>\n<p style=\"text-align: justify;\"><span style=\"color: #993300;\"><strong>Sobre o Instituto MRV<\/strong><\/span><\/p>\n<p style=\"text-align: justify;\"><span style=\"color: #000000;\">Fundado em 2014, o Instituto MRV \u00e9 respons\u00e1vel pelo gerenciamento de projetos voltados para a educa\u00e7\u00e3o e preserva\u00e7\u00e3o ambiental em todo o Brasil. A institui\u00e7\u00e3o atua investindo em projetos e parcerias que podem auxiliar as comunidades onde atua, al\u00e9m de incentivar o voluntariado dos mais de 25 mil colaboradores da MRV Engenharia.<\/span><\/p>\n","protected":false},"excerpt":{"rendered":"<p>Projetos sociais na \u00e1rea da educa\u00e7\u00e3o das 144 cidades onde a MRV possui neg\u00f3cios podem se inscrever Mar\u00e7o, 2017 &#8211; O Instituto MRV, organiza\u00e7\u00e3o sem fins lucrativos fundado pela MRV Engenharia, promove at\u00e9 o dia 22 de mar\u00e7o a segunda Chamada P\u00fablica para o patroc\u00ednio de projetos sociais na \u00e1rea da educa\u00e7\u00e3o, com foco em [&hellip;]<\/p>\n","protected":false},"author":1,"featured_media":0,"comment_status":"open","ping_status":"open","sticky":false,"template":"","format":"standard","meta":{"_uag_custom_page_level_css":"","footnotes":""},"categories":[27],"tags":[812,3079,3965,3966,3973,4549,6157,6240,7959,8477,9779],"class_list":["post-5347","post","type-post","status-publish","format-standard","hentry","category-acontece","tag-aprendizagem-criativa","tag-coracao-da-terra","tag-educacao","tag-educacao-ambiental","tag-educar-para-transformar","tag-esportes","tag-inscricoes-abertas","tag-instituto-mrv","tag-mrv-engenharia","tag-oportunidade-para-brilhar","tag-projetos-sociais"],"blocksy_meta":[],"spectra_blocks_featured_image_url":null,"spectra_blocks_author_info":{"display_name":"Jornal da Constru\u00e7\u00e3o Civil","avatar_url":"https:\/\/secure.gravatar.com\/avatar\/973c9774fd44ddaceb026973c4962faa70fc512bc4c9da68e8ebb40fecee6540?s=96&d=mm&r=g","author_link":"https:\/\/construcaocivil.siriusmarketingedesign.com.br\/?author=1","description":"Desde de 2013, levando muitas informa\u00e7\u00f5es, lan\u00e7amentos e produtos de qualidade para toda cadeia produtiva da constru\u00e7\u00e3o. O Futuro da constru\u00e7\u00e3o passa por aqui,"},"uagb_featured_image_src":{"full":false,"thumbnail":false,"medium":false,"medium_large":false,"large":false,"1536x1536":false,"2048x2048":false},"uagb_author_info":{"display_name":"Jornal da Constru\u00e7\u00e3o Civil","author_link":"https:\/\/construcaocivil.siriusmarketingedesign.com.br\/?author=1"},"uagb_comment_info":0,"uagb_excerpt":"Projetos sociais na \u00e1rea da educa\u00e7\u00e3o das 144 cidades onde a MRV possui neg\u00f3cios podem se inscrever Mar\u00e7o, 2017 &#8211; O Instituto MRV, organiza\u00e7\u00e3o sem fins lucrativos fundado pela MRV Engenharia, promove at\u00e9 o dia 22 de mar\u00e7o a segunda Chamada P\u00fablica para o patroc\u00ednio de projetos sociais na \u00e1rea da educa\u00e7\u00e3o, com foco em&hellip;","_links":{"self":[{"href":"https:\/\/construcaocivil.siriusmarketingedesign.com.br\/index.php?rest_route=\/wp\/v2\/posts\/5347","targetHints":{"allow":["GET"]}}],"collection":[{"href":"https:\/\/construcaocivil.siriusmarketingedesign.com.br\/index.php?rest_route=\/wp\/v2\/posts"}],"about":[{"href":"https:\/\/construcaocivil.siriusmarketingedesign.com.br\/index.php?rest_route=\/wp\/v2\/types\/post"}],"author":[{"embeddable":true,"href":"https:\/\/construcaocivil.siriusmarketingedesign.com.br\/index.php?rest_route=\/wp\/v2\/users\/1"}],"replies":[{"embeddable":true,"href":"https:\/\/construcaocivil.siriusmarketingedesign.com.br\/index.php?rest_route=%2Fwp%2Fv2%2Fcomments&post=5347"}],"version-history":[{"count":0,"href":"https:\/\/construcaocivil.siriusmarketingedesign.com.br\/index.php?rest_route=\/wp\/v2\/posts\/5347\/revisions"}],"wp:attachment":[{"href":"https:\/\/construcaocivil.siriusmarketingedesign.com.br\/index.php?rest_route=%2Fwp%2Fv2%2Fmedia&parent=5347"}],"wp:term":[{"taxonomy":"category","embeddable":true,"href":"https:\/\/construcaocivil.siriusmarketingedesign.com.br\/index.php?rest_route=%2Fwp%2Fv2%2Fcategories&post=5347"},{"taxonomy":"post_tag","embeddable":true,"href":"https:\/\/construcaocivil.siriusmarketingedesign.com.br\/index.php?rest_route=%2Fwp%2Fv2%2Ftags&post=5347"}],"curies":[{"name":"wp","href":"https:\/\/api.w.org\/{rel}","templated":true}]}}