{"id":5360,"date":"2017-03-15T16:13:27","date_gmt":"2017-03-15T19:13:27","guid":{"rendered":"http:\/\/www.jornaldaconstrucaocivil.com.br\/?p=5360"},"modified":"2017-03-15T16:13:27","modified_gmt":"2017-03-15T19:13:27","slug":"consumo-de-bens-industriais-cresce-26-em-janeiro-na-comparacao-anual","status":"publish","type":"post","link":"https:\/\/construcaocivil.siriusmarketingedesign.com.br\/?p=5360","title":{"rendered":"Consumo de bens industriais cresce 2,6% em janeiro na compara\u00e7\u00e3o anual"},"content":{"rendered":"<p style=\"text-align: justify;\"><span style=\"color: #000000;\"><span style=\"color: #993300;\">Mar\u00e7o, 2017<\/span> &#8211; O Indicador de Consumo Aparente de Bens Industriais, divulgado nesta quarta-feira (15\/03) pelo Grupo de Conjuntura do Ipea, aponta um aumento de 2,6% em janeiro deste ano, na compara\u00e7\u00e3o com o mesmo m\u00eas de 2016. \u00c9 o segundo resultado positivo seguido, ap\u00f3s longo per\u00edodo de quedas, no comparativo interanual. J\u00e1 em rela\u00e7\u00e3o a dezembro passado, na s\u00e9rie livre de efeitos sazonais, o indicador mostrou um recuo de 0,9%, depois de uma alta de 2,6% no m\u00eas anterior.<\/span><\/p>\n<p style=\"text-align: justify;\"><span style=\"color: #000000;\">O consumo aparente (CA) de bens industriais \u00e9 definido como a produ\u00e7\u00e3o industrial dom\u00e9stica, acrescidas as importa\u00e7\u00f5es e abatidas as exporta\u00e7\u00f5es. Com o desempenho de janeiro, a queda do indicador acumulada em 12 meses desacelerou de 8,5% para 7%. Esse resultado, quando comparado \u00e0 produ\u00e7\u00e3o dom\u00e9stica, cuja queda foi de 5,4% no mesmo m\u00eas, sugere um escoamento l\u00edquido da produ\u00e7\u00e3o para o setor externo, segundo an\u00e1lise do Grupo de Conjuntura. Nessa mesma base de compara\u00e7\u00e3o, o volume importado de bens industriais caiu 8,7% e as exporta\u00e7\u00f5es cresceram 5,4% nos 12 meses terminados em janeiro de 2017.<\/span><\/p>\n<p style=\"text-align: justify;\"><span style=\"color: #000000;\">As grandes categorias econ\u00f4micas tiveram resultados heterog\u00eaneos. O destaque positivo, na compara\u00e7\u00e3o entre janeiro e dezembro, foi o avan\u00e7o de 1,1% na margem do setor de bens intermedi\u00e1rios \u2013 as mat\u00e9rias-primas processadas que s\u00e3o empregadas para a produ\u00e7\u00e3o de outros bens ou produtos finais.<em><span style=\"color: #000080;\"> \u201cJ\u00e1 o setor de bens de capital apresentou contra\u00e7\u00e3o de 6,6% em janeiro, reflexo do mau desempenho da produ\u00e7\u00e3o dom\u00e9stica e das importa\u00e7\u00f5es\u201d<\/span><\/em>, destaca o t\u00e9cnico de planejamento e pesquisa Leonardo Mello de Carvalho.<\/span><\/p>\n<p style=\"text-align: justify;\"><span style=\"color: #000000;\">Nas classes de produ\u00e7\u00e3o, enquanto a ind\u00fastria de transforma\u00e7\u00e3o registrou avan\u00e7o de 0,3%, a extrativa mineral recuou expressivos 22,4%. Entre as atividades, apenas sete cresceram, de um total de 22. O destaque ficou por conta da fabrica\u00e7\u00e3o de produtos derivados do petr\u00f3leo e biocombust\u00edveis, com alta de 6,9%, e a metalurgia, com expans\u00e3o de 3,2%. Por sua vez, a fabrica\u00e7\u00e3o de ve\u00edculos recuou 12,1% ante o m\u00eas de dezembro. No acumulado em 12 meses, a fabrica\u00e7\u00e3o de produtos qu\u00edmicos continuou sendo o \u00fanico setor com varia\u00e7\u00e3o positiva, de 0,7%.<\/span><\/p>\n","protected":false},"excerpt":{"rendered":"<p>Mar\u00e7o, 2017 &#8211; O Indicador de Consumo Aparente de Bens Industriais, divulgado nesta quarta-feira (15\/03) pelo Grupo de Conjuntura do Ipea, aponta um aumento de 2,6% em janeiro deste ano, na compara\u00e7\u00e3o com o mesmo m\u00eas de 2016. \u00c9 o segundo resultado positivo seguido, ap\u00f3s longo per\u00edodo de quedas, no comparativo interanual. J\u00e1 em rela\u00e7\u00e3o [&hellip;]<\/p>\n","protected":false},"author":1,"featured_media":0,"comment_status":"open","ping_status":"open","sticky":false,"template":"","format":"standard","meta":{"_uag_custom_page_level_css":"","footnotes":""},"categories":[27],"tags":[2994,3000,3163,3468,3762,3856,6016,6388,7616],"class_list":["post-5360","post","type-post","status-publish","format-standard","hentry","category-acontece","tag-consumo","tag-consumo-de-bens-industrias","tag-crescimento","tag-derivados-do-petroleo-e-biocombustiveis","tag-divulgacao-ipea","tag-economia","tag-industria","tag-ipea","tag-metalurgia"],"blocksy_meta":[],"spectra_blocks_featured_image_url":null,"spectra_blocks_author_info":{"display_name":"Jornal da Constru\u00e7\u00e3o Civil","avatar_url":"https:\/\/secure.gravatar.com\/avatar\/973c9774fd44ddaceb026973c4962faa70fc512bc4c9da68e8ebb40fecee6540?s=96&d=mm&r=g","author_link":"https:\/\/construcaocivil.siriusmarketingedesign.com.br\/?author=1","description":"Desde de 2013, levando muitas informa\u00e7\u00f5es, lan\u00e7amentos e produtos de qualidade para toda cadeia produtiva da constru\u00e7\u00e3o. O Futuro da constru\u00e7\u00e3o passa por aqui,"},"uagb_featured_image_src":{"full":false,"thumbnail":false,"medium":false,"medium_large":false,"large":false,"1536x1536":false,"2048x2048":false},"uagb_author_info":{"display_name":"Jornal da Constru\u00e7\u00e3o Civil","author_link":"https:\/\/construcaocivil.siriusmarketingedesign.com.br\/?author=1"},"uagb_comment_info":0,"uagb_excerpt":"Mar\u00e7o, 2017 &#8211; O Indicador de Consumo Aparente de Bens Industriais, divulgado nesta quarta-feira (15\/03) pelo Grupo de Conjuntura do Ipea, aponta um aumento de 2,6% em janeiro deste ano, na compara\u00e7\u00e3o com o mesmo m\u00eas de 2016. \u00c9 o segundo resultado positivo seguido, ap\u00f3s longo per\u00edodo de quedas, no comparativo interanual. J\u00e1 em rela\u00e7\u00e3o&hellip;","_links":{"self":[{"href":"https:\/\/construcaocivil.siriusmarketingedesign.com.br\/index.php?rest_route=\/wp\/v2\/posts\/5360","targetHints":{"allow":["GET"]}}],"collection":[{"href":"https:\/\/construcaocivil.siriusmarketingedesign.com.br\/index.php?rest_route=\/wp\/v2\/posts"}],"about":[{"href":"https:\/\/construcaocivil.siriusmarketingedesign.com.br\/index.php?rest_route=\/wp\/v2\/types\/post"}],"author":[{"embeddable":true,"href":"https:\/\/construcaocivil.siriusmarketingedesign.com.br\/index.php?rest_route=\/wp\/v2\/users\/1"}],"replies":[{"embeddable":true,"href":"https:\/\/construcaocivil.siriusmarketingedesign.com.br\/index.php?rest_route=%2Fwp%2Fv2%2Fcomments&post=5360"}],"version-history":[{"count":0,"href":"https:\/\/construcaocivil.siriusmarketingedesign.com.br\/index.php?rest_route=\/wp\/v2\/posts\/5360\/revisions"}],"wp:attachment":[{"href":"https:\/\/construcaocivil.siriusmarketingedesign.com.br\/index.php?rest_route=%2Fwp%2Fv2%2Fmedia&parent=5360"}],"wp:term":[{"taxonomy":"category","embeddable":true,"href":"https:\/\/construcaocivil.siriusmarketingedesign.com.br\/index.php?rest_route=%2Fwp%2Fv2%2Fcategories&post=5360"},{"taxonomy":"post_tag","embeddable":true,"href":"https:\/\/construcaocivil.siriusmarketingedesign.com.br\/index.php?rest_route=%2Fwp%2Fv2%2Ftags&post=5360"}],"curies":[{"name":"wp","href":"https:\/\/api.w.org\/{rel}","templated":true}]}}