{"id":5369,"date":"2017-03-16T14:55:45","date_gmt":"2017-03-16T17:55:45","guid":{"rendered":"http:\/\/www.jornaldaconstrucaocivil.com.br\/?p=5369"},"modified":"2017-03-16T14:55:45","modified_gmt":"2017-03-16T17:55:45","slug":"governo-provoca-e-povo-protesta-por-todo-pais-contra-a-reforma-da-previdencia-e-corrupcao","status":"publish","type":"post","link":"https:\/\/construcaocivil.siriusmarketingedesign.com.br\/?p=5369","title":{"rendered":"Governo provoca e povo protesta por todo pa\u00eds contra a Reforma da Previd\u00eancia e Corrup\u00e7\u00e3o"},"content":{"rendered":"<p style=\"text-align: justify;\"><span style=\"color: #000000;\"><span style=\"color: #993300;\">Mar\u00e7o, 2017<\/span> &#8211; Que o Brasil precisa de ajustes todo n\u00f3s sabemos. Agora se \u00e9 neste formato que o governo Michel Temer tenta empurra goela abaixo na popula\u00e7\u00e3o brasileira \u00e9 que n\u00e3o sabemos explicar se \u00e9 o certo. Por enquanto nada de empregos e protestos nas ruas tendem a crescer no Brasil.<\/span><\/p>\n<p style=\"text-align: justify;\">\n<figure id=\"attachment_5370\" aria-describedby=\"caption-attachment-5370\" style=\"width: 271px\" class=\"wp-caption alignleft\"><a href=\"http:\/\/www.jornaldaconstrucaocivil.com.br\/wp-content\/uploads\/2017\/03\/MELHOR-PEZAO.jpg\"><img loading=\"lazy\" decoding=\"async\" class=\"wp-image-5370\" src=\"http:\/\/www.jornaldaconstrucaocivil.com.br\/wp-content\/uploads\/2017\/03\/MELHOR-PEZAO.jpg\" alt=\"MELHOR PEZAO\" width=\"271\" height=\"263\" \/><\/a><figcaption id=\"caption-attachment-5370\" class=\"wp-caption-text\"><span style=\"color: #0000ff;\">Cartazes contra o governador do Rio, Pez\u00e3o s\u00e3o cada mais constantes nas manifesta\u00e7\u00f5es mo estado. <span style=\"color: #000000;\">Cr\u00e9ditos: JCC<\/span><\/span><\/figcaption><\/figure>\n<p style=\"text-align: justify;\"><span style=\"color: #000000;\">O momento \u00e9 t\u00e3o delicado, que qualquer a\u00e7\u00e3o pode explodir de vez o pa\u00eds. Neste atual cen\u00e1rio perdemos o rumo e a solidariedade no pa\u00eds. S\u00e3o 26 milh\u00f5es de desempregados \u2013 IBGE, numa economia tentando respirar e o mercado financeiro aguardando atentamente o desfecho das dela\u00e7\u00f5es da Odebrecht, a\u00e7\u00f5es pol\u00edticas sem debate com a sociedade geraram mais conflitos.<\/span><\/p>\n<p style=\"text-align: justify;\"><span style=\"color: #000000;\">No caso, das dela\u00e7\u00f5es da construtora Odebrecht, ontem (15), o Procurador Geral da Rep\u00fablica \u2013 Ricardo Janot encaminhou para o Supremo Tribunal Federal, a lista com 83 nomes de pol\u00edticos para abertura de inqu\u00e9ritos. Nessa a\u00e7\u00e3o constam os nomes do Ministro Moreira Franco, atual chefe do Programa de Parceria P\u00fablica Privada (PPI), Eliseu Padilha \u2013 Chefe da Casa Civil, Bruno Ara\u00fajo &#8211; Ministro das Cidades, Aloysio Nunes &#8211; \u00a0Ministro das Rela\u00e7\u00f5es Exteriores, Rodrigo Maia &#8211; Presidente da C\u00e2mara dos Deputados, Fernando Pimentel, Governador de Minas Gerais; Pez\u00e3o(Governador do Rio), Geraldo Alckmin(Governador de S\u00e3o Paulo); Senadores: Romero Juc\u00e1 \u2013 PMDB(RR), A\u00e9cio Neves \u2013 PSDB(MG), Renan Calheiros \u2013 PMDB(AL), Lindbergh Farias \u2013 PT(RJ), Edison Lob\u00e3o \u2013 PMDB(MA), Jos\u00e9 Serra \u2013 PSDB(SP), L\u00eddice da Mata \u2013 PSB(BA), al\u00e9m de outras for\u00e7as politicas importantes do Brasil, como os ex \u2013 presidentes Lula e Dilma e alguns de seus ex- ministros.<\/span><\/p>\n<figure id=\"attachment_5371\" aria-describedby=\"caption-attachment-5371\" style=\"width: 319px\" class=\"wp-caption alignright\"><a href=\"http:\/\/www.jornaldaconstrucaocivil.com.br\/wp-content\/uploads\/2017\/03\/POVO.jpg\"><img loading=\"lazy\" decoding=\"async\" class=\"wp-image-5371\" src=\"http:\/\/www.jornaldaconstrucaocivil.com.br\/wp-content\/uploads\/2017\/03\/POVO.jpg\" alt=\"POVO\" width=\"319\" height=\"239\" \/><\/a><figcaption id=\"caption-attachment-5371\" class=\"wp-caption-text\"><span style=\"color: #0000ff;\">Avenida Presidente Vargas &#8211; Centro-RJ, ontem(15), tomada por 100 mil pessoas contra a Reforma da Previd\u00eancia proposta pelo governo Temer. <span style=\"color: #000000;\">Cr\u00e9ditos: JCC<\/span><\/span><\/figcaption><\/figure>\n<p style=\"text-align: justify;\"><span style=\"color: #000000;\">Citado 34 vezes na opera\u00e7\u00e3o Lava Jato, Moreira Franco e Eliseu Padilha, que tamb\u00e9m \u00e9 citado 45 vezes no mesmo no esc\u00e2ndalo de corrup\u00e7\u00e3o, ambos tem deixado o governo Temer em situa\u00e7\u00e3o desconfort\u00e1vel junto aos investidores. Para S\u00e9rgio Besserman, economista:<span style=\"color: #000080;\"> <em>&#8221; A perman\u00eancia dos Ministros Moreira Franco e Eliseu Padilha gera uma s\u00e9rie de d\u00favidas do setor privado para o atual momento econ\u00f4mico e politico do governo Temer\u201d<\/em><\/span>, disse S\u00e9rgio.<\/span><\/p>\n<p style=\"text-align: justify;\"><span style=\"color: #000000;\">Enquanto isso, os protestos crescem e ontem(15), por todo o Brasil, a popula\u00e7\u00e3o deu um recado claro para o governo, n\u00e3o ter\u00e1 Reforma da Previd\u00eancia enquanto somente o pobre pagar com desemprego, fome e sacr\u00edficos em prol de uma elite pol\u00edtica corrupta. \u00a0\u00a0\u00a0\u00a0<\/span><\/p>\n<p>&nbsp;<\/p>\n","protected":false},"excerpt":{"rendered":"<p>Mar\u00e7o, 2017 &#8211; Que o Brasil precisa de ajustes todo n\u00f3s sabemos. Agora se \u00e9 neste formato que o governo Michel Temer tenta empurra goela abaixo na popula\u00e7\u00e3o brasileira \u00e9 que n\u00e3o sabemos explicar se \u00e9 o certo. Por enquanto nada de empregos e protestos nas ruas tendem a crescer no Brasil. O momento \u00e9 [&hellip;]<\/p>\n","protected":false},"author":1,"featured_media":5370,"comment_status":"open","ping_status":"open","sticky":false,"template":"","format":"standard","meta":{"_uag_custom_page_level_css":"","footnotes":""},"categories":[27],"tags":[1569,3198,3881,5570,8406,8460,9180,9807,9945,10053,10366,10668],"class_list":["post-5369","post","type-post","status-publish","format-standard","has-post-thumbnail","hentry","category-acontece","tag-brasilia","tag-crise","tag-economia-fraca","tag-governo-temer","tag-odebrecht","tag-operacao-lava-jato","tag-povo-nas-ruas","tag-protestos-por-todo-brasil","tag-recife","tag-reforma-da-previdencia","tag-rio","tag-sao-paulo"],"blocksy_meta":[],"spectra_blocks_featured_image_url":[],"spectra_blocks_author_info":{"display_name":"Jornal da Constru\u00e7\u00e3o Civil","avatar_url":"https:\/\/secure.gravatar.com\/avatar\/973c9774fd44ddaceb026973c4962faa70fc512bc4c9da68e8ebb40fecee6540?s=96&d=mm&r=g","author_link":"https:\/\/construcaocivil.siriusmarketingedesign.com.br\/?author=1","description":"Desde de 2013, levando muitas informa\u00e7\u00f5es, lan\u00e7amentos e produtos de qualidade para toda cadeia produtiva da constru\u00e7\u00e3o. O Futuro da constru\u00e7\u00e3o passa por aqui,"},"uagb_featured_image_src":{"full":false,"thumbnail":false,"medium":false,"medium_large":false,"large":false,"1536x1536":false,"2048x2048":false},"uagb_author_info":{"display_name":"Jornal da Constru\u00e7\u00e3o Civil","author_link":"https:\/\/construcaocivil.siriusmarketingedesign.com.br\/?author=1"},"uagb_comment_info":0,"uagb_excerpt":"Mar\u00e7o, 2017 &#8211; Que o Brasil precisa de ajustes todo n\u00f3s sabemos. Agora se \u00e9 neste formato que o governo Michel Temer tenta empurra goela abaixo na popula\u00e7\u00e3o brasileira \u00e9 que n\u00e3o sabemos explicar se \u00e9 o certo. Por enquanto nada de empregos e protestos nas ruas tendem a crescer no Brasil. O momento \u00e9&hellip;","_links":{"self":[{"href":"https:\/\/construcaocivil.siriusmarketingedesign.com.br\/index.php?rest_route=\/wp\/v2\/posts\/5369","targetHints":{"allow":["GET"]}}],"collection":[{"href":"https:\/\/construcaocivil.siriusmarketingedesign.com.br\/index.php?rest_route=\/wp\/v2\/posts"}],"about":[{"href":"https:\/\/construcaocivil.siriusmarketingedesign.com.br\/index.php?rest_route=\/wp\/v2\/types\/post"}],"author":[{"embeddable":true,"href":"https:\/\/construcaocivil.siriusmarketingedesign.com.br\/index.php?rest_route=\/wp\/v2\/users\/1"}],"replies":[{"embeddable":true,"href":"https:\/\/construcaocivil.siriusmarketingedesign.com.br\/index.php?rest_route=%2Fwp%2Fv2%2Fcomments&post=5369"}],"version-history":[{"count":0,"href":"https:\/\/construcaocivil.siriusmarketingedesign.com.br\/index.php?rest_route=\/wp\/v2\/posts\/5369\/revisions"}],"wp:attachment":[{"href":"https:\/\/construcaocivil.siriusmarketingedesign.com.br\/index.php?rest_route=%2Fwp%2Fv2%2Fmedia&parent=5369"}],"wp:term":[{"taxonomy":"category","embeddable":true,"href":"https:\/\/construcaocivil.siriusmarketingedesign.com.br\/index.php?rest_route=%2Fwp%2Fv2%2Fcategories&post=5369"},{"taxonomy":"post_tag","embeddable":true,"href":"https:\/\/construcaocivil.siriusmarketingedesign.com.br\/index.php?rest_route=%2Fwp%2Fv2%2Ftags&post=5369"}],"curies":[{"name":"wp","href":"https:\/\/api.w.org\/{rel}","templated":true}]}}