{"id":5389,"date":"2017-03-20T12:40:33","date_gmt":"2017-03-20T15:40:33","guid":{"rendered":"http:\/\/www.jornaldaconstrucaocivil.com.br\/?p=5389"},"modified":"2017-03-20T12:40:33","modified_gmt":"2017-03-20T15:40:33","slug":"problemas-financeiros-estao-dificultando-a-retomada-das-obras-no-pac-do-porto-das-caixas","status":"publish","type":"post","link":"https:\/\/construcaocivil.siriusmarketingedesign.com.br\/?p=5389","title":{"rendered":"Problemas financeiros est\u00e3o dificultando a retomada das obras no PAC do Porto das Caixas"},"content":{"rendered":"<p style=\"text-align: justify;\"><span style=\"color: #000080;\"><strong><em>Prefeitura de Itabora\u00ed realizou encontro com moradores do PAC de Porto das Caixas<\/em><\/strong><\/span><\/p>\n<p style=\"text-align: justify;\"><span style=\"color: #000000;\"><span style=\"color: #993300;\">Mar\u00e7o, 2017<\/span> &#8211; A Prefeitura de Itabora\u00ed, por meio do secret\u00e1rio municipal de Habita\u00e7\u00e3o e Pol\u00edticas Sociais, Cl\u00f3vis Raimundo Thom\u00e9, realizado na manh\u00e3 da quinta-feira (16\/03) a primeira reuni\u00e3o desta nova gest\u00e3o com os moradores contemplados para habitar as casas do Programa de Acelera\u00e7\u00e3o do Crescimento (PAC) de Porto das Caixas.<\/span><\/p>\n<figure id=\"attachment_5390\" aria-describedby=\"caption-attachment-5390\" style=\"width: 269px\" class=\"wp-caption alignleft\"><a href=\"http:\/\/www.jornaldaconstrucaocivil.com.br\/wp-content\/uploads\/2017\/03\/ITABORAI-RJ.jpg\"><img loading=\"lazy\" decoding=\"async\" class=\"wp-image-5390\" src=\"http:\/\/www.jornaldaconstrucaocivil.com.br\/wp-content\/uploads\/2017\/03\/ITABORAI-RJ-1024x683.jpg\" alt=\"ITABORAI-RJ\" width=\"269\" height=\"179\" \/><\/a><figcaption id=\"caption-attachment-5390\" class=\"wp-caption-text\"><span style=\"color: #993300;\">O Sec de Obras, Cl\u00f3vis Raimundo, de camisa marron, fez vistoria no PAC de Porto das Caixas junto com a comunidade. <span style=\"color: #000000;\">Foto Sandro Giron<\/span><\/span><\/figcaption><\/figure>\n<p style=\"text-align: justify;\"><span style=\"color: #000000;\">Acompanhado pela sua subsecret\u00e1ria, M\u00f4nica V\u00edrgilio e pelo coordenador regional de Porto das Caixas e Visconde, Ramon Vieira, o secret\u00e1rio conversou e esclareceu d\u00favidas dos moradores em rela\u00e7\u00e3o as obras do PAC, paralisadas h\u00e1 aproximadamente um ano.<\/span><\/p>\n<p style=\"text-align: justify;\"><span style=\"color: #000000;\">Segundo o secret\u00e1rio, alguns problemas est\u00e3o dificultando a retomada das obras, principalmente a falta de pagamento \u00e0 construtora. A Prefeitura de Itabora\u00ed vai buscar junto a Caixa Econ\u00f4mica Federal uma reprograma\u00e7\u00e3o da obra, pois devido as muitas paralisa\u00e7\u00f5es, o financeiro foi se esvaecendo e a constru\u00e7\u00e3o necessitando de manuten\u00e7\u00e3o.<\/span><\/p>\n<p style=\"text-align: justify;\"><span style=\"color: #000000;\"><span style=\"color: #000080;\"><em>\u201cAssumimos um governo \u00e0s escuras, sem podermos sequer realizar um processo de transi\u00e7\u00e3o. Mas a pedido do prefeito Dr. Sadinoel, que por sinal tem um enorme carinho pelos moradores de Porto das Caixas, assumimos essa responsabilidade de entregar essas casas a voc\u00eas. Acredito que no m\u00e1ximo em tr\u00eas meses, as obras ser\u00e3o retomadas\u201d<\/em><\/span>, afirmou Cl\u00f3vis Raimundo, engenheiro e tamb\u00e9m secret\u00e1rio municipal de Obras e Servi\u00e7os P\u00fablicos.<\/span><\/p>\n<figure id=\"attachment_5391\" aria-describedby=\"caption-attachment-5391\" style=\"width: 324px\" class=\"wp-caption alignright\"><a href=\"http:\/\/www.jornaldaconstrucaocivil.com.br\/wp-content\/uploads\/2017\/03\/SECRETARIO-de-OBRAS.jpg\"><img loading=\"lazy\" decoding=\"async\" class=\"wp-image-5391\" src=\"http:\/\/www.jornaldaconstrucaocivil.com.br\/wp-content\/uploads\/2017\/03\/SECRETARIO-de-OBRAS.jpg\" alt=\"SECRETARIO de OBRAS\" width=\"324\" height=\"216\" \/><\/a><figcaption id=\"caption-attachment-5391\" class=\"wp-caption-text\"><span style=\"color: #993300;\">O Sec de Obras, Cl\u00f3vis Raimundo, de camisa marron, fez vistoria no PAC de Porto das Caixas junto com a comunidade. <span style=\"color: #000000;\">Foto Sandro Giron<\/span><\/span><\/figcaption><\/figure>\n<p style=\"text-align: justify;\"><span style=\"color: #000000;\">Lan\u00e7ado em 2006 e assinado o conv\u00eanio em 2007, as obras do PAC de Porto das Caixas come\u00e7aram em 2011, e contou com in\u00fameras fases de paralisa\u00e7\u00f5es. Ao todo, 160 fam\u00edlias, que vivem atualmente em \u00e1reas de risco, pr\u00f3ximas a antiga adutora da Companhia Estadual de \u00c1guas e Esgoto do Rio de Janeiro (Cedae) ser\u00e3o beneficiadas. S\u00e3o 10 blocos de apartamentos, sendo cada unidade com dois quartos, sala, cozinha e banheiro. E contar\u00e1 ainda com creche, centro social, quadra poliesportiva, instala\u00e7\u00e3o de redes de \u00e1gua e esgoto, sistema de capta\u00e7\u00e3o de \u00e1guas pluviais e ilumina\u00e7\u00e3o.<\/span><\/p>\n<p style=\"text-align: justify;\"><span style=\"color: #000000;\">A moradora Maria \u00c2ngela dos Santos, 40 anos, acredita que o sonho da casa pr\u00f3pria est\u00e1 mais perto. Quem compartilha do mesmo pensamento \u00e9 a dona de casa Devanilde Damasceno, 75 anos. Segundo a moradora, ela \u00e9 uma das que lutam incansavelmente pela entrega das casas aos moradores que necessitam.<\/span><\/p>\n<p style=\"text-align: justify;\"><span style=\"color: #000000;\"><em><span style=\"color: #000080;\">\u201cEu e a comunidade estamos dando um voto de confian\u00e7a e credibilidade \u00e0 Prefeitura de Itabora\u00ed. Acredito que esta nova gest\u00e3o ir\u00e1 nos ajudar. Eu conhe\u00e7o o prefeito Sadinoel desde menino, quando ele vinha jogar bola no campo aqui perto de casa, \u00e9 um homem de palavra\u201d<\/span><\/em>, disse Devanilde.<\/span><\/p>\n<p style=\"text-align: justify;\"><span style=\"color: #000000;\">Para o coordenador regional de Porto das Caixas e Visconde e morador do bairro, Ramon Vieira, existe uma comiss\u00e3o de moradores, composta por 11 membros, que sempre se re\u00fanem para discutir e tentar agilizar o processo de finaliza\u00e7\u00e3o das obras do PAC. Inclusive com idas \u00e0 Bras\u00edlia, no Minist\u00e9rio das Cidades; a Caixa Econ\u00f4mica Federal, Prefeitura de Itabora\u00ed e \u00f3rg\u00e3os.<\/span><\/p>\n<p style=\"text-align: justify;\"><span style=\"color: #000000;\"><span style=\"color: #000080;\"><em>\u201cTenho a convic\u00e7\u00e3o que agora vai dar tudo certo, pois este \u00e9 um governo que quer caminhar junto com a comunidade, com total transpar\u00eancia e vontade fazer. Deu para perceber que esta equipe, incluindo o secret\u00e1rio s\u00e3o pessoas t\u00e9cnicas e sabem o que est\u00e3o fazendo\u201d<\/em><\/span>, frisou Ramon.<\/span><\/p>\n","protected":false},"excerpt":{"rendered":"<p>Prefeitura de Itabora\u00ed realizou encontro com moradores do PAC de Porto das Caixas Mar\u00e7o, 2017 &#8211; A Prefeitura de Itabora\u00ed, por meio do secret\u00e1rio municipal de Habita\u00e7\u00e3o e Pol\u00edticas Sociais, Cl\u00f3vis Raimundo Thom\u00e9, realizado na manh\u00e3 da quinta-feira (16\/03) a primeira reuni\u00e3o desta nova gest\u00e3o com os moradores contemplados para habitar as casas do Programa [&hellip;]<\/p>\n","protected":false},"author":1,"featured_media":5390,"comment_status":"open","ping_status":"open","sticky":false,"template":"","format":"standard","meta":{"_uag_custom_page_level_css":"","footnotes":""},"categories":[31],"tags":[1679,2352,2826,2963,5921,7853,8341,8561,9137,9284,9291,9429,10744],"class_list":["post-5389","post","type-post","status-publish","format-standard","has-post-thumbnail","hentry","category-infraestrutura","tag-caixa-economica-federal","tag-clovis-raimundo-sec-de-obras","tag-construcao-civil","tag-construtoras","tag-imoveis","tag-moradores-sem-casa","tag-obras-atrasadas","tag-pac","tag-porto-das-caixas-itaborai","tag-prefeito-sadinoel","tag-prefeitura-de-itaborai-rj","tag-problemas-financeiros","tag-secretaria-de-obras"],"blocksy_meta":[],"spectra_blocks_featured_image_url":[],"spectra_blocks_author_info":{"display_name":"Jornal da Constru\u00e7\u00e3o Civil","avatar_url":"https:\/\/secure.gravatar.com\/avatar\/973c9774fd44ddaceb026973c4962faa70fc512bc4c9da68e8ebb40fecee6540?s=96&d=mm&r=g","author_link":"https:\/\/construcaocivil.siriusmarketingedesign.com.br\/?author=1","description":"Desde de 2013, levando muitas informa\u00e7\u00f5es, lan\u00e7amentos e produtos de qualidade para toda cadeia produtiva da constru\u00e7\u00e3o. O Futuro da constru\u00e7\u00e3o passa por aqui,"},"uagb_featured_image_src":{"full":false,"thumbnail":false,"medium":false,"medium_large":false,"large":false,"1536x1536":false,"2048x2048":false},"uagb_author_info":{"display_name":"Jornal da Constru\u00e7\u00e3o Civil","author_link":"https:\/\/construcaocivil.siriusmarketingedesign.com.br\/?author=1"},"uagb_comment_info":0,"uagb_excerpt":"Prefeitura de Itabora\u00ed realizou encontro com moradores do PAC de Porto das Caixas Mar\u00e7o, 2017 &#8211; A Prefeitura de Itabora\u00ed, por meio do secret\u00e1rio municipal de Habita\u00e7\u00e3o e Pol\u00edticas Sociais, Cl\u00f3vis Raimundo Thom\u00e9, realizado na manh\u00e3 da quinta-feira (16\/03) a primeira reuni\u00e3o desta nova gest\u00e3o com os moradores contemplados para habitar as casas do Programa&hellip;","_links":{"self":[{"href":"https:\/\/construcaocivil.siriusmarketingedesign.com.br\/index.php?rest_route=\/wp\/v2\/posts\/5389","targetHints":{"allow":["GET"]}}],"collection":[{"href":"https:\/\/construcaocivil.siriusmarketingedesign.com.br\/index.php?rest_route=\/wp\/v2\/posts"}],"about":[{"href":"https:\/\/construcaocivil.siriusmarketingedesign.com.br\/index.php?rest_route=\/wp\/v2\/types\/post"}],"author":[{"embeddable":true,"href":"https:\/\/construcaocivil.siriusmarketingedesign.com.br\/index.php?rest_route=\/wp\/v2\/users\/1"}],"replies":[{"embeddable":true,"href":"https:\/\/construcaocivil.siriusmarketingedesign.com.br\/index.php?rest_route=%2Fwp%2Fv2%2Fcomments&post=5389"}],"version-history":[{"count":0,"href":"https:\/\/construcaocivil.siriusmarketingedesign.com.br\/index.php?rest_route=\/wp\/v2\/posts\/5389\/revisions"}],"wp:attachment":[{"href":"https:\/\/construcaocivil.siriusmarketingedesign.com.br\/index.php?rest_route=%2Fwp%2Fv2%2Fmedia&parent=5389"}],"wp:term":[{"taxonomy":"category","embeddable":true,"href":"https:\/\/construcaocivil.siriusmarketingedesign.com.br\/index.php?rest_route=%2Fwp%2Fv2%2Fcategories&post=5389"},{"taxonomy":"post_tag","embeddable":true,"href":"https:\/\/construcaocivil.siriusmarketingedesign.com.br\/index.php?rest_route=%2Fwp%2Fv2%2Ftags&post=5389"}],"curies":[{"name":"wp","href":"https:\/\/api.w.org\/{rel}","templated":true}]}}