{"id":5396,"date":"2017-03-20T13:21:48","date_gmt":"2017-03-20T16:21:48","guid":{"rendered":"http:\/\/www.jornaldaconstrucaocivil.com.br\/?p=5396"},"modified":"2017-03-20T13:21:48","modified_gmt":"2017-03-20T16:21:48","slug":"com-recorde-de-publico-revitech-participa-da-exporevestir-com-expectativa-de-crescimento-de-18","status":"publish","type":"post","link":"https:\/\/construcaocivil.siriusmarketingedesign.com.br\/?p=5396","title":{"rendered":"Com recorde de p\u00fablico, Revitech participa da ExpoRevestir com expectativa de crescimento de 18%"},"content":{"rendered":"<figure id=\"attachment_5399\" aria-describedby=\"caption-attachment-5399\" style=\"width: 246px\" class=\"wp-caption alignleft\"><a href=\"http:\/\/www.jornaldaconstrucaocivil.com.br\/wp-content\/uploads\/2017\/03\/Revitech-FOTO-Ok.jpg\"><img loading=\"lazy\" decoding=\"async\" class=\" wp-image-5399\" src=\"http:\/\/www.jornaldaconstrucaocivil.com.br\/wp-content\/uploads\/2017\/03\/Revitech-FOTO-Ok.jpg\" alt=\"Revitech na Expo Revestir\" width=\"246\" height=\"164\" \/><\/a><figcaption id=\"caption-attachment-5399\" class=\"wp-caption-text\"><span style=\"color: #993300;\">Revitech na Expo Revestir<\/span><\/figcaption><\/figure>\n<p style=\"text-align: justify;\"><span style=\"color: #ff0000;\">Mar\u00e7o, 2017<\/span> &#8211; <span style=\"color: #000000;\">Durante os dias 7 e 10 de mar\u00e7o, a especialista em pisos vin\u00edlicos, Revitech, participou da ExpoRevestir em S\u00e3o Paulo no Transam\u00e9rica Expo Center.\u00a0 Com recorde de mais de 68 mil visitantes, a maior feira de Arquitetura e Constru\u00e7\u00e3o da Am\u00e9rica Latina recebeu um p\u00fablico superior a 8% em rela\u00e7\u00e3o \u00e0 edi\u00e7\u00e3o de 2016.<\/span><\/p>\n<p style=\"text-align: justify;\"><span style=\"color: #000000;\">Neste ano os clientes e visitantes puderam conhecer de perto o novo conceito e proposta da atual gest\u00e3o assumida no in\u00edcio de 2017. A nova diretoria traz novos planos e estrat\u00e9gias de mercado cuja expectativa de crescimento \u00e9 de 18% nas vendas, atrav\u00e9s da remodela\u00e7\u00e3o das linhas de produtos, estreitamento do relacionamento com o cliente, rapidez e fluidez no atendimento, al\u00e9m do compromisso com a verdade apresentando solu\u00e7\u00f5es apropriadas para cada projeto<\/span>.\u00a0<em><span style=\"color: #000080;\"> \u201c\u00c9tica, verdade e motiva\u00e7\u00e3o &#8211; estes s\u00e3o os nossos princ\u00edpios. Trazemos uma nova vis\u00e3o e estamos trabalhando arduamente para impulsionar e fortificar ainda mais nossa marca no mercado.\u201d,<\/span><\/em> <span style=\"color: #000000;\">destaca a gerente de marketing, Magda Paz.<\/span><\/p>\n<figure id=\"attachment_5400\" aria-describedby=\"caption-attachment-5400\" style=\"width: 254px\" class=\"wp-caption alignright\"><a href=\"http:\/\/www.jornaldaconstrucaocivil.com.br\/wp-content\/uploads\/2017\/03\/Revitech-01-GATAS-.jpg\"><img loading=\"lazy\" decoding=\"async\" class=\" wp-image-5400\" src=\"http:\/\/www.jornaldaconstrucaocivil.com.br\/wp-content\/uploads\/2017\/03\/Revitech-01-GATAS--1024x683.jpg\" alt=\"Revitech na Expo Revestir\" width=\"254\" height=\"169\" \/><\/a><figcaption id=\"caption-attachment-5400\" class=\"wp-caption-text\">Revitech na Expo Revestir<\/figcaption><\/figure>\n<p style=\"text-align: justify;\"><span style=\"color: #000000;\">Cliente da Revitech h\u00e1 mais de tr\u00eas anos, Marcy Ricciardi \u00e9 propriet\u00e1ria do escrit\u00f3rio de Arquitetura e Interiores Marcy Ricciardi, localizado em S\u00e3o Bernardo do Campo. A arquiteta especialista em Design de Interior esteve presente no estante e destaca a oportunidade de renovar o conhecimento e estreitar o relacionamento com seu fornecedor.<\/span> <em><span style=\"color: #000080;\">\u201cNossa visita \u00e0 Revitech firmou de uma maneira s\u00f3lida a parceria que constru\u00edmos ao longo desses anos. Quando o produto \u00e9 Revitech, tenho certeza que o resultado ser\u00e1 perfeito.\u201d<\/span><\/em>,<span style=\"color: #000000;\"> finaliza Ricciardi.<\/span><\/p>\n","protected":false},"excerpt":{"rendered":"<p>Mar\u00e7o, 2017 &#8211; Durante os dias 7 e 10 de mar\u00e7o, a especialista em pisos vin\u00edlicos, Revitech, participou da ExpoRevestir em S\u00e3o Paulo no Transam\u00e9rica Expo Center.\u00a0 Com recorde de mais de 68 mil visitantes, a maior feira de Arquitetura e Constru\u00e7\u00e3o da Am\u00e9rica Latina recebeu um p\u00fablico superior a 8% em rela\u00e7\u00e3o \u00e0 edi\u00e7\u00e3o [&hellip;]<\/p>\n","protected":false},"author":1,"featured_media":5400,"comment_status":"open","ping_status":"open","sticky":false,"template":"","format":"standard","meta":{"_uag_custom_page_level_css":"","footnotes":""},"categories":[28],"tags":[911,3396,3548,4756,4878,7470,8954,9558,10344],"class_list":["post-5396","post","type-post","status-publish","format-standard","has-post-thumbnail","hentry","category-arquitetura","tag-arquitetura","tag-decoracao-e-casa","tag-designer-e-interiores","tag-exporevestir-2017","tag-fashion-week-da-construcao-e-arquitetura","tag-mercado","tag-pisos-vinilicos","tag-profissionais-e-clientes","tag-revitech"],"blocksy_meta":[],"spectra_blocks_featured_image_url":[],"spectra_blocks_author_info":{"display_name":"Jornal da Constru\u00e7\u00e3o Civil","avatar_url":"https:\/\/secure.gravatar.com\/avatar\/973c9774fd44ddaceb026973c4962faa70fc512bc4c9da68e8ebb40fecee6540?s=96&d=mm&r=g","author_link":"https:\/\/construcaocivil.siriusmarketingedesign.com.br\/?author=1","description":"Desde de 2013, levando muitas informa\u00e7\u00f5es, lan\u00e7amentos e produtos de qualidade para toda cadeia produtiva da constru\u00e7\u00e3o. O Futuro da constru\u00e7\u00e3o passa por aqui,"},"uagb_featured_image_src":{"full":false,"thumbnail":false,"medium":false,"medium_large":false,"large":false,"1536x1536":false,"2048x2048":false},"uagb_author_info":{"display_name":"Jornal da Constru\u00e7\u00e3o Civil","author_link":"https:\/\/construcaocivil.siriusmarketingedesign.com.br\/?author=1"},"uagb_comment_info":0,"uagb_excerpt":"Mar\u00e7o, 2017 &#8211; Durante os dias 7 e 10 de mar\u00e7o, a especialista em pisos vin\u00edlicos, Revitech, participou da ExpoRevestir em S\u00e3o Paulo no Transam\u00e9rica Expo Center.\u00a0 Com recorde de mais de 68 mil visitantes, a maior feira de Arquitetura e Constru\u00e7\u00e3o da Am\u00e9rica Latina recebeu um p\u00fablico superior a 8% em rela\u00e7\u00e3o \u00e0 edi\u00e7\u00e3o&hellip;","_links":{"self":[{"href":"https:\/\/construcaocivil.siriusmarketingedesign.com.br\/index.php?rest_route=\/wp\/v2\/posts\/5396","targetHints":{"allow":["GET"]}}],"collection":[{"href":"https:\/\/construcaocivil.siriusmarketingedesign.com.br\/index.php?rest_route=\/wp\/v2\/posts"}],"about":[{"href":"https:\/\/construcaocivil.siriusmarketingedesign.com.br\/index.php?rest_route=\/wp\/v2\/types\/post"}],"author":[{"embeddable":true,"href":"https:\/\/construcaocivil.siriusmarketingedesign.com.br\/index.php?rest_route=\/wp\/v2\/users\/1"}],"replies":[{"embeddable":true,"href":"https:\/\/construcaocivil.siriusmarketingedesign.com.br\/index.php?rest_route=%2Fwp%2Fv2%2Fcomments&post=5396"}],"version-history":[{"count":0,"href":"https:\/\/construcaocivil.siriusmarketingedesign.com.br\/index.php?rest_route=\/wp\/v2\/posts\/5396\/revisions"}],"wp:attachment":[{"href":"https:\/\/construcaocivil.siriusmarketingedesign.com.br\/index.php?rest_route=%2Fwp%2Fv2%2Fmedia&parent=5396"}],"wp:term":[{"taxonomy":"category","embeddable":true,"href":"https:\/\/construcaocivil.siriusmarketingedesign.com.br\/index.php?rest_route=%2Fwp%2Fv2%2Fcategories&post=5396"},{"taxonomy":"post_tag","embeddable":true,"href":"https:\/\/construcaocivil.siriusmarketingedesign.com.br\/index.php?rest_route=%2Fwp%2Fv2%2Ftags&post=5396"}],"curies":[{"name":"wp","href":"https:\/\/api.w.org\/{rel}","templated":true}]}}