{"id":5422,"date":"2017-03-21T14:38:59","date_gmt":"2017-03-21T17:38:59","guid":{"rendered":"http:\/\/www.jornaldaconstrucaocivil.com.br\/?p=5422"},"modified":"2017-03-21T14:38:59","modified_gmt":"2017-03-21T17:38:59","slug":"indicador-ipea-preve-alta-da-producao-industrial-em-fevereiro","status":"publish","type":"post","link":"https:\/\/construcaocivil.siriusmarketingedesign.com.br\/?p=5422","title":{"rendered":"Indicador Ipea prev\u00ea alta da produ\u00e7\u00e3o industrial em fevereiro"},"content":{"rendered":"<p style=\"text-align: justify;\"><span style=\"color: #000080;\"><em><strong>Eleva\u00e7\u00e3o estimada \u00e9 de 0,3% na compara\u00e7\u00e3o com janeiro. Setores espec\u00edficos mantiveram desempenho heterog\u00eaneo<\/strong><\/em><\/span><\/p>\n<p style=\"text-align: justify;\"><span style=\"color: #000000;\"><span style=\"color: #993300;\">Mar\u00e7o, 2017<\/span> &#8211; O Grupo de Conjuntura do Instituto de Pesquisa Econ\u00f4mica Aplicada divulgou nesta ter\u00e7a-feira, 21, o Indicador Ipea de Produ\u00e7\u00e3o Industrial referente a fevereiro. Na compara\u00e7\u00e3o com janeiro, a previs\u00e3o para o resultado da Pesquisa Industrial Mensal \u2013 Produ\u00e7\u00e3o F\u00edsica (PIM-PF), do IBGE, \u00e9 de alta de 0,3%, na s\u00e9rie dessazonalizada.<\/span><\/p>\n<p style=\"text-align: justify;\"><span style=\"color: #000000;\">O desempenho dos indicadores coincidentes da produ\u00e7\u00e3o industrial foi, mais uma vez, heterog\u00eaneo. Entre os resultados positivos, a produ\u00e7\u00e3o de autom\u00f3veis refletiu o bom comportamento das exporta\u00e7\u00f5es de ve\u00edculos e avan\u00e7ou 5,9% na margem, depois da queda de 13,3% em janeiro. Outra alta, de 2%, veio do volume de tr\u00e1fego de carga em estradas com ped\u00e1gio.<\/span><\/p>\n<p style=\"text-align: justify;\"><span style=\"color: #000000;\">Alguns dos indicadores que registraram n\u00fameros negativos foram a <span style=\"color: #993300;\">produ\u00e7\u00e3o de a\u00e7o<\/span>, com recuo de 3,5%, e a venda de <span style=\"color: #993300;\">papel e papel\u00e3o<\/span>, que caiu 0,4% ante o m\u00eas de janeiro.<\/span><\/p>\n<p style=\"text-align: justify;\"><span style=\"color: #000000;\">Fonte: Ascom\/IPEA<\/span><\/p>\n","protected":false},"excerpt":{"rendered":"<p>Eleva\u00e7\u00e3o estimada \u00e9 de 0,3% na compara\u00e7\u00e3o com janeiro. Setores espec\u00edficos mantiveram desempenho heterog\u00eaneo Mar\u00e7o, 2017 &#8211; O Grupo de Conjuntura do Instituto de Pesquisa Econ\u00f4mica Aplicada divulgou nesta ter\u00e7a-feira, 21, o Indicador Ipea de Produ\u00e7\u00e3o Industrial referente a fevereiro. Na compara\u00e7\u00e3o com janeiro, a previs\u00e3o para o resultado da Pesquisa Industrial Mensal \u2013 Produ\u00e7\u00e3o [&hellip;]<\/p>\n","protected":false},"author":1,"featured_media":0,"comment_status":"open","ping_status":"open","sticky":false,"template":"","format":"standard","meta":{"_uag_custom_page_level_css":"","footnotes":""},"categories":[27],"tags":[4762,6390,7826,8616,9458,11045,11866,12221],"class_list":["post-5422","post","type-post","status-publish","format-standard","hentry","category-acontece","tag-exportacoes-de-veiculos","tag-ipea-producao-industrial-teve-alta","tag-momento-economico-instavel","tag-papel-e-papelao-saldo-negativo","tag-producao-de-aco-saldo-negativo","tag-setores-produtivos","tag-trafego-de-carga-em-estradas","tag-variacao-na-economia"],"blocksy_meta":[],"spectra_blocks_featured_image_url":null,"spectra_blocks_author_info":{"display_name":"Jornal da Constru\u00e7\u00e3o Civil","avatar_url":"https:\/\/secure.gravatar.com\/avatar\/973c9774fd44ddaceb026973c4962faa70fc512bc4c9da68e8ebb40fecee6540?s=96&d=mm&r=g","author_link":"https:\/\/construcaocivil.siriusmarketingedesign.com.br\/?author=1","description":"Desde de 2013, levando muitas informa\u00e7\u00f5es, lan\u00e7amentos e produtos de qualidade para toda cadeia produtiva da constru\u00e7\u00e3o. O Futuro da constru\u00e7\u00e3o passa por aqui,"},"uagb_featured_image_src":{"full":false,"thumbnail":false,"medium":false,"medium_large":false,"large":false,"1536x1536":false,"2048x2048":false},"uagb_author_info":{"display_name":"Jornal da Constru\u00e7\u00e3o Civil","author_link":"https:\/\/construcaocivil.siriusmarketingedesign.com.br\/?author=1"},"uagb_comment_info":0,"uagb_excerpt":"Eleva\u00e7\u00e3o estimada \u00e9 de 0,3% na compara\u00e7\u00e3o com janeiro. Setores espec\u00edficos mantiveram desempenho heterog\u00eaneo Mar\u00e7o, 2017 &#8211; O Grupo de Conjuntura do Instituto de Pesquisa Econ\u00f4mica Aplicada divulgou nesta ter\u00e7a-feira, 21, o Indicador Ipea de Produ\u00e7\u00e3o Industrial referente a fevereiro. Na compara\u00e7\u00e3o com janeiro, a previs\u00e3o para o resultado da Pesquisa Industrial Mensal \u2013 Produ\u00e7\u00e3o&hellip;","_links":{"self":[{"href":"https:\/\/construcaocivil.siriusmarketingedesign.com.br\/index.php?rest_route=\/wp\/v2\/posts\/5422","targetHints":{"allow":["GET"]}}],"collection":[{"href":"https:\/\/construcaocivil.siriusmarketingedesign.com.br\/index.php?rest_route=\/wp\/v2\/posts"}],"about":[{"href":"https:\/\/construcaocivil.siriusmarketingedesign.com.br\/index.php?rest_route=\/wp\/v2\/types\/post"}],"author":[{"embeddable":true,"href":"https:\/\/construcaocivil.siriusmarketingedesign.com.br\/index.php?rest_route=\/wp\/v2\/users\/1"}],"replies":[{"embeddable":true,"href":"https:\/\/construcaocivil.siriusmarketingedesign.com.br\/index.php?rest_route=%2Fwp%2Fv2%2Fcomments&post=5422"}],"version-history":[{"count":0,"href":"https:\/\/construcaocivil.siriusmarketingedesign.com.br\/index.php?rest_route=\/wp\/v2\/posts\/5422\/revisions"}],"wp:attachment":[{"href":"https:\/\/construcaocivil.siriusmarketingedesign.com.br\/index.php?rest_route=%2Fwp%2Fv2%2Fmedia&parent=5422"}],"wp:term":[{"taxonomy":"category","embeddable":true,"href":"https:\/\/construcaocivil.siriusmarketingedesign.com.br\/index.php?rest_route=%2Fwp%2Fv2%2Fcategories&post=5422"},{"taxonomy":"post_tag","embeddable":true,"href":"https:\/\/construcaocivil.siriusmarketingedesign.com.br\/index.php?rest_route=%2Fwp%2Fv2%2Ftags&post=5422"}],"curies":[{"name":"wp","href":"https:\/\/api.w.org\/{rel}","templated":true}]}}