{"id":5424,"date":"2017-03-21T14:52:51","date_gmt":"2017-03-21T17:52:51","guid":{"rendered":"http:\/\/www.jornaldaconstrucaocivil.com.br\/?p=5424"},"modified":"2017-03-21T14:52:51","modified_gmt":"2017-03-21T17:52:51","slug":"campanha-alerta-para-os-impactos-da-destruicao-do-cerrado","status":"publish","type":"post","link":"https:\/\/construcaocivil.siriusmarketingedesign.com.br\/?p=5424","title":{"rendered":"Campanha alerta para os impactos da destrui\u00e7\u00e3o do Cerrado"},"content":{"rendered":"<p style=\"text-align: justify;\"><span style=\"color: #000080;\"><em><strong>Alguns estados j\u00e1 t\u00eam tido racionamento de \u00e1gua e especialistas afirmam que o desmatamento do Cerrado \u00e9 uma das causas do problema. <span style=\"color: #0000ff;\">Amanh\u00e3, 22 de mar\u00e7o, \u00e9 comemorado o Dia Mundial da \u00c1gua, e voc\u00ea sabia que o Cerrado \u00e9 fundamental para continuarmos tendo \u00e1gua no Brasil?<\/span><\/strong><\/em><\/span><\/p>\n<p style=\"text-align: justify;\"><a href=\"http:\/\/www.jornaldaconstrucaocivil.com.br\/wp-content\/uploads\/2017\/03\/1_Campanha_Cerrado-BRASILIA-CERRADO.png\"><img loading=\"lazy\" decoding=\"async\" class=\"wp-image-5426 alignleft\" src=\"http:\/\/www.jornaldaconstrucaocivil.com.br\/wp-content\/uploads\/2017\/03\/1_Campanha_Cerrado-BRASILIA-CERRADO-1024x332.png\" alt=\"1_Campanha_Cerrado - BRASILIA CERRADO\" width=\"444\" height=\"144\" \/><\/a><\/p>\n<p style=\"text-align: justify;\"><span style=\"color: #000000;\"><span style=\"color: #993300;\">Mar\u00e7o, 2017 <\/span>&#8211; Not\u00edcias sobre racionamento de \u00e1gua j\u00e1 foram manchetes em alguns estados do Brasil, como S\u00e3o Paulo, Rio de Janeiro e agora Bras\u00edlia. Diferentes estudos da Universidade Federal de Goi\u00e1s, da Universidade de Bras\u00edlia, da Universidade Federal do Mato Grosso do Sul e da Brown University (publicada na revista cient\u00edfica Global Change Biology em 2016) apontam que o desmatamento no Cerrado \u00e9 uma das causas para a crise. Isso porque o bioma \u00e9 considerado o ber\u00e7o das \u00e1guas, \u00e9 no Cerrado onde est\u00e3o localizados os tr\u00eas grandes aqu\u00edferos que abastecem boa parte do pa\u00eds: Guarani, Urucuia e Bambu\u00ed.<\/span><\/p>\n<p style=\"text-align: justify;\"><span style=\"color: #000000;\">O Cerrado ocupa um quarto do territ\u00f3rio nacional e est\u00e1 localizado no cora\u00e7\u00e3o do Brasil, abrangendo 13 estados. Apesar de sua import\u00e2ncia para o equil\u00edbrio ambiental, o Cerrado tem sido destru\u00eddo nas \u00faltimas d\u00e9cadas para a expans\u00e3o do agroneg\u00f3cio e grandes empreendimentos e mais de 50% da sua vegeta\u00e7\u00e3o j\u00e1 foi desmatada.<\/span><\/p>\n<p style=\"text-align: justify;\"><span style=\"color: #000000;\">A legisla\u00e7\u00e3o brasileira n\u00e3o garante plena prote\u00e7\u00e3o ao Cerrado. Apenas 11% do Cerrado \u00e9 coberto por reservas ou unidades de conserva\u00e7\u00e3o, comparados com quase 50% da Amaz\u00f4nia. Enquanto um propriet\u00e1rio de terras \u00e9 obrigado a proteger 80% da floresta se sua fazenda estiver na Amaz\u00f4nia, no Cerrado essa porcentagem cai para 35%. Em outras palavras, o desmatamento permitido, legal, \u00e9 muito mais comum.<\/span><\/p>\n<p style=\"text-align: justify;\"><span style=\"color: #000000;\">Com o objetivo de alertar a sociedade para esse e outros impactos, 43 organiza\u00e7\u00f5es e movimentos sociais se uniram para lan\u00e7ar a Campanha Nacional em Defesa do Cerrado. A campanha busca valorizar a biodiversidade e as culturas dos povos e comunidades do Cerrado, que lutam pela sua preserva\u00e7\u00e3o. A \u00e1gua \u00e9 o mote atual da Campanha (Sem Cerrado, sem \u00e1gua, sem vida) para refor\u00e7ar o papel central do Cerrado no abastecimento de \u00e1gua do pa\u00eds.<\/span><\/p>\n<p style=\"text-align: justify;\"><span style=\"color: #000000;\">A Campanha prev\u00ea a\u00e7\u00f5es ao longo dos pr\u00f3ximos dois anos, e, al\u00e9m de dar visibilidade ao bioma, busca promover a visibilidade dos povos e comunidades tradicionais que vivem nas regi\u00f5es de Cerrado, j\u00e1 que eles convivem historicamente de forma harm\u00f4nica com o meio ambiente. As organiza\u00e7\u00f5es envolvidas buscam tamb\u00e9m trazer para a esfera pol\u00edtica o debate sobre a eleva\u00e7\u00e3o do status do Cerrado para Patrim\u00f4nio Nacional e exigir um acordo pol\u00edtico para estancar o desmatamento.\u00a0<\/span><\/p>\n<p style=\"text-align: justify;\"><strong><span style=\"color: #000000;\">Organiza\u00e7\u00f5es promotoras da Campanha<\/span><\/strong><\/p>\n<p style=\"text-align: justify;\">Associa\u00e7\u00e3o Uni\u00e3o das Aldeias Apinaj\u00e9s\/PEMPX\u00c0 \u2013 ActionAid Brasil \u2013 CNBB\/Pastorais Sociais \u2013 Ag\u00eancia 10envolvimento \u2013 APA\/TO \u2013 ANQ \u2013 AATR\/BA \u2013 ABRA \u2013 APIB \u2013 CPT \u2013 CONTAG \u2013 CIMI \u2013\u00a0 CUT\/GO \u2013 CPP \u2013 C\u00e1ritas Brasileira \u2013 CEBI \u2013 CESE \u2013\u00a0 CEDAC \u2013 Coletivo de Fundos e Fechos de Pasto do Oeste da Bahia \u2013 Comiss\u00e3o da Verdade sobre a Escravid\u00e3o Negra do DF \u2013 CONAQ \u2013 FASE \u2013 FBSSAN \u2013 FETAET &#8211; FETAEMA \u2013 CONTRAF-BRASIL\/FETRAF \u2013 Gwat\u00e1\/UEG \u2013 IBRACE \u2013 ISPN \u2013 MJD \u2013 MIQCB \u2013 MPP \u2013 MMC \u2013 MPA \u2013 MST \u2013 MAB \u2013 MOPIC \u2013 SPM \u2013 Rede Cerrado \u2013 Redessan \u2013 Rede Social de Direitos Humanos \u2013 Rede de Agroecologia do Maranh\u00e3o \u2013 TIJUPA \u2013\u00a0 Via Campesina \u2013 FIAN Brasil.<\/p>\n<p style=\"text-align: justify;\"><span style=\"color: #000080;\">Fonte: Comiss\u00e3o Pastoral da Terra\u00a0<\/span><\/p>\n","protected":false},"excerpt":{"rendered":"<p>Alguns estados j\u00e1 t\u00eam tido racionamento de \u00e1gua e especialistas afirmam que o desmatamento do Cerrado \u00e9 uma das causas do problema. Amanh\u00e3, 22 de mar\u00e7o, \u00e9 comemorado o Dia Mundial da \u00c1gua, e voc\u00ea sabia que o Cerrado \u00e9 fundamental para continuarmos tendo \u00e1gua no Brasil? Mar\u00e7o, 2017 &#8211; Not\u00edcias sobre racionamento de \u00e1gua [&hellip;]<\/p>\n","protected":false},"author":1,"featured_media":5426,"comment_status":"open","ping_status":"open","sticky":false,"template":"","format":"standard","meta":{"_uag_custom_page_level_css":"","footnotes":""},"categories":[37],"tags":[279,437,529,584,3207,3526,3581,3618,8709,10309,10724,10823,10824,12157],"class_list":["post-5424","post","type-post","status-publish","format-standard","has-post-thumbnail","hentry","category-sustentabilidade","tag-abastecimento-de-agua-do-pais","tag-actionaid-brasil","tag-agricultura","tag-aldeias-apinajes","tag-crise-hidrica","tag-desenvolvimento-humano","tag-destruicao-do-cerrado","tag-dia-mundial-da-agua","tag-pastoral-da-terra","tag-reuso-da-agua","tag-seca-no-cerrado","tag-sem-agua","tag-sem-cerrado","tag-uso-da-agua"],"blocksy_meta":[],"spectra_blocks_featured_image_url":[],"spectra_blocks_author_info":{"display_name":"Jornal da Constru\u00e7\u00e3o Civil","avatar_url":"https:\/\/secure.gravatar.com\/avatar\/973c9774fd44ddaceb026973c4962faa70fc512bc4c9da68e8ebb40fecee6540?s=96&d=mm&r=g","author_link":"https:\/\/construcaocivil.siriusmarketingedesign.com.br\/?author=1","description":"Desde de 2013, levando muitas informa\u00e7\u00f5es, lan\u00e7amentos e produtos de qualidade para toda cadeia produtiva da constru\u00e7\u00e3o. O Futuro da constru\u00e7\u00e3o passa por aqui,"},"uagb_featured_image_src":{"full":false,"thumbnail":false,"medium":false,"medium_large":false,"large":false,"1536x1536":false,"2048x2048":false},"uagb_author_info":{"display_name":"Jornal da Constru\u00e7\u00e3o Civil","author_link":"https:\/\/construcaocivil.siriusmarketingedesign.com.br\/?author=1"},"uagb_comment_info":0,"uagb_excerpt":"Alguns estados j\u00e1 t\u00eam tido racionamento de \u00e1gua e especialistas afirmam que o desmatamento do Cerrado \u00e9 uma das causas do problema. Amanh\u00e3, 22 de mar\u00e7o, \u00e9 comemorado o Dia Mundial da \u00c1gua, e voc\u00ea sabia que o Cerrado \u00e9 fundamental para continuarmos tendo \u00e1gua no Brasil? Mar\u00e7o, 2017 &#8211; Not\u00edcias sobre racionamento de \u00e1gua&hellip;","_links":{"self":[{"href":"https:\/\/construcaocivil.siriusmarketingedesign.com.br\/index.php?rest_route=\/wp\/v2\/posts\/5424","targetHints":{"allow":["GET"]}}],"collection":[{"href":"https:\/\/construcaocivil.siriusmarketingedesign.com.br\/index.php?rest_route=\/wp\/v2\/posts"}],"about":[{"href":"https:\/\/construcaocivil.siriusmarketingedesign.com.br\/index.php?rest_route=\/wp\/v2\/types\/post"}],"author":[{"embeddable":true,"href":"https:\/\/construcaocivil.siriusmarketingedesign.com.br\/index.php?rest_route=\/wp\/v2\/users\/1"}],"replies":[{"embeddable":true,"href":"https:\/\/construcaocivil.siriusmarketingedesign.com.br\/index.php?rest_route=%2Fwp%2Fv2%2Fcomments&post=5424"}],"version-history":[{"count":0,"href":"https:\/\/construcaocivil.siriusmarketingedesign.com.br\/index.php?rest_route=\/wp\/v2\/posts\/5424\/revisions"}],"wp:attachment":[{"href":"https:\/\/construcaocivil.siriusmarketingedesign.com.br\/index.php?rest_route=%2Fwp%2Fv2%2Fmedia&parent=5424"}],"wp:term":[{"taxonomy":"category","embeddable":true,"href":"https:\/\/construcaocivil.siriusmarketingedesign.com.br\/index.php?rest_route=%2Fwp%2Fv2%2Fcategories&post=5424"},{"taxonomy":"post_tag","embeddable":true,"href":"https:\/\/construcaocivil.siriusmarketingedesign.com.br\/index.php?rest_route=%2Fwp%2Fv2%2Ftags&post=5424"}],"curies":[{"name":"wp","href":"https:\/\/api.w.org\/{rel}","templated":true}]}}