{"id":5459,"date":"2017-03-22T20:05:44","date_gmt":"2017-03-22T23:05:44","guid":{"rendered":"http:\/\/www.jornaldaconstrucaocivil.com.br\/?p=5459"},"modified":"2017-03-22T20:05:44","modified_gmt":"2017-03-22T23:05:44","slug":"estudo-do-mpt-aponta-inconstitucionalidade-da-reforma-trabalhista","status":"publish","type":"post","link":"https:\/\/construcaocivil.siriusmarketingedesign.com.br\/?p=5459","title":{"rendered":"Estudo do MPT aponta inconstitucionalidade da reforma trabalhista"},"content":{"rendered":"<p style=\"text-align: justify;\"><a href=\"http:\/\/www.jornaldaconstrucaocivil.com.br\/wp-content\/uploads\/2017\/03\/Trabalho.jpg\"><img loading=\"lazy\" decoding=\"async\" class=\"alignleft wp-image-5473\" src=\"http:\/\/www.jornaldaconstrucaocivil.com.br\/wp-content\/uploads\/2017\/03\/Trabalho.jpg\" alt=\"Trabalho\" width=\"296\" height=\"165\" \/><\/a><\/p>\n<p style=\"text-align: justify;\"><span style=\"color: #000000;\"><span style=\"color: #993300;\">Bras\u00edlia, mar\u00e7o, 2017<\/span> &#8211; Estudo realizado pelo Minist\u00e9rio P\u00fablico do Trabalho (MPT)\u00a0 aponta que as mudan\u00e7as na legisla\u00e7\u00e3o trabalhista propostas pelo Governo Federal s\u00e3o inconstitucionais. As altera\u00e7\u00f5es contrariam a Constitui\u00e7\u00e3o Federal e as conven\u00e7\u00f5es internacionais firmadas pelo Brasil, geram inseguran\u00e7a jur\u00eddica, t\u00eam impacto negativo na gera\u00e7\u00e3o de empregos e fragilizam o mercado interno. O levantamento alerta ainda para consequ\u00eancias nocivas das medidas, como a possibilidade de contrata\u00e7\u00e3o sem concurso p\u00fablico, a maior permissividade a casos de corrup\u00e7\u00e3o e a falta de responsabiliza\u00e7\u00e3o das empresas em caso de acidentes de trabalho, por exemplo.<\/span><\/p>\n<p style=\"text-align: justify;\"><span style=\"color: #000000;\">O documento re\u00fane quatro Notas T\u00e9cnicas, assinadas por 12 Procuradores do Trabalho, em que s\u00e3o analisadas de forma detalhada as propostas contidas no Projeto de Lei 6787\/2016 (PL 6787\/2016); Projeto de Lei do Senado 218\/2016 (PLS 218\/2016); Projeto de Lei da C\u00e2mara 30\/2015 (PLC 30\/2015); e Projeto de Lei 4302-C\/1998 (PL 4302-C\/1998).<\/span><\/p>\n<p style=\"text-align: justify;\"><span style=\"text-decoration: underline;\"><span style=\"color: #0000ff;\"><a style=\"color: #0000ff; text-decoration: underline;\" href=\"http:\/\/portal.mpt.mp.br\/wps\/wcm\/connect\/portal_mpt\/894c860b-46fc-4d9b-9854-41de3a8683af\/Nota+T%C3%A9cnica+n%C2%BA+1-2017+-+PLS+218-2016+-+Jornada+Intermitente.pdf?MOD=AJPERES&amp;attachment=true&amp;id=1485293121151\">Nota t\u00e9cnica1<\/a><\/span><\/span><\/p>\n<p style=\"text-align: justify;\"><span style=\"color: #0000ff;\">Nota t\u00e9cnica 2<\/span><\/p>\n<p style=\"text-align: justify;\"><span style=\"text-decoration: underline; color: #0000ff;\"><a style=\"color: #0000ff; text-decoration: underline;\" href=\"http:\/\/portal.mpt.mp.br\/wps\/wcm\/connect\/portal_mpt\/bcb9e705-364d-4246-b66d-245c79032eab\/Nota+T%C3%A9cnica+n%C2%BA+3-2017+-+PLC+30-2015+-+terceiriza%C3%A7%C3%A3o.pdf?MOD=AJPERES&amp;attachment=true&amp;id=1485293345961\">Nota t\u00e9cnica 3<\/a><\/span><\/p>\n<p style=\"text-align: justify;\"><span style=\"text-decoration: underline;\"><span style=\"color: #0000ff;\">Nota t\u00e9cnica 4<\/span><\/span><\/p>\n<p style=\"text-align: justify;\">Fonte: Ascom\/MPT<\/p>\n","protected":false},"excerpt":{"rendered":"<p>Bras\u00edlia, mar\u00e7o, 2017 &#8211; Estudo realizado pelo Minist\u00e9rio P\u00fablico do Trabalho (MPT)\u00a0 aponta que as mudan\u00e7as na legisla\u00e7\u00e3o trabalhista propostas pelo Governo Federal s\u00e3o inconstitucionais. As altera\u00e7\u00f5es contrariam a Constitui\u00e7\u00e3o Federal e as conven\u00e7\u00f5es internacionais firmadas pelo Brasil, geram inseguran\u00e7a jur\u00eddica, t\u00eam impacto negativo na gera\u00e7\u00e3o de empregos e fragilizam o mercado interno. O levantamento [&hellip;]<\/p>\n","protected":false},"author":1,"featured_media":5473,"comment_status":"open","ping_status":"open","sticky":false,"template":"","format":"standard","meta":{"_uag_custom_page_level_css":"","footnotes":""},"categories":[27],"tags":[1717,3198,3856,4153,5570,5885,6168,7728,7970,10060,11844],"class_list":["post-5459","post","type-post","status-publish","format-standard","has-post-thumbnail","hentry","category-acontece","tag-camara-dos-deputados","tag-crise","tag-economia","tag-empregos","tag-governo-temer","tag-ilegalidades","tag-inseguranca-juridica","tag-ministerio-publico-do-trabalho","tag-mudancas-na-clt","tag-reforma-trabalhista","tag-trabalhadores"],"blocksy_meta":[],"spectra_blocks_featured_image_url":[],"spectra_blocks_author_info":{"display_name":"Jornal da Constru\u00e7\u00e3o Civil","avatar_url":"https:\/\/secure.gravatar.com\/avatar\/973c9774fd44ddaceb026973c4962faa70fc512bc4c9da68e8ebb40fecee6540?s=96&d=mm&r=g","author_link":"https:\/\/construcaocivil.siriusmarketingedesign.com.br\/?author=1","description":"Desde de 2013, levando muitas informa\u00e7\u00f5es, lan\u00e7amentos e produtos de qualidade para toda cadeia produtiva da constru\u00e7\u00e3o. O Futuro da constru\u00e7\u00e3o passa por aqui,"},"uagb_featured_image_src":{"full":false,"thumbnail":false,"medium":false,"medium_large":false,"large":false,"1536x1536":false,"2048x2048":false},"uagb_author_info":{"display_name":"Jornal da Constru\u00e7\u00e3o Civil","author_link":"https:\/\/construcaocivil.siriusmarketingedesign.com.br\/?author=1"},"uagb_comment_info":0,"uagb_excerpt":"Bras\u00edlia, mar\u00e7o, 2017 &#8211; Estudo realizado pelo Minist\u00e9rio P\u00fablico do Trabalho (MPT)\u00a0 aponta que as mudan\u00e7as na legisla\u00e7\u00e3o trabalhista propostas pelo Governo Federal s\u00e3o inconstitucionais. As altera\u00e7\u00f5es contrariam a Constitui\u00e7\u00e3o Federal e as conven\u00e7\u00f5es internacionais firmadas pelo Brasil, geram inseguran\u00e7a jur\u00eddica, t\u00eam impacto negativo na gera\u00e7\u00e3o de empregos e fragilizam o mercado interno. O levantamento&hellip;","_links":{"self":[{"href":"https:\/\/construcaocivil.siriusmarketingedesign.com.br\/index.php?rest_route=\/wp\/v2\/posts\/5459","targetHints":{"allow":["GET"]}}],"collection":[{"href":"https:\/\/construcaocivil.siriusmarketingedesign.com.br\/index.php?rest_route=\/wp\/v2\/posts"}],"about":[{"href":"https:\/\/construcaocivil.siriusmarketingedesign.com.br\/index.php?rest_route=\/wp\/v2\/types\/post"}],"author":[{"embeddable":true,"href":"https:\/\/construcaocivil.siriusmarketingedesign.com.br\/index.php?rest_route=\/wp\/v2\/users\/1"}],"replies":[{"embeddable":true,"href":"https:\/\/construcaocivil.siriusmarketingedesign.com.br\/index.php?rest_route=%2Fwp%2Fv2%2Fcomments&post=5459"}],"version-history":[{"count":0,"href":"https:\/\/construcaocivil.siriusmarketingedesign.com.br\/index.php?rest_route=\/wp\/v2\/posts\/5459\/revisions"}],"wp:attachment":[{"href":"https:\/\/construcaocivil.siriusmarketingedesign.com.br\/index.php?rest_route=%2Fwp%2Fv2%2Fmedia&parent=5459"}],"wp:term":[{"taxonomy":"category","embeddable":true,"href":"https:\/\/construcaocivil.siriusmarketingedesign.com.br\/index.php?rest_route=%2Fwp%2Fv2%2Fcategories&post=5459"},{"taxonomy":"post_tag","embeddable":true,"href":"https:\/\/construcaocivil.siriusmarketingedesign.com.br\/index.php?rest_route=%2Fwp%2Fv2%2Ftags&post=5459"}],"curies":[{"name":"wp","href":"https:\/\/api.w.org\/{rel}","templated":true}]}}