{"id":546,"date":"2015-12-11T15:47:10","date_gmt":"2015-12-11T15:47:10","guid":{"rendered":"http:\/\/www.jornaldaconstrucaocivil.com.br\/?p=546"},"modified":"2015-12-11T15:47:10","modified_gmt":"2015-12-11T15:47:10","slug":"corrida-da-paz-tem-novo-horario-e-percurso","status":"publish","type":"post","link":"https:\/\/construcaocivil.siriusmarketingedesign.com.br\/?p=546","title":{"rendered":"Corrida da Paz tem novo hor\u00e1rio e percurso"},"content":{"rendered":"<p><strong><span style=\"color: #000000;\"><em>Corrida ser\u00e1 \u00e0 noite, com duas voltas em percurso de 5 quil\u00f4metros<\/em><\/span><\/strong><\/p>\n<p><span style=\"color: #000000;\">A Corrida da Paz 2015, patrocinada pela Light, ser\u00e1 realizada no dia 12 de dezembro, em Volta Redonda, com uma s\u00e9rie de novidades na sua 16\u00aa edi\u00e7\u00e3o: al\u00e9m de um novo hor\u00e1rio \u2013 \u00e0 noite, com largada \u00e0s 19h \u2013 ter\u00e1 um novo percurso, com duas voltas de cinco quil\u00f4metros cada, com largada da Pra\u00e7a Brasil. De acordo com um dos organizadores do evento, Paulo Afonso da Silva, do Banco da Cidadania, este ano a Corrida da Paz teve o n\u00famero de participantes aumentado, e poder\u00e1 ter at\u00e9 1,5 mil competidores.<\/span><br \/>\n<span style=\"color: #000000;\">\u201cNos anos anteriores faz\u00edamos a corrida com cerca de 850 participantes, mas este ano aumentamos o n\u00famero de inscri\u00e7\u00f5es, porque acreditamos que com o novo hor\u00e1rio iremos atrair ainda mais corredores\u201d, disse Paulo Afonso. Segundo ele, a ilumina\u00e7\u00e3o de Natal na cidade tamb\u00e9m dar\u00e1 um toque especial ao evento. \u201cNesta \u00e9poca Volta Redonda j\u00e1 est\u00e1 totalmente iluminada para o Natal, o que ser\u00e1 uma atra\u00e7\u00e3o \u00e0 parte para os competidores\u201d.<\/span><\/p>\n<p><span style=\"color: #000000;\">Paulo Afonso salientou ainda que o percurso ser\u00e1 feito entre os bairros Vila Santa Cec\u00edlia e Sessenta. As informa\u00e7\u00f5es completas podem ser acessadas no site <span style=\"color: #0000ff;\"><a style=\"color: #0000ff;\" href=\"http:\/\/www.portalvr.com\/projetos\/corrida\">www.portalvr.com\/projetos\/corrida<\/a><\/span>.<\/span><\/p>\n<p><span style=\"color: #000000;\"><strong>INSCRI\u00c7\u00d5ES<\/strong> \u2013 As inscri\u00e7\u00f5es para a 16\u00aa edi\u00e7\u00e3o da Corrida da Paz j\u00e1 est\u00e3o abertas e podem ser feitas pela Internet ou no Banco da Cidadania, que fica na Rua Ant\u00f4nio Barreiros, n\u00ba 194, no bairro Nossa Senhora das Gra\u00e7as (Pr\u00e9dio da Smac) &#8211; de segunda a sexta-feira, das 8h \u00e0s 17h \u2013 at\u00e9 o meio-dia de 30 de novembro, ou at\u00e9 que o limite de vagas previsto pela organiza\u00e7\u00e3o seja atingido.<\/span><\/p>\n<p><span style=\"color: #000000;\">Pela Internet, as inscri\u00e7\u00f5es devem ser feitas no endere\u00e7o eletr\u00f4nico <span style=\"color: #0000ff;\"><a style=\"color: #0000ff;\" href=\"http:\/\/www.portalvr.com\/projetos\/corrida\">www.portalvr.com\/projetos\/corrida<\/a><\/span>, tamb\u00e9m at\u00e9 o dia 30 de novembro, ao meio-dia. No endere\u00e7o eletr\u00f4nico tamb\u00e9m est\u00e3o disponibilizados detalhes como regulamento completo, percurso e premia\u00e7\u00e3o. Para participar da Corrida da Paz 2015 os interessados de ambos os sexos devem ser maiores de 18 anos (completados at\u00e9 a data da prova).<\/span><\/p>\n<p><span style=\"color: #000000;\"><strong>PREMIA\u00c7\u00c3O<\/strong> \u2013 Haver\u00e1 premia\u00e7\u00e3o para os cinco primeiros colocados na classifica\u00e7\u00e3o geral (masculino e feminino); para os tr\u00eas primeiros colocados na categoria Cidadania (moradores de Volta Redonda \u2013 masculino e feminino); e por faixa et\u00e1ria (masculino e feminino). No caso de premia\u00e7\u00e3o em mais de uma categoria, o corredor deve optar por somente uma delas \u2013 n\u00e3o haver\u00e1 mais de uma premia\u00e7\u00e3o para o mesmo atleta.<\/span><\/p>\n<p><span style=\"color: #000000;\">Na premia\u00e7\u00e3o geral (masculino e feminino \u2013 o mesmo valor para ambas as categorias), o 1\u00ba colocado receber\u00e1 R$ 1,2 mil; o 2\u00ba colocado, R$ 850; o 3\u00ba colocado, R$ 650; o 4\u00ba colocado, R$ 350; e o 5\u00ba colocado, R$ 250. O pr\u00eamio Cidadania \u2013 para corredores de Volta Redonda \u2013 prev\u00ea premia\u00e7\u00f5es (tamb\u00e9m nas categorias masculino e feminino), para o 1\u00ba lugar, de R$ 500; para o 2\u00ba lugar, de R$ 300; e para o 3\u00ba lugar, de R$ 200. A premia\u00e7\u00e3o por faixas et\u00e1rias (14 faixas no total \u2013 de 18 a maiores de 80 anos \u2013 masculino e feminino), prev\u00ea para o 1\u00ba colocado, R$ 200; para o 2\u00ba colocado, R$ 150; e para o 3\u00ba colocado, R$ 100. Todos os competidores que completarem a prova ganhar\u00e3o uma medalha de participa\u00e7\u00e3o. <\/span><\/p>\n<p><span style=\"color: #000000;\">A classifica\u00e7\u00e3o dos atletas ser\u00e1 publicada no endere\u00e7o eletr\u00f4nico &#8211; <span style=\"color: #0000ff;\"><a style=\"color: #0000ff;\" href=\"http:\/\/www.portalvr.com\/projetos\/corrida\">www.portalvr.com\/projetos\/corrida<\/a><\/span>, em data ainda a ser definida.<\/span><\/p>\n<p><span style=\"color: #000000;\">Fonte: Assessoria de Imprensa da Light<\/span><\/p>\n<p>&nbsp;<\/p>\n","protected":false},"excerpt":{"rendered":"<p>Corrida ser\u00e1 \u00e0 noite, com duas voltas em percurso de 5 quil\u00f4metros A Corrida da Paz 2015, patrocinada pela Light, ser\u00e1 realizada no dia 12 de dezembro, em Volta Redonda, com uma s\u00e9rie de novidades na sua 16\u00aa edi\u00e7\u00e3o: al\u00e9m de um novo hor\u00e1rio \u2013 \u00e0 noite, com largada \u00e0s 19h \u2013 ter\u00e1 um novo [&hellip;]<\/p>\n","protected":false},"author":1,"featured_media":0,"comment_status":"open","ping_status":"open","sticky":false,"template":"","format":"quote","meta":{"_uag_custom_page_level_css":"","footnotes":""},"categories":[37],"tags":[2244,3097,4545,6876,12463],"class_list":["post-546","post","type-post","status-publish","format-quote","hentry","category-sustentabilidade","tag-cidadania","tag-corrida-da-paz","tag-esporte","tag-light","tag-volta-redonda","post_format-post-format-quote"],"blocksy_meta":[],"spectra_blocks_featured_image_url":null,"spectra_blocks_author_info":{"display_name":"Jornal da Constru\u00e7\u00e3o Civil","avatar_url":"https:\/\/secure.gravatar.com\/avatar\/973c9774fd44ddaceb026973c4962faa70fc512bc4c9da68e8ebb40fecee6540?s=96&d=mm&r=g","author_link":"https:\/\/construcaocivil.siriusmarketingedesign.com.br\/?author=1","description":"Desde de 2013, levando muitas informa\u00e7\u00f5es, lan\u00e7amentos e produtos de qualidade para toda cadeia produtiva da constru\u00e7\u00e3o. O Futuro da constru\u00e7\u00e3o passa por aqui,"},"uagb_featured_image_src":{"full":false,"thumbnail":false,"medium":false,"medium_large":false,"large":false,"1536x1536":false,"2048x2048":false},"uagb_author_info":{"display_name":"Jornal da Constru\u00e7\u00e3o Civil","author_link":"https:\/\/construcaocivil.siriusmarketingedesign.com.br\/?author=1"},"uagb_comment_info":0,"uagb_excerpt":"Corrida ser\u00e1 \u00e0 noite, com duas voltas em percurso de 5 quil\u00f4metros A Corrida da Paz 2015, patrocinada pela Light, ser\u00e1 realizada no dia 12 de dezembro, em Volta Redonda, com uma s\u00e9rie de novidades na sua 16\u00aa edi\u00e7\u00e3o: al\u00e9m de um novo hor\u00e1rio \u2013 \u00e0 noite, com largada \u00e0s 19h \u2013 ter\u00e1 um novo&hellip;","_links":{"self":[{"href":"https:\/\/construcaocivil.siriusmarketingedesign.com.br\/index.php?rest_route=\/wp\/v2\/posts\/546","targetHints":{"allow":["GET"]}}],"collection":[{"href":"https:\/\/construcaocivil.siriusmarketingedesign.com.br\/index.php?rest_route=\/wp\/v2\/posts"}],"about":[{"href":"https:\/\/construcaocivil.siriusmarketingedesign.com.br\/index.php?rest_route=\/wp\/v2\/types\/post"}],"author":[{"embeddable":true,"href":"https:\/\/construcaocivil.siriusmarketingedesign.com.br\/index.php?rest_route=\/wp\/v2\/users\/1"}],"replies":[{"embeddable":true,"href":"https:\/\/construcaocivil.siriusmarketingedesign.com.br\/index.php?rest_route=%2Fwp%2Fv2%2Fcomments&post=546"}],"version-history":[{"count":0,"href":"https:\/\/construcaocivil.siriusmarketingedesign.com.br\/index.php?rest_route=\/wp\/v2\/posts\/546\/revisions"}],"wp:attachment":[{"href":"https:\/\/construcaocivil.siriusmarketingedesign.com.br\/index.php?rest_route=%2Fwp%2Fv2%2Fmedia&parent=546"}],"wp:term":[{"taxonomy":"category","embeddable":true,"href":"https:\/\/construcaocivil.siriusmarketingedesign.com.br\/index.php?rest_route=%2Fwp%2Fv2%2Fcategories&post=546"},{"taxonomy":"post_tag","embeddable":true,"href":"https:\/\/construcaocivil.siriusmarketingedesign.com.br\/index.php?rest_route=%2Fwp%2Fv2%2Ftags&post=546"}],"curies":[{"name":"wp","href":"https:\/\/api.w.org\/{rel}","templated":true}]}}