{"id":5461,"date":"2017-03-22T20:24:15","date_gmt":"2017-03-22T23:24:15","guid":{"rendered":"http:\/\/www.jornaldaconstrucaocivil.com.br\/?p=5461"},"modified":"2017-03-22T20:24:15","modified_gmt":"2017-03-22T23:24:15","slug":"aeerj-apresentou-projeto-de-ppps-e-concessoes-no-forum-de-desenvolvimento-do-rio","status":"publish","type":"post","link":"https:\/\/construcaocivil.siriusmarketingedesign.com.br\/?p=5461","title":{"rendered":"AEERJ apresentou projeto de PPPs e Concess\u00f5es no F\u00f3rum de Desenvolvimento do Rio"},"content":{"rendered":"<p><span style=\"color: #000080;\"><em><strong>Debate aconteceu na Assembleia Legislativa<\/strong><\/em><\/span><\/p>\n<figure id=\"attachment_5462\" aria-describedby=\"caption-attachment-5462\" style=\"width: 270px\" class=\"wp-caption alignleft\"><a href=\"http:\/\/www.jornaldaconstrucaocivil.com.br\/wp-content\/uploads\/2017\/03\/Luiz-Fernando-Santos-Reis-em-palestra-na-ALERJ-2.jpg\"><img loading=\"lazy\" decoding=\"async\" class=\"wp-image-5462\" src=\"http:\/\/www.jornaldaconstrucaocivil.com.br\/wp-content\/uploads\/2017\/03\/Luiz-Fernando-Santos-Reis-em-palestra-na-ALERJ-2.jpg\" alt=\"Luiz Fernando Santos Reis em palestra na ALERJ (2)\" width=\"270\" height=\"132\" \/><\/a><figcaption id=\"caption-attachment-5462\" class=\"wp-caption-text\"><span style=\"color: #993300;\">Luiz Fernando Santos Reis em palestra na ALERJ<\/span><\/figcaption><\/figure>\n<p style=\"text-align: justify;\"><span style=\"color: #993300;\">Mar\u00e7o, 2017<\/span><span style=\"color: #000000;\"> &#8211; Com o objetivo de estimular o setor privado a realizar investimentos em obras e servi\u00e7os p\u00fablicos, levando em conta a escassez de recursos governamentais por conta da crise or\u00e7ament\u00e1ria; o F\u00f3rum de Desenvolvimento do Rio de Janeiro, \u00f3rg\u00e3o vinculado a Alerj, realizou nesta ter\u00e7a-feira, 21 de mar\u00e7o, um debate sobre Parcerias P\u00fablico-Privada (PPPs) e concess\u00f5es.<\/span><\/p>\n<p style=\"text-align: justify;\"><span style=\"color: #000000;\">Na ocasi\u00e3o, Luiz Fernando Santos Reis, presidente executivo da Associa\u00e7\u00e3o das Empresas de Engenharia do Rio de Janeiro (AEERJ), apresentou o projeto para uma plateia composta por deputados, representantes de prefeituras municipais e associados da AEERJ. Em seguida, Riley Rodrigues, mostrou um estudo da Firjan que identifica as \u00e1reas vi\u00e1veis nos munic\u00edpios fluminenses para serem exploradas pela iniciativa privada, e falou dos alinhamentos com a AEERJ para que isto se torne realidade. A prepara\u00e7\u00e3o dos munic\u00edpios para contratar PPPs e concess\u00f5es foi o tema das exposi\u00e7\u00f5es de Alex Ribeiro, do Instituto Brasileiro de Desenvolvimentos (IBD), e de Maria Paula Martins subsecret\u00e1ria da Secretaria de Estado da Casa Civil e Desenvolvimento Econ\u00f4mico. No debate, que se seguiu \u00e0s apresenta\u00e7\u00f5es, Luiz Fernando respondeu a v\u00e1rias perguntas da plateia interessada em mais informa\u00e7\u00f5es sobre os pr\u00f3ximos passos da AEERJ neste projeto.<\/span><\/p>\n<p style=\"text-align: justify;\"><span style=\"color: #000000;\">No encerramento, Riley convidou os presentes para o semin\u00e1rio que a Firjan vai realizar com apoio da AEERJ no pr\u00f3ximo dia 19 de abril, na qual ter\u00e1 como p\u00fablico alvo as prefeituras do Rio de Janeiro.<\/span><\/p>\n","protected":false},"excerpt":{"rendered":"<p>Debate aconteceu na Assembleia Legislativa Mar\u00e7o, 2017 &#8211; Com o objetivo de estimular o setor privado a realizar investimentos em obras e servi\u00e7os p\u00fablicos, levando em conta a escassez de recursos governamentais por conta da crise or\u00e7ament\u00e1ria; o F\u00f3rum de Desenvolvimento do Rio de Janeiro, \u00f3rg\u00e3o vinculado a Alerj, realizou nesta ter\u00e7a-feira, 21 de mar\u00e7o, [&hellip;]<\/p>\n","protected":false},"author":1,"featured_media":0,"comment_status":"open","ping_status":"open","sticky":false,"template":"","format":"standard","meta":{"_uag_custom_page_level_css":"","footnotes":""},"categories":[31],"tags":[1027,2826,5096,6205,6326,8376,8494,8652,9649,10096,10593],"class_list":["post-5461","post","type-post","status-publish","format-standard","hentry","category-infraestrutura","tag-associacao-das-empresas-de-engenharia-do-rio-de-janeiro-aeerj","tag-construcao-civil","tag-firjan","tag-instituto-brasileiro-de-desenvolvimentos-ibd","tag-investimentos-em-infraestrutura","tag-obras-e-servicos-publicos","tag-oportunidades-no-estado-do-rio","tag-parcerias-publico-privada-ppps","tag-programas-de-concessoes","tag-regiao-metropolitana","tag-saneamento"],"blocksy_meta":[],"spectra_blocks_featured_image_url":null,"spectra_blocks_author_info":{"display_name":"Jornal da Constru\u00e7\u00e3o Civil","avatar_url":"https:\/\/secure.gravatar.com\/avatar\/973c9774fd44ddaceb026973c4962faa70fc512bc4c9da68e8ebb40fecee6540?s=96&d=mm&r=g","author_link":"https:\/\/construcaocivil.siriusmarketingedesign.com.br\/?author=1","description":"Desde de 2013, levando muitas informa\u00e7\u00f5es, lan\u00e7amentos e produtos de qualidade para toda cadeia produtiva da constru\u00e7\u00e3o. O Futuro da constru\u00e7\u00e3o passa por aqui,"},"uagb_featured_image_src":{"full":false,"thumbnail":false,"medium":false,"medium_large":false,"large":false,"1536x1536":false,"2048x2048":false},"uagb_author_info":{"display_name":"Jornal da Constru\u00e7\u00e3o Civil","author_link":"https:\/\/construcaocivil.siriusmarketingedesign.com.br\/?author=1"},"uagb_comment_info":0,"uagb_excerpt":"Debate aconteceu na Assembleia Legislativa Mar\u00e7o, 2017 &#8211; Com o objetivo de estimular o setor privado a realizar investimentos em obras e servi\u00e7os p\u00fablicos, levando em conta a escassez de recursos governamentais por conta da crise or\u00e7ament\u00e1ria; o F\u00f3rum de Desenvolvimento do Rio de Janeiro, \u00f3rg\u00e3o vinculado a Alerj, realizou nesta ter\u00e7a-feira, 21 de mar\u00e7o,&hellip;","_links":{"self":[{"href":"https:\/\/construcaocivil.siriusmarketingedesign.com.br\/index.php?rest_route=\/wp\/v2\/posts\/5461","targetHints":{"allow":["GET"]}}],"collection":[{"href":"https:\/\/construcaocivil.siriusmarketingedesign.com.br\/index.php?rest_route=\/wp\/v2\/posts"}],"about":[{"href":"https:\/\/construcaocivil.siriusmarketingedesign.com.br\/index.php?rest_route=\/wp\/v2\/types\/post"}],"author":[{"embeddable":true,"href":"https:\/\/construcaocivil.siriusmarketingedesign.com.br\/index.php?rest_route=\/wp\/v2\/users\/1"}],"replies":[{"embeddable":true,"href":"https:\/\/construcaocivil.siriusmarketingedesign.com.br\/index.php?rest_route=%2Fwp%2Fv2%2Fcomments&post=5461"}],"version-history":[{"count":0,"href":"https:\/\/construcaocivil.siriusmarketingedesign.com.br\/index.php?rest_route=\/wp\/v2\/posts\/5461\/revisions"}],"wp:attachment":[{"href":"https:\/\/construcaocivil.siriusmarketingedesign.com.br\/index.php?rest_route=%2Fwp%2Fv2%2Fmedia&parent=5461"}],"wp:term":[{"taxonomy":"category","embeddable":true,"href":"https:\/\/construcaocivil.siriusmarketingedesign.com.br\/index.php?rest_route=%2Fwp%2Fv2%2Fcategories&post=5461"},{"taxonomy":"post_tag","embeddable":true,"href":"https:\/\/construcaocivil.siriusmarketingedesign.com.br\/index.php?rest_route=%2Fwp%2Fv2%2Ftags&post=5461"}],"curies":[{"name":"wp","href":"https:\/\/api.w.org\/{rel}","templated":true}]}}