{"id":5465,"date":"2017-03-22T20:34:26","date_gmt":"2017-03-22T23:34:26","guid":{"rendered":"http:\/\/www.jornaldaconstrucaocivil.com.br\/?p=5465"},"modified":"2017-03-22T20:34:26","modified_gmt":"2017-03-22T23:34:26","slug":"emprego-na-construcao-comeca-o-ano-em-alta-no-sul-sudeste-e-centro-oeste-mas-cai-para-o-norte-enordeste","status":"publish","type":"post","link":"https:\/\/construcaocivil.siriusmarketingedesign.com.br\/?p=5465","title":{"rendered":"Emprego na Constru\u00e7\u00e3o come\u00e7a o ano em alta no Sul, Sudeste e Centro-Oeste, mas cai para o Norte eNordeste"},"content":{"rendered":"<figure id=\"attachment_5466\" aria-describedby=\"caption-attachment-5466\" style=\"width: 342px\" class=\"wp-caption alignleft\"><a href=\"http:\/\/www.jornaldaconstrucaocivil.com.br\/wp-content\/uploads\/2017\/03\/CBIC-II.jpg\"><img loading=\"lazy\" decoding=\"async\" class=\"wp-image-5466\" src=\"http:\/\/www.jornaldaconstrucaocivil.com.br\/wp-content\/uploads\/2017\/03\/CBIC-II-1024x683.jpg\" alt=\"CBIC II\" width=\"342\" height=\"228\" \/><\/a><figcaption id=\"caption-attachment-5466\" class=\"wp-caption-text\"><span style=\"color: #993300;\">CBIC<\/span><\/figcaption><\/figure>\n<p style=\"text-align: justify;\"><span style=\"color: #000000;\"><span style=\"color: #993300;\">Mar\u00e7o, 2017<\/span> &#8211; Pesquisa realizada pelo SindusCon-SP, em parceria com a Funda\u00e7\u00e3o Getulio Vargas, revela que o setor da constru\u00e7\u00e3o no Brasil apresentou em janeiro uma redu\u00e7\u00e3o de 0,05% no n\u00famero de empregados em rela\u00e7\u00e3o ao m\u00eas anterior, o equivale ao fechamento de 1.282 vagas. De acordo com a pesquisa, com base nos dados do Minist\u00e9rio do Trabalho (MTE), a queda acontece pela 28\u00aa vez consecutiva desde outubro de 2014. Ao todo 2,49 milh\u00f5es de trabalhadores estavam empregados no setor brasileiro no primeiro m\u00eas do ano, n\u00famero 14,18% menor se comparado ao mesmo per\u00edodo de 2016. <\/span><\/p>\n<p style=\"text-align: justify;\"><span style=\"color: #000000;\">Os segmentos Imobili\u00e1rio e Prepara\u00e7\u00e3o de terreno foram os que apresentaram as maiores redu\u00e7\u00f5es nos postos de trabalho nos \u00faltimos 12 meses: -17,25% e -13,77%, respectivamente. J\u00e1 em rela\u00e7\u00e3o a dezembro houve mais demiss\u00e3o nas \u00e1reas de Prepara\u00e7\u00e3o de Terreno (-1,16%), Imobili\u00e1rio (-0,27%) e Obras de Acabamento (-0,27%). Por regi\u00e3o, houve queda no emprego na constru\u00e7\u00e3o no Norte e Nordeste em janeiro, com redu\u00e7\u00e3o de 1,54% e 0,86% sobre dezembro. Ainda assim, as outras tr\u00eas regi\u00f5es do Pa\u00eds surpreenderam ao contratar mais do que demitir: a alta foi de 1,09% para o Sul (4.353 novos postos), 0,07% para o Centro Oeste (144 admiss\u00f5es) e 0,05% para o Sudeste (675 contratados).<\/span><\/p>\n<p style=\"text-align: justify;\"><span style=\"color: #ff0000;\">Fonte: Boletim CBIC\u00a0<\/span><\/p>\n","protected":false},"excerpt":{"rendered":"<p>Mar\u00e7o, 2017 &#8211; Pesquisa realizada pelo SindusCon-SP, em parceria com a Funda\u00e7\u00e3o Getulio Vargas, revela que o setor da constru\u00e7\u00e3o no Brasil apresentou em janeiro uma redu\u00e7\u00e3o de 0,05% no n\u00famero de empregados em rela\u00e7\u00e3o ao m\u00eas anterior, o equivale ao fechamento de 1.282 vagas. De acordo com a pesquisa, com base nos dados do [&hellip;]<\/p>\n","protected":false},"author":1,"featured_media":5466,"comment_status":"open","ping_status":"open","sticky":false,"template":"","format":"standard","meta":{"_uag_custom_page_level_css":"","footnotes":""},"categories":[27],"tags":[2029,2079,2821,3856,4158,8148,8170,11168,11433,11438],"class_list":["post-5465","post","type-post","status-publish","format-standard","has-post-thumbnail","hentry","category-acontece","tag-cbic","tag-centro-oeste","tag-construcao","tag-economia","tag-empregos-na-construcao-civil","tag-nordeste-saldo-negativo","tag-norte","tag-sinduscon-sp","tag-sudeste","tag-sul"],"blocksy_meta":[],"spectra_blocks_featured_image_url":[],"spectra_blocks_author_info":{"display_name":"Jornal da Constru\u00e7\u00e3o Civil","avatar_url":"https:\/\/secure.gravatar.com\/avatar\/973c9774fd44ddaceb026973c4962faa70fc512bc4c9da68e8ebb40fecee6540?s=96&d=mm&r=g","author_link":"https:\/\/construcaocivil.siriusmarketingedesign.com.br\/?author=1","description":"Desde de 2013, levando muitas informa\u00e7\u00f5es, lan\u00e7amentos e produtos de qualidade para toda cadeia produtiva da constru\u00e7\u00e3o. O Futuro da constru\u00e7\u00e3o passa por aqui,"},"uagb_featured_image_src":{"full":false,"thumbnail":false,"medium":false,"medium_large":false,"large":false,"1536x1536":false,"2048x2048":false},"uagb_author_info":{"display_name":"Jornal da Constru\u00e7\u00e3o Civil","author_link":"https:\/\/construcaocivil.siriusmarketingedesign.com.br\/?author=1"},"uagb_comment_info":0,"uagb_excerpt":"Mar\u00e7o, 2017 &#8211; Pesquisa realizada pelo SindusCon-SP, em parceria com a Funda\u00e7\u00e3o Getulio Vargas, revela que o setor da constru\u00e7\u00e3o no Brasil apresentou em janeiro uma redu\u00e7\u00e3o de 0,05% no n\u00famero de empregados em rela\u00e7\u00e3o ao m\u00eas anterior, o equivale ao fechamento de 1.282 vagas. De acordo com a pesquisa, com base nos dados do&hellip;","_links":{"self":[{"href":"https:\/\/construcaocivil.siriusmarketingedesign.com.br\/index.php?rest_route=\/wp\/v2\/posts\/5465","targetHints":{"allow":["GET"]}}],"collection":[{"href":"https:\/\/construcaocivil.siriusmarketingedesign.com.br\/index.php?rest_route=\/wp\/v2\/posts"}],"about":[{"href":"https:\/\/construcaocivil.siriusmarketingedesign.com.br\/index.php?rest_route=\/wp\/v2\/types\/post"}],"author":[{"embeddable":true,"href":"https:\/\/construcaocivil.siriusmarketingedesign.com.br\/index.php?rest_route=\/wp\/v2\/users\/1"}],"replies":[{"embeddable":true,"href":"https:\/\/construcaocivil.siriusmarketingedesign.com.br\/index.php?rest_route=%2Fwp%2Fv2%2Fcomments&post=5465"}],"version-history":[{"count":0,"href":"https:\/\/construcaocivil.siriusmarketingedesign.com.br\/index.php?rest_route=\/wp\/v2\/posts\/5465\/revisions"}],"wp:attachment":[{"href":"https:\/\/construcaocivil.siriusmarketingedesign.com.br\/index.php?rest_route=%2Fwp%2Fv2%2Fmedia&parent=5465"}],"wp:term":[{"taxonomy":"category","embeddable":true,"href":"https:\/\/construcaocivil.siriusmarketingedesign.com.br\/index.php?rest_route=%2Fwp%2Fv2%2Fcategories&post=5465"},{"taxonomy":"post_tag","embeddable":true,"href":"https:\/\/construcaocivil.siriusmarketingedesign.com.br\/index.php?rest_route=%2Fwp%2Fv2%2Ftags&post=5465"}],"curies":[{"name":"wp","href":"https:\/\/api.w.org\/{rel}","templated":true}]}}