{"id":5481,"date":"2017-03-23T17:24:13","date_gmt":"2017-03-23T20:24:13","guid":{"rendered":"http:\/\/www.jornaldaconstrucaocivil.com.br\/?p=5481"},"modified":"2017-03-23T17:24:13","modified_gmt":"2017-03-23T20:24:13","slug":"desinformacao-sobre-febre-amarela-coloca-macacos-em-perigo","status":"publish","type":"post","link":"https:\/\/construcaocivil.siriusmarketingedesign.com.br\/?p=5481","title":{"rendered":"Desinforma\u00e7\u00e3o sobre febre amarela coloca macacos em perigo"},"content":{"rendered":"<p style=\"text-align: justify;\"><span style=\"color: #000080;\"><em><strong>Embora n\u00e3o transmitam diretamente o v\u00edrus, primatas v\u00eam sendo mortos por pessoas que temem contrair a doen\u00e7a<\/strong><\/em><\/span><\/p>\n<p style=\"text-align: justify;\"><span style=\"color: #000000;\"><span style=\"color: #993300;\">Mar\u00e7o<\/span> &#8211; Na \u00faltima sexta (17), nove cidades da regi\u00e3o serrana do Rio de Janeiro entraram em estado de alerta por causa da febre amarela. Estes munic\u00edpios ficam pr\u00f3ximos a Juiz de Fora (MG), onde um bugio (do g\u00eanero Alouatta), foi encontrado morto, com suspeita de contamina\u00e7\u00e3o. Atualmente 64 dos 92 munic\u00edpios fluminenses est\u00e3o em estado de alerta. Para conter a epidemia, a Secretaria Estadual de Sa\u00fade ampliou a vacina\u00e7\u00e3o e classificou a regi\u00e3o dos munic\u00edpios de Teres\u00f3polis, S\u00e3o Jos\u00e9 do Vale do Rio Preto Guapimirim, Petr\u00f3polis, Mag\u00e9, Areal, Paty do Alferes, Miguel Pereira e Engenheiro Paulo de Frontin como \u00e1rea priorit\u00e1ria.<\/span><\/p>\n<p style=\"text-align: justify;\"><a href=\"http:\/\/www.jornaldaconstrucaocivil.com.br\/wp-content\/uploads\/2017\/03\/MACACOS.jpg\"><img loading=\"lazy\" decoding=\"async\" class=\"wp-image-5482 alignleft\" src=\"http:\/\/www.jornaldaconstrucaocivil.com.br\/wp-content\/uploads\/2017\/03\/MACACOS.jpg\" alt=\"MACACOS\" width=\"339\" height=\"226\" \/><\/a><\/p>\n<p style=\"text-align: justify;\"><span style=\"color: #000000;\">A atual epidemia, que atinge tamb\u00e9m as zonas rurais de Minas Gerais e Esp\u00edrito Santo, n\u00e3o amea\u00e7a apenas os humanos, mas popula\u00e7\u00f5es inteiras de primatas. Al\u00e9m da doen\u00e7a, os macacos tamb\u00e9m correm o risco de serem eliminados por falta de informa\u00e7\u00e3o, pois em algumas localidades existe a cren\u00e7a de que sejam transmissores do v\u00edrus, o que n\u00e3o ocorre. O \u00faltimo surto de febre amarela em macacos ocorreu entre 2008 e 2009, no Rio Grande do Sul, e causou a morte de mais de dois mil bugios (do g\u00eanero Alouatta), infectados pelo v\u00edrus ou assassinados por pessoas desinformadas sobre o ciclo da febre amarela.<\/span><\/p>\n<p style=\"text-align: justify;\"><span style=\"color: #000000;\">Thais Leiroz Codenotti, pesquisadora e coordenadora do Convidas &#8211; Associa\u00e7\u00e3o para Conserva\u00e7\u00e3o da Vida Silvestre, que liderou um projeto sobre o tema na \u00e9poca, com o apoio da Funda\u00e7\u00e3o Grupo Botic\u00e1rio de Prote\u00e7\u00e3o \u00e0 Natureza, alerta que o problema tem se repetido neste ano. <span style=\"color: #000080;\"><em>\u201cMesmo com os focos de febre amarela sendo em outros estados, j\u00e1 registramos aqui no Rio Grande do Sul casos de bugios sendo agredidos pela popula\u00e7\u00e3o\u201d<\/em><\/span>, alerta a pesquisadora.<\/span><\/p>\n<p style=\"text-align: justify;\"><span style=\"color: #000000;\"><span style=\"color: #993300;\">\u201cEste tipo de comportamento gera um desequil\u00edbrio ecol\u00f3gico e agrava a situa\u00e7\u00e3o\u201d<\/span>, completa. Maltratar, apreender ou perseguir animais silvestres configura crime ambiental (Lei Federal de Crimes contra o Meio Ambiente 9.605\/98).<\/span><\/p>\n<p style=\"text-align: justify;\"><span style=\"color: #000000;\">Para a pesquisadora o melhor meio de preven\u00e7\u00e3o da doen\u00e7a em seres humanos \u00e9 a vacina\u00e7\u00e3o.<span style=\"color: #000080;\"><em> \u201c\u00c9 importante monitorar os casos, investigar a real causa das mortes e manter a vacina de febre amarela em dia. Sair matando macacos n\u00e3o resolver\u00e1 o problema\u201d<\/em><\/span>, ressalta.<\/span><\/p>\n<p style=\"text-align: justify;\"><strong><span style=\"color: #000000;\">Sentinelas<\/span><\/strong><\/p>\n<p style=\"text-align: justify;\"><span style=\"color: #000000;\">Primatas s\u00e3o t\u00e3o v\u00edtimas da doen\u00e7a quanto humanos. O primat\u00f3logo Fabiano Melo, pesquisador respons\u00e1vel pelo Programa de Conserva\u00e7\u00e3o Muriquis de Minas, que recebe apoio da Funda\u00e7\u00e3o Grupo Botic\u00e1rio, afirma que<span style=\"color: #000080;\"><em> \u201cas esp\u00e9cies de macacos nativas do Brasil, por n\u00e3o terem tido um contato hist\u00f3rico evolutivo com o v\u00edrus, tendem a ter baixa resist\u00eancia ao seu contato\u201d.<\/em><\/span><\/span><\/p>\n<p style=\"text-align: justify;\"><span style=\"color: #000000;\">Melo alerta que <span style=\"color: #000080;\"><em>\u201ca doen\u00e7a \u00e9 transmitida apenas pelos mosquitos e que os macacos, mesmo doentes, mal servem de reservat\u00f3rio do v\u00edrus, porque acabam morrendo muito r\u00e1pido\u201d<\/em><\/span>. Al\u00e9m disso, os primatas se comportam como sentinelas, sinalizando a presen\u00e7a do v\u00edrus. \u201cPor estarem na mata, est\u00e3o mais expostos aos mosquitos e acabam sendo afetados antes dos seres humanos. Quando um primata aparece doente, temos ind\u00edcios de que n\u00f3s, humanos, tamb\u00e9m estamos expostos\u201d, explica.<\/span><\/p>\n<p style=\"text-align: justify;\"><span style=\"color: #000000;\">A import\u00e2ncia dos macacos n\u00e3o se resume \u00e0 sua atua\u00e7\u00e3o como sinalizadores da doen\u00e7a. \u201cEsses animais s\u00e3o semeadores naturais. Al\u00e9m de espalharem sementes pelo solo quando comem frutas, o esterco que produzem tamb\u00e9m favorece o nascimento de novas \u00e1rvores\u201d, afirma Melo.<\/span><\/p>\n<p style=\"text-align: justify;\"><span style=\"color: #000000;\">O pesquisador realiza estudos em \u00e1reas protegidas situadas em Minas Gerais, e admite que na Reserva Particular do Patrim\u00f4nio Natural (RPPN) Feliciano Abdala, localizada no munic\u00edpio de Caratinga (MG), epicentro da epidemia em Minas Gerais, a doen\u00e7a pode atingir os muriquis-do-norte (Brachyteles hypoxanthus). Essa RPPN \u00e9 a unidade de conserva\u00e7\u00e3o mais importante para a prote\u00e7\u00e3o da esp\u00e9cie, que s\u00e3o os primatas mais amea\u00e7ados de extin\u00e7\u00e3o das Am\u00e9ricas. \u201cAparentemente, a vulnerabilidade varia de esp\u00e9cie para esp\u00e9cie, mas todos os primatas neotropicais s\u00e3o vulner\u00e1veis. O v\u00edrus pode atingir uma popula\u00e7\u00e3o de muriqui e dizim\u00e1-la, como est\u00e1 acontecendo com os bugios\u201d, completa.<\/span><\/p>\n<p style=\"text-align: justify;\"><strong><span style=\"color: #000000;\">Transmiss\u00e3o<\/span><\/strong><\/p>\n<p style=\"text-align: justify;\"><span style=\"color: #000000;\">A transmiss\u00e3o da febre amarela pode ocorrer de duas formas: silvestre e urbana. O cont\u00e1gio silvestre ocorre de macacos para mosquitos, normalmente dos g\u00eaneros Haemagogus ou Sabethes, que s\u00f3 vivem na floresta. Os mosquitos, ent\u00e3o, transmitem o v\u00edrus desses macacos infectados para humanos. <span style=\"color: #000080;\"><em>\u201cJ\u00e1 a febre amarela urbana, muito mais comum que a silvestre, ocorre quando uma pessoa j\u00e1 infectada pelo v\u00edrus \u00e9 picada pelo Aedes aegypti, que retransmite a doen\u00e7a para outras\u201d<\/em><\/span>, explica Codenotti.<\/span><\/p>\n<p style=\"text-align: justify;\"><span style=\"color: #000000;\">Sobre a Funda\u00e7\u00e3o Grupo Botic\u00e1rio acesse:\u00a0<\/span><span style=\"color: #0000ff;\">www.fundacaogrupoboticario.org.br, <\/span><\/p>\n<p style=\"text-align: justify;\"><span style=\"color: #0000ff;\">www.twitter.com\/fund_boticario <span style=\"color: #000000;\">e<\/span> www.facebook.com\/fundacaogrupoboticario.<\/span><\/p>\n","protected":false},"excerpt":{"rendered":"<p>Embora n\u00e3o transmitam diretamente o v\u00edrus, primatas v\u00eam sendo mortos por pessoas que temem contrair a doen\u00e7a Mar\u00e7o &#8211; Na \u00faltima sexta (17), nove cidades da regi\u00e3o serrana do Rio de Janeiro entraram em estado de alerta por causa da febre amarela. Estes munic\u00edpios ficam pr\u00f3ximos a Juiz de Fora (MG), onde um bugio (do [&hellip;]<\/p>\n","protected":false},"author":1,"featured_media":5482,"comment_status":"open","ping_status":"open","sticky":false,"template":"","format":"standard","meta":{"_uag_custom_page_level_css":"","footnotes":""},"categories":[27],"tags":[862,4355,4396,4890,5273,6587,7131,7657,7874,8724,8874,10119,10121,10659,11675,11878,12176],"class_list":["post-5481","post","type-post","status-publish","format-standard","has-post-thumbnail","hentry","category-acontece","tag-areal","tag-engenheiro-paulo-de-frontin","tag-epidemia","tag-febre-amarela","tag-fundacao-grupo-boticario","tag-juiz-de-fora-rj","tag-mage","tag-miguel-pereira","tag-mortes-de-macacos","tag-paty-do-alferes","tag-petropolis","tag-regiao-serrana-rj","tag-regiao-sudeste","tag-sao-jose-do-vale-do-rio-preto-guapimirim","tag-teresopolis","tag-transmissao-silvestre-e-urbana","tag-vacinacao-da-populacao"],"blocksy_meta":[],"spectra_blocks_featured_image_url":[],"spectra_blocks_author_info":{"display_name":"Jornal da Constru\u00e7\u00e3o Civil","avatar_url":"https:\/\/secure.gravatar.com\/avatar\/973c9774fd44ddaceb026973c4962faa70fc512bc4c9da68e8ebb40fecee6540?s=96&d=mm&r=g","author_link":"https:\/\/construcaocivil.siriusmarketingedesign.com.br\/?author=1","description":"Desde de 2013, levando muitas informa\u00e7\u00f5es, lan\u00e7amentos e produtos de qualidade para toda cadeia produtiva da constru\u00e7\u00e3o. O Futuro da constru\u00e7\u00e3o passa por aqui,"},"uagb_featured_image_src":{"full":false,"thumbnail":false,"medium":false,"medium_large":false,"large":false,"1536x1536":false,"2048x2048":false},"uagb_author_info":{"display_name":"Jornal da Constru\u00e7\u00e3o Civil","author_link":"https:\/\/construcaocivil.siriusmarketingedesign.com.br\/?author=1"},"uagb_comment_info":0,"uagb_excerpt":"Embora n\u00e3o transmitam diretamente o v\u00edrus, primatas v\u00eam sendo mortos por pessoas que temem contrair a doen\u00e7a Mar\u00e7o &#8211; Na \u00faltima sexta (17), nove cidades da regi\u00e3o serrana do Rio de Janeiro entraram em estado de alerta por causa da febre amarela. Estes munic\u00edpios ficam pr\u00f3ximos a Juiz de Fora (MG), onde um bugio (do&hellip;","_links":{"self":[{"href":"https:\/\/construcaocivil.siriusmarketingedesign.com.br\/index.php?rest_route=\/wp\/v2\/posts\/5481","targetHints":{"allow":["GET"]}}],"collection":[{"href":"https:\/\/construcaocivil.siriusmarketingedesign.com.br\/index.php?rest_route=\/wp\/v2\/posts"}],"about":[{"href":"https:\/\/construcaocivil.siriusmarketingedesign.com.br\/index.php?rest_route=\/wp\/v2\/types\/post"}],"author":[{"embeddable":true,"href":"https:\/\/construcaocivil.siriusmarketingedesign.com.br\/index.php?rest_route=\/wp\/v2\/users\/1"}],"replies":[{"embeddable":true,"href":"https:\/\/construcaocivil.siriusmarketingedesign.com.br\/index.php?rest_route=%2Fwp%2Fv2%2Fcomments&post=5481"}],"version-history":[{"count":0,"href":"https:\/\/construcaocivil.siriusmarketingedesign.com.br\/index.php?rest_route=\/wp\/v2\/posts\/5481\/revisions"}],"wp:attachment":[{"href":"https:\/\/construcaocivil.siriusmarketingedesign.com.br\/index.php?rest_route=%2Fwp%2Fv2%2Fmedia&parent=5481"}],"wp:term":[{"taxonomy":"category","embeddable":true,"href":"https:\/\/construcaocivil.siriusmarketingedesign.com.br\/index.php?rest_route=%2Fwp%2Fv2%2Fcategories&post=5481"},{"taxonomy":"post_tag","embeddable":true,"href":"https:\/\/construcaocivil.siriusmarketingedesign.com.br\/index.php?rest_route=%2Fwp%2Fv2%2Ftags&post=5481"}],"curies":[{"name":"wp","href":"https:\/\/api.w.org\/{rel}","templated":true}]}}