{"id":5494,"date":"2017-03-24T20:24:49","date_gmt":"2017-03-24T23:24:49","guid":{"rendered":"http:\/\/www.jornaldaconstrucaocivil.com.br\/?p=5494"},"modified":"2017-03-24T20:24:49","modified_gmt":"2017-03-24T23:24:49","slug":"prefeitura-fara-novas-passarelas-e-vai-iluminar-rj-106-em-marica","status":"publish","type":"post","link":"https:\/\/construcaocivil.siriusmarketingedesign.com.br\/?p=5494","title":{"rendered":"Prefeitura far\u00e1 novas passarelas  e vai iluminar RJ-106 em Maric\u00e1"},"content":{"rendered":"<p style=\"text-align: justify;\"><span style=\"color: #000000;\"><span style=\"color: #993300;\">Mar\u00e7o, 2017<\/span> &#8211; A Prefeitura de Maric\u00e1, com auxilio t\u00e9cnico do Departamento Estadual de Estradas e Rodagem (DER), pretende construir passarelas em pontos estrat\u00e9gicos da Rodovia Amaral Peixoto (RJ-106). Entre esses pontos est\u00e1 o trecho do bairro de S\u00e3o Jos\u00e9 do Imbassa\u00ed, onde est\u00e1 sendo constru\u00eddo o Hospital Municipal Dr. Ernesto Che Guevara. A interven\u00e7\u00e3o inclui, ainda, o Km 22 no Marine e tamb\u00e9m o Centro de Ino\u00e3. Al\u00e9m desse investimento a Prefeitura vai realizar a instala\u00e7\u00e3o de ilumina\u00e7\u00e3o em todo o trecho da rodovia que corta o munic\u00edpio.<\/span><\/p>\n<figure id=\"attachment_5495\" aria-describedby=\"caption-attachment-5495\" style=\"width: 322px\" class=\"wp-caption alignleft\"><a href=\"http:\/\/www.jornaldaconstrucaocivil.com.br\/wp-content\/uploads\/2017\/03\/MARICA.jpg\"><img loading=\"lazy\" decoding=\"async\" class=\"wp-image-5495\" src=\"http:\/\/www.jornaldaconstrucaocivil.com.br\/wp-content\/uploads\/2017\/03\/MARICA-1024x575.jpg\" alt=\"MARICA\" width=\"322\" height=\"180\" \/><\/a><figcaption id=\"caption-attachment-5495\" class=\"wp-caption-text\"><span style=\"color: #993300;\"> Presidente do DER, \u00c2ngelo Monteiro(centro), Deputada estadual Ros\u00e2ngela Zeidan(esq) e o Prefeito Fabiano Horta(dir). <span style=\"color: #000000;\">Cr\u00e9ditos: Ascom\/Maric\u00e1 <\/span><\/span><\/figcaption><\/figure>\n<p style=\"text-align: justify;\"><span style=\"color: #000000;\">Essas melhorias foram discutidas pelo prefeito Fabiano Horta em uma reuni\u00e3o realizada nesta quinta-feira (23\/03), com o presidente do DER, \u00c2ngelo Monteiro Pinto. Intermediada pela deputada estadual Ros\u00e2ngela Zeidan, o encontro foi realizado na sede da Funda\u00e7\u00e3o Departamento Estadual de Estradas de Rodagem, no Cento do Rio, e contou tamb\u00e9m com a presen\u00e7a do presidente da C\u00e2mara dos Vereadores de Maric\u00e1, Aldair de Linda.<\/span><\/p>\n<p style=\"text-align: justify;\"><span style=\"color: #000000;\">A obra, que ser\u00e1 inteiramente executada pela Prefeitura, receberia do DER todo o apoio t\u00e9cnico necess\u00e1rio. <em><span style=\"color: #000080;\">&#8220;Podemos diminuir muito o n\u00famero de acidentes com v\u00edtimas fatais se colocarmos ilumina\u00e7\u00e3o em Maric\u00e1\u201d<\/span><\/em>, afirmou Fabiano Horta.<em><span style=\"color: #000080;\"> \u201cVamos acelerar essa parceria. A cidade hoje tem condi\u00e7\u00f5es de ajudar nisso&#8221;<\/span><\/em>, completou. <em><span style=\"color: #000080;\">\u201cInclusive j\u00e1 come\u00e7amos um trabalho de recupera\u00e7\u00e3o da passarela de S\u00e3o Jos\u00e9 de Imbassa\u00ed que se encontrava deteriorada pelos efeitos do tempo\u201d<\/span><\/em>, disse o prefeito. O presidente do DER, \u00c2ngelo Monteiro se colocou \u00e0 disposi\u00e7\u00e3o para priorizar as demandas da cidade. <em><span style=\"color: #000080;\">\u201cAs belezas da cidade s\u00e3o fant\u00e1sticas. Maric\u00e1 merece essa respeito e o compromisso de seus representantes\u201d<\/span><\/em> destacou \u00c2ngelo.<\/span><\/p>\n<p style=\"text-align: justify;\"><span style=\"color: #000000;\">A deputada estadual Rosangela Zeidan saiu da reuni\u00e3o otimista.<span style=\"color: #000080;\"><em> \u201cEm 2015 j\u00e1 hav\u00edamos encaminhado o of\u00edcio solicitando a constru\u00e7\u00e3o de passarelas, e acredito que deste encontro sair\u00e3o bons frutos\u201d<\/em><\/span>, disse a deputada. <em><span style=\"color: #000080;\">\u201cVamos alinhar com a Prefeitura tudo que \u00e9 necess\u00e1rio executar na rodovia para proteger os usu\u00e1rios da via e encaminharemos as indica\u00e7\u00f5es o mais r\u00e1pido poss\u00edvel\u201d<\/span><\/em>, afirmou Zeidan.<\/span><\/p>\n<p style=\"text-align: justify;\"><span style=\"color: #000000;\">O presidente da C\u00e2mara, Aldair de Linda, frisou que a rodovia possui altos \u00edndices de acidentes em dias de chuva e principalmente pela falta de ilumina\u00e7\u00e3o em alguns trechos. <span style=\"color: #000080;\"><em>\u201cA Prefeitura est\u00e1 assumindo um papel importante na quest\u00e3o do tr\u00e2nsito em Maric\u00e1\u201d<\/em><\/span>, afirmou. <span style=\"color: #000080;\"><em>\u201cCom rela\u00e7\u00e3o \u00e0s passarelas recebemos reclama\u00e7\u00f5es todos os dias da C\u00e2mara Municipal. A atitude da Prefeitura em arcar com essa a obra \u00e9 um compromisso com o munic\u00edpio\u201d<\/em><\/span>, concluiu Aldair.<\/span><\/p>\n<p style=\"text-align: justify;\">Fonte: Ascom\/Prefeitura de Maric\u00e1-RJ<\/p>\n","protected":false},"excerpt":{"rendered":"<p>Mar\u00e7o, 2017 &#8211; A Prefeitura de Maric\u00e1, com auxilio t\u00e9cnico do Departamento Estadual de Estradas e Rodagem (DER), pretende construir passarelas em pontos estrat\u00e9gicos da Rodovia Amaral Peixoto (RJ-106). Entre esses pontos est\u00e1 o trecho do bairro de S\u00e3o Jos\u00e9 do Imbassa\u00ed, onde est\u00e1 sendo constru\u00eddo o Hospital Municipal Dr. Ernesto Che Guevara. A interven\u00e7\u00e3o [&hellip;]<\/p>\n","protected":false},"author":1,"featured_media":5495,"comment_status":"open","ping_status":"open","sticky":false,"template":"","format":"standard","meta":{"_uag_custom_page_level_css":"","footnotes":""},"categories":[31],"tags":[1181,3462,3465,5908,6096,7457,8226,9278,9293,10426,10464],"class_list":["post-5494","post","type-post","status-publish","format-standard","has-post-thumbnail","hentry","category-infraestrutura","tag-bairro-de-sao-jose-do-imbassai","tag-deputada-estadual-rosangela-zeidan","tag-der-rj","tag-iluminacao-precaria","tag-infraestrutura","tag-melhorias-na-br-106-rj","tag-novas-passarelas","tag-prefeito-fernando-horta","tag-prefeitura-de-marica-rj","tag-rj-106","tag-rodovia-amaral-peixoto-rj-106"],"blocksy_meta":[],"spectra_blocks_featured_image_url":[],"spectra_blocks_author_info":{"display_name":"Jornal da Constru\u00e7\u00e3o Civil","avatar_url":"https:\/\/secure.gravatar.com\/avatar\/973c9774fd44ddaceb026973c4962faa70fc512bc4c9da68e8ebb40fecee6540?s=96&d=mm&r=g","author_link":"https:\/\/construcaocivil.siriusmarketingedesign.com.br\/?author=1","description":"Desde de 2013, levando muitas informa\u00e7\u00f5es, lan\u00e7amentos e produtos de qualidade para toda cadeia produtiva da constru\u00e7\u00e3o. O Futuro da constru\u00e7\u00e3o passa por aqui,"},"uagb_featured_image_src":{"full":false,"thumbnail":false,"medium":false,"medium_large":false,"large":false,"1536x1536":false,"2048x2048":false},"uagb_author_info":{"display_name":"Jornal da Constru\u00e7\u00e3o Civil","author_link":"https:\/\/construcaocivil.siriusmarketingedesign.com.br\/?author=1"},"uagb_comment_info":0,"uagb_excerpt":"Mar\u00e7o, 2017 &#8211; A Prefeitura de Maric\u00e1, com auxilio t\u00e9cnico do Departamento Estadual de Estradas e Rodagem (DER), pretende construir passarelas em pontos estrat\u00e9gicos da Rodovia Amaral Peixoto (RJ-106). Entre esses pontos est\u00e1 o trecho do bairro de S\u00e3o Jos\u00e9 do Imbassa\u00ed, onde est\u00e1 sendo constru\u00eddo o Hospital Municipal Dr. Ernesto Che Guevara. A interven\u00e7\u00e3o&hellip;","_links":{"self":[{"href":"https:\/\/construcaocivil.siriusmarketingedesign.com.br\/index.php?rest_route=\/wp\/v2\/posts\/5494","targetHints":{"allow":["GET"]}}],"collection":[{"href":"https:\/\/construcaocivil.siriusmarketingedesign.com.br\/index.php?rest_route=\/wp\/v2\/posts"}],"about":[{"href":"https:\/\/construcaocivil.siriusmarketingedesign.com.br\/index.php?rest_route=\/wp\/v2\/types\/post"}],"author":[{"embeddable":true,"href":"https:\/\/construcaocivil.siriusmarketingedesign.com.br\/index.php?rest_route=\/wp\/v2\/users\/1"}],"replies":[{"embeddable":true,"href":"https:\/\/construcaocivil.siriusmarketingedesign.com.br\/index.php?rest_route=%2Fwp%2Fv2%2Fcomments&post=5494"}],"version-history":[{"count":0,"href":"https:\/\/construcaocivil.siriusmarketingedesign.com.br\/index.php?rest_route=\/wp\/v2\/posts\/5494\/revisions"}],"wp:attachment":[{"href":"https:\/\/construcaocivil.siriusmarketingedesign.com.br\/index.php?rest_route=%2Fwp%2Fv2%2Fmedia&parent=5494"}],"wp:term":[{"taxonomy":"category","embeddable":true,"href":"https:\/\/construcaocivil.siriusmarketingedesign.com.br\/index.php?rest_route=%2Fwp%2Fv2%2Fcategories&post=5494"},{"taxonomy":"post_tag","embeddable":true,"href":"https:\/\/construcaocivil.siriusmarketingedesign.com.br\/index.php?rest_route=%2Fwp%2Fv2%2Ftags&post=5494"}],"curies":[{"name":"wp","href":"https:\/\/api.w.org\/{rel}","templated":true}]}}