{"id":5517,"date":"2017-03-27T15:08:20","date_gmt":"2017-03-27T18:08:20","guid":{"rendered":"http:\/\/www.jornaldaconstrucaocivil.com.br\/?p=5517"},"modified":"2017-03-27T15:08:20","modified_gmt":"2017-03-27T18:08:20","slug":"casacor-balneario-camboriu-apresenta-sua-sede","status":"publish","type":"post","link":"https:\/\/construcaocivil.siriusmarketingedesign.com.br\/?p=5517","title":{"rendered":"CASACOR &#8211; Balne\u00e1rio Cambori\u00fa apresenta sua sede"},"content":{"rendered":"<p style=\"text-align: justify;\"><span style=\"color: #000080;\"><em><strong>Dia 02 de maio come\u00e7a a primeira edi\u00e7\u00e3o da CASACOR Balne\u00e1rio Cambori\u00fa. O evento ser\u00e1 realizado no edif\u00edcio Marina Beach Tower, o primeiro do Sul do Brasil com uma marina e sa\u00edda direto para o rio. Ao todo ser\u00e3o 35 ambientes que estar\u00e3o dispon\u00edveis para visita\u00e7\u00e3o at\u00e9 11 de junho.<\/strong><\/em><\/span><\/p>\n<p style=\"text-align: justify;\"><a href=\"http:\/\/www.jornaldaconstrucaocivil.com.br\/wp-content\/uploads\/2017\/03\/CASA-01_MS_MB_FACHADA_FOTO1_EF.jpg\"><img loading=\"lazy\" decoding=\"async\" class=\"wp-image-5518 alignleft\" src=\"http:\/\/www.jornaldaconstrucaocivil.com.br\/wp-content\/uploads\/2017\/03\/CASA-01_MS_MB_FACHADA_FOTO1_EF-1024x743.jpg\" alt=\"CASA 01_MS_MB_FACHADA_FOTO1_EF\" width=\"358\" height=\"260\" \/><\/a><\/p>\n<p style=\"text-align: justify;\"><span style=\"color: #000000;\"><span style=\"color: #993300;\">Mar\u00e7o, 2017<\/span> &#8211; Em Santa Catarina, a mostra ganhou for\u00e7a com a chegada dos novos franqueados, Francis e Luiz Bernardo, que fizeram da edi\u00e7\u00e3o de 2016 em Florian\u00f3polis, um completo sucesso, com o resgate da hist\u00f3ria e vida do primeiro historiador de SC, Dr. Oswaldo Cabral, antigo propriet\u00e1rio da casa que foi a sede da edi\u00e7\u00e3o.<\/span><\/p>\n<p style=\"text-align: justify;\"><span style=\"color: #000000;\">Para 2017, em Balne\u00e1rio Cambori\u00fa, foi escolhido o empreendimento Marina Beach Tower com o objetivo de fazer uma mostra diferente, com conceito <span style=\"color: #993300;\">\u201cAl Mare\u201d<\/span>. Um dos destaques desta edi\u00e7\u00e3o, ser\u00e1 o grande deck voltado para o Rio Cambori\u00fa, projetado pela arquiteta Indiara Daros e o designer Bruno Barbieri. Por se tratar de um pr\u00e9dio residencial, o cen\u00e1rio ser\u00e1 de ambientes como su\u00edtes com temas e p\u00fablicos diferenciados, \u00e1reas de estar como living, home theater, home office e \u00e1rea social. E os grandes Lofts que j\u00e1 se tornaram espa\u00e7os cobi\u00e7ados em mostras. Restaurante, bar e caf\u00e9 num espa\u00e7o exclusivo destinado aos eventos sociais e muito mais novidades. Projetos inovadores e cheios de charme v\u00e3o saindo do papel e tornando-se realidade atrav\u00e9s das m\u00e3os criativas de profissionais de v\u00e1rias regi\u00f5es do estado de SC e de Curitiba que vieram participar de CASACOR BC.<\/span><\/p>\n<p style=\"text-align: justify;\"><span style=\"color: #000000;\"><em><span style=\"color: #000080;\">\u201cEsta edi\u00e7\u00e3o traz um grande desafio: equilibrar grandes projetos e grandes ideias com o foco no essencial. Tornando espa\u00e7os vazios em projetos indispens\u00e1veis. Nossa miss\u00e3o \u00e9 sempre tornar tudo isso poss\u00edvel e desejado, deixando nossa marca\u201d<\/span><\/em>, explica Luiz Bernardo, franqueado CASACOR BC e CASACOR SC.<\/span><\/p>\n<p style=\"text-align: justify;\"><span style=\"color: #000000;\"><strong>TOM<\/strong><\/span><\/p>\n<p style=\"text-align: justify;\"><span style=\"color: #000000;\">Reconhecida e definida como a maior e mais completa mostra de arquitetura, design de interiores e paisagismo das Am\u00e9ricas, a CASACOR traz este ano como tema, o<span style=\"color: #993300;\"> \u201cDesign mais perto das pessoas\u201d<\/span>, com projetos, solu\u00e7\u00f5es e ideias dos melhores profissionais do segmento, que levar\u00e3o ao consumidor a preocupa\u00e7\u00e3o com o design e sua fun\u00e7\u00e3o, forma, experi\u00eancia e sobreviv\u00eancia no cen\u00e1rio atual.<\/span><\/p>\n<p>&nbsp;<\/p>\n<p>&nbsp;<\/p>\n","protected":false},"excerpt":{"rendered":"<p>Dia 02 de maio come\u00e7a a primeira edi\u00e7\u00e3o da CASACOR Balne\u00e1rio Cambori\u00fa. O evento ser\u00e1 realizado no edif\u00edcio Marina Beach Tower, o primeiro do Sul do Brasil com uma marina e sa\u00edda direto para o rio. Ao todo ser\u00e3o 35 ambientes que estar\u00e3o dispon\u00edveis para visita\u00e7\u00e3o at\u00e9 11 de junho. Mar\u00e7o, 2017 &#8211; Em Santa [&hellip;]<\/p>\n","protected":false},"author":1,"featured_media":5518,"comment_status":"open","ping_status":"open","sticky":false,"template":"","format":"standard","meta":{"_uag_custom_page_level_css":"","footnotes":""},"categories":[28],"tags":[911,1235,1911,1933,3544,4129,5789,5790,6943,9769,10124,10616],"class_list":["post-5517","post","type-post","status-publish","format-standard","has-post-thumbnail","hentry","category-arquitetura","tag-arquitetura","tag-balneario-camboriu","tag-casa-cor-2017","tag-casa-e-decoracao","tag-designer-de-interiores","tag-empreendimento-marina-beach-tower","tag-home-office","tag-home-theater","tag-living","tag-projetos-inovadores","tag-regiao-sul","tag-santa-catarina"],"blocksy_meta":[],"spectra_blocks_featured_image_url":[],"spectra_blocks_author_info":{"display_name":"Jornal da Constru\u00e7\u00e3o Civil","avatar_url":"https:\/\/secure.gravatar.com\/avatar\/973c9774fd44ddaceb026973c4962faa70fc512bc4c9da68e8ebb40fecee6540?s=96&d=mm&r=g","author_link":"https:\/\/construcaocivil.siriusmarketingedesign.com.br\/?author=1","description":"Desde de 2013, levando muitas informa\u00e7\u00f5es, lan\u00e7amentos e produtos de qualidade para toda cadeia produtiva da constru\u00e7\u00e3o. O Futuro da constru\u00e7\u00e3o passa por aqui,"},"uagb_featured_image_src":{"full":false,"thumbnail":false,"medium":false,"medium_large":false,"large":false,"1536x1536":false,"2048x2048":false},"uagb_author_info":{"display_name":"Jornal da Constru\u00e7\u00e3o Civil","author_link":"https:\/\/construcaocivil.siriusmarketingedesign.com.br\/?author=1"},"uagb_comment_info":0,"uagb_excerpt":"Dia 02 de maio come\u00e7a a primeira edi\u00e7\u00e3o da CASACOR Balne\u00e1rio Cambori\u00fa. O evento ser\u00e1 realizado no edif\u00edcio Marina Beach Tower, o primeiro do Sul do Brasil com uma marina e sa\u00edda direto para o rio. Ao todo ser\u00e3o 35 ambientes que estar\u00e3o dispon\u00edveis para visita\u00e7\u00e3o at\u00e9 11 de junho. Mar\u00e7o, 2017 &#8211; Em Santa&hellip;","_links":{"self":[{"href":"https:\/\/construcaocivil.siriusmarketingedesign.com.br\/index.php?rest_route=\/wp\/v2\/posts\/5517","targetHints":{"allow":["GET"]}}],"collection":[{"href":"https:\/\/construcaocivil.siriusmarketingedesign.com.br\/index.php?rest_route=\/wp\/v2\/posts"}],"about":[{"href":"https:\/\/construcaocivil.siriusmarketingedesign.com.br\/index.php?rest_route=\/wp\/v2\/types\/post"}],"author":[{"embeddable":true,"href":"https:\/\/construcaocivil.siriusmarketingedesign.com.br\/index.php?rest_route=\/wp\/v2\/users\/1"}],"replies":[{"embeddable":true,"href":"https:\/\/construcaocivil.siriusmarketingedesign.com.br\/index.php?rest_route=%2Fwp%2Fv2%2Fcomments&post=5517"}],"version-history":[{"count":0,"href":"https:\/\/construcaocivil.siriusmarketingedesign.com.br\/index.php?rest_route=\/wp\/v2\/posts\/5517\/revisions"}],"wp:attachment":[{"href":"https:\/\/construcaocivil.siriusmarketingedesign.com.br\/index.php?rest_route=%2Fwp%2Fv2%2Fmedia&parent=5517"}],"wp:term":[{"taxonomy":"category","embeddable":true,"href":"https:\/\/construcaocivil.siriusmarketingedesign.com.br\/index.php?rest_route=%2Fwp%2Fv2%2Fcategories&post=5517"},{"taxonomy":"post_tag","embeddable":true,"href":"https:\/\/construcaocivil.siriusmarketingedesign.com.br\/index.php?rest_route=%2Fwp%2Fv2%2Ftags&post=5517"}],"curies":[{"name":"wp","href":"https:\/\/api.w.org\/{rel}","templated":true}]}}