{"id":5521,"date":"2017-03-27T15:19:34","date_gmt":"2017-03-27T18:19:34","guid":{"rendered":"http:\/\/www.jornaldaconstrucaocivil.com.br\/?p=5521"},"modified":"2017-03-27T15:19:34","modified_gmt":"2017-03-27T18:19:34","slug":"seconci-rio-abrafati-e-mrv-engenharia-oferecem-curso-de-pintor","status":"publish","type":"post","link":"https:\/\/construcaocivil.siriusmarketingedesign.com.br\/?p=5521","title":{"rendered":"Seconci-Rio, Abrafati e MRV Engenharia oferecem curso de pintor"},"content":{"rendered":"<p style=\"text-align: justify;\"><span style=\"color: #000080;\"><em><strong>Oportunidade gratuita de acesso \u00e0 carreira ainda\u00a0 promover\u00e1 melhorias em comunidade de S. Gon\u00e7alo<\/strong><\/em><\/span><\/p>\n<p style=\"text-align: justify;\"><span style=\"color: #ff0000;\">Mar\u00e7o, 2017<\/span> &#8211; <span style=\"color: #000000;\">O Servi\u00e7o Social da Ind\u00fastria da Constru\u00e7\u00e3o do Rio de Janeiro (Seconci \u2013 Rio) em parceria com a Associa\u00e7\u00e3o Brasileira dos Fabricantes de Tintas (Abrafati), e a MRV Engenharia e com o apoio das tintas Suvinil, promover\u00e1 a partir do m\u00eas abril, gratuitamente, uma atividade que pode dar um novo colorido \u00e0 vida de muitas pessoas: o curso de Pintor Profissional. Antes somente realizado na Barra da Tijuca, as aulas chegar\u00e3o em breve \u00e0 cidade de S\u00e3o Gon\u00e7alo, para\u00a0 aqueles que desejam atuar como pintores, ajudantes de pintor ou pintor de pequenas obras com foco na constru\u00e7\u00e3o civil, mesmo sem nenhuma experi\u00eancia anterior. A atividade faz parte das a\u00e7\u00f5es do projeto Solare Vizinho do Bem, programa de relacionamento entre a MRV, incorporadora do empreendimento e a comunidade local.\u00a0<\/span><\/p>\n<p style=\"text-align: justify;\"><span style=\"color: #000000;\">Nesta edi\u00e7\u00e3o, o curso contar\u00e1 com um diferencial e tanto: as casas pintadas ser\u00e3o constru\u00e7\u00f5es de verdade, entregues \u00e0 comunidade de Vila Lage, em S\u00e3o Gon\u00e7alo, depois de totalmente repaginadas. Trata-se, portanto de uma atividade de capacita\u00e7\u00e3o profissional que ir\u00e1 valorizar social e economicamente a regi\u00e3o, empoderando e elevando automaticamente a autoestima de seus moradores.<\/span><\/p>\n<p style=\"text-align: justify;\"><span style=\"color: #000000;\">Com carga hor\u00e1ria de 84 horas, as aulas abordam temas como aspectos gerais da profiss\u00e3o, tecnologias de tintas e programas de qualidade, prepara\u00e7\u00e3o de superf\u00edcie e sistemas de pintura (alvenaria, metais e outros), ferramentas de pintura, aplica\u00e7\u00e3o de produto, patologia das superf\u00edcies (como solucionar problemas), mecaniza\u00e7\u00e3o de pinturas, percep\u00e7\u00e3o de cores, or\u00e7amento e planejamento da obra, meio ambiente, sustentabilidades, sa\u00fade e seguran\u00e7a. S\u00e3o duas semanas de teoria e duas semanas de pr\u00e1tica, treinamento de NR 35 (trabalho em altura).<\/span><\/p>\n<p style=\"text-align: justify;\"><span style=\"color: #993300;\"><strong>\u00a0Ajuda para come\u00e7ar na fun\u00e7\u00e3o<\/strong><\/span><\/p>\n<p style=\"text-align: justify;\"><span style=\"color: #000000;\">Ao final do curso os alunos receber\u00e3o treinamento do Projeto Reconstruir, em parceria com o SEBRAE, que os ajudar\u00e3o a empreender sua pr\u00f3pria carreira no mercado de pequenas reformas. Al\u00e9m disso, aqueles que tiverem interesse no emprego formal ter\u00e3o seus curr\u00edculos inseridos no Banco de Oportunidades do Seconci-Rio, acessado pelo departamento de recursos humanos das principais construtoras atuantes na regi\u00e3o metropolitana do Rio de Janeiro. Vale ressaltar que todos os alunos participantes da a\u00e7\u00e3o ser\u00e3o inclu\u00eddos no Portal Clube Amigo Suvinil.<\/span><\/p>\n<p style=\"text-align: justify;\"><span style=\"color: #000000;\">As turmas ter\u00e3o in\u00edcio nos dias 03\/04 e 15\/05 com aulas de manh\u00e3 (das 8h \u00e0s 12h) e \u00e0 tarde (das 13h \u00e0s 17h) durante duas semanas consecutivas. As inscri\u00e7\u00f5es j\u00e1 est\u00e3o abertas e as sele\u00e7\u00f5es acontecer\u00e3o sempre \u00e0s 14h\u00a0 nos dias 30\/03,\u00a0 11, 28 e 25\/04 e 02\/05,\u00a0 no atendimento comunit\u00e1rio do Canteiro de obras da MRV (Rua Lucio Tom\u00e9 Feteira, 312 Vila Lage).<\/span><\/p>\n<p style=\"text-align: justify;\">\n<p>&nbsp;<\/p>\n","protected":false},"excerpt":{"rendered":"<p>Oportunidade gratuita de acesso \u00e0 carreira ainda\u00a0 promover\u00e1 melhorias em comunidade de S. Gon\u00e7alo Mar\u00e7o, 2017 &#8211; O Servi\u00e7o Social da Ind\u00fastria da Constru\u00e7\u00e3o do Rio de Janeiro (Seconci \u2013 Rio) em parceria com a Associa\u00e7\u00e3o Brasileira dos Fabricantes de Tintas (Abrafati), e a MRV Engenharia e com o apoio das tintas Suvinil, promover\u00e1 a [&hellip;]<\/p>\n","protected":false},"author":1,"featured_media":0,"comment_status":"open","ping_status":"open","sticky":false,"template":"","format":"standard","meta":{"_uag_custom_page_level_css":"","footnotes":""},"categories":[27],"tags":[338,1207,1812,1978,3278,7959,8154,9722,10519,10645,10732,11791],"class_list":["post-5521","post","type-post","status-publish","format-standard","hentry","category-acontece","tag-abrafati","tag-bairro-vila-lage","tag-canteiro-de-obras-da-mrv","tag-casas-pintadas","tag-curso-de-pintor-gratuito","tag-mrv-engenharia","tag-norma-nr-35-trabalho-em-altura","tag-projeto-reconstruir","tag-rua-lucio-tome-feteira","tag-sao-goncalo-rj","tag-seconci-rio","tag-tintas-suvinil"],"blocksy_meta":[],"spectra_blocks_featured_image_url":null,"spectra_blocks_author_info":{"display_name":"Jornal da Constru\u00e7\u00e3o Civil","avatar_url":"https:\/\/secure.gravatar.com\/avatar\/973c9774fd44ddaceb026973c4962faa70fc512bc4c9da68e8ebb40fecee6540?s=96&d=mm&r=g","author_link":"https:\/\/construcaocivil.siriusmarketingedesign.com.br\/?author=1","description":"Desde de 2013, levando muitas informa\u00e7\u00f5es, lan\u00e7amentos e produtos de qualidade para toda cadeia produtiva da constru\u00e7\u00e3o. O Futuro da constru\u00e7\u00e3o passa por aqui,"},"uagb_featured_image_src":{"full":false,"thumbnail":false,"medium":false,"medium_large":false,"large":false,"1536x1536":false,"2048x2048":false},"uagb_author_info":{"display_name":"Jornal da Constru\u00e7\u00e3o Civil","author_link":"https:\/\/construcaocivil.siriusmarketingedesign.com.br\/?author=1"},"uagb_comment_info":0,"uagb_excerpt":"Oportunidade gratuita de acesso \u00e0 carreira ainda\u00a0 promover\u00e1 melhorias em comunidade de S. Gon\u00e7alo Mar\u00e7o, 2017 &#8211; O Servi\u00e7o Social da Ind\u00fastria da Constru\u00e7\u00e3o do Rio de Janeiro (Seconci \u2013 Rio) em parceria com a Associa\u00e7\u00e3o Brasileira dos Fabricantes de Tintas (Abrafati), e a MRV Engenharia e com o apoio das tintas Suvinil, promover\u00e1 a&hellip;","_links":{"self":[{"href":"https:\/\/construcaocivil.siriusmarketingedesign.com.br\/index.php?rest_route=\/wp\/v2\/posts\/5521","targetHints":{"allow":["GET"]}}],"collection":[{"href":"https:\/\/construcaocivil.siriusmarketingedesign.com.br\/index.php?rest_route=\/wp\/v2\/posts"}],"about":[{"href":"https:\/\/construcaocivil.siriusmarketingedesign.com.br\/index.php?rest_route=\/wp\/v2\/types\/post"}],"author":[{"embeddable":true,"href":"https:\/\/construcaocivil.siriusmarketingedesign.com.br\/index.php?rest_route=\/wp\/v2\/users\/1"}],"replies":[{"embeddable":true,"href":"https:\/\/construcaocivil.siriusmarketingedesign.com.br\/index.php?rest_route=%2Fwp%2Fv2%2Fcomments&post=5521"}],"version-history":[{"count":0,"href":"https:\/\/construcaocivil.siriusmarketingedesign.com.br\/index.php?rest_route=\/wp\/v2\/posts\/5521\/revisions"}],"wp:attachment":[{"href":"https:\/\/construcaocivil.siriusmarketingedesign.com.br\/index.php?rest_route=%2Fwp%2Fv2%2Fmedia&parent=5521"}],"wp:term":[{"taxonomy":"category","embeddable":true,"href":"https:\/\/construcaocivil.siriusmarketingedesign.com.br\/index.php?rest_route=%2Fwp%2Fv2%2Fcategories&post=5521"},{"taxonomy":"post_tag","embeddable":true,"href":"https:\/\/construcaocivil.siriusmarketingedesign.com.br\/index.php?rest_route=%2Fwp%2Fv2%2Ftags&post=5521"}],"curies":[{"name":"wp","href":"https:\/\/api.w.org\/{rel}","templated":true}]}}