{"id":5551,"date":"2017-03-28T20:34:15","date_gmt":"2017-03-28T23:34:15","guid":{"rendered":"http:\/\/www.jornaldaconstrucaocivil.com.br\/?p=5551"},"modified":"2017-03-28T20:34:15","modified_gmt":"2017-03-28T23:34:15","slug":"iab-lanca-concurso-estande-para-uia2017seul","status":"publish","type":"post","link":"https:\/\/construcaocivil.siriusmarketingedesign.com.br\/?p=5551","title":{"rendered":"IAB lan\u00e7a Concurso Estande para UIA2017Seul"},"content":{"rendered":"<p style=\"text-align: justify;\"><span style=\"color: #000080;\"><em><strong>Competi\u00e7\u00e3o \u00e9 aberta a arquitetos, designers, entre outros profissionais<\/strong><\/em><\/span><\/p>\n<p style=\"text-align: justify;\"><span style=\"color: #000000;\"><span style=\"color: #993300;\">Mar\u00e7o, 2017<\/span> &#8211; O Instituto de Arquitetos do Brasil (IAB) publicou nesta ter\u00e7a-feira, 28 de mar\u00e7o, edital do concurso nacional de ideias do estande do Brasil para o 26\u00ba Congresso Mundial de Arquitetos. A competi\u00e7\u00e3o \u00e9 aberta a arquitetos, designers, comunicadores visuais e publicit\u00e1rios. As bases da competi\u00e7\u00e3o est\u00e3o dispon\u00edveis no site\u00a0 <span style=\"text-decoration: underline;\"><span style=\"color: #0000ff; text-decoration: underline;\"><a id=\"LPlnk693680\" style=\"color: #0000ff; text-decoration: underline;\" href=\"http:\/\/concursoestandeseul.iabrj.org.br\/\" target=\"_blank\" rel=\"noreferrer\">concursoestandeseul.iabrj.org.br<\/a>\u00a0<\/span><\/span>\u00a0.O prazo de inscri\u00e7\u00e3o \u00e9 de 29 de mar\u00e7o a 2 de maio.<\/span><\/p>\n<p style=\"text-align: justify;\"><a href=\"http:\/\/www.jornaldaconstrucaocivil.com.br\/wp-content\/uploads\/2017\/03\/Convite-Concurso-estande-Seul-OK-.jpeg\"><img loading=\"lazy\" decoding=\"async\" class=\"wp-image-5552 alignleft\" src=\"http:\/\/www.jornaldaconstrucaocivil.com.br\/wp-content\/uploads\/2017\/03\/Convite-Concurso-estande-Seul-OK-.jpeg\" alt=\"Convite Concurso estande Seul OK\" width=\"316\" height=\"351\" \/><\/a><\/p>\n<p style=\"text-align: justify;\"><span style=\"color: #000000;\">Organizado pelo IAB-RJ, com patroc\u00ednio do Conselho de Arquitetura e Urbanismo do Rio de Janeiro (CAU\/RJ), o concurso ocorrer\u00e1 em uma \u00fanica etapa. Os concorrentes dever\u00e3o apresentar solu\u00e7\u00f5es criativas e vers\u00e1teis para o estande que apresentar\u00e1 o Brasil \/ Rio de Janeiro na pr\u00f3xima edi\u00e7\u00e3o do Congresso Mundial de Arquitetos, que ocorrer\u00e1 em Seul, Cor\u00e9ia do Sul, de 3 a 10 de setembro de 2017.<\/span><\/p>\n<p style=\"text-align: justify;\"><span style=\"color: #000000;\">A competi\u00e7\u00e3o \u00e9 mais uma etapa rumo ao 27\u00ba Congresso Mundial de Arquitetos \u2013 UIA2020RIO. Previsto para acontecer em julho de 2020 no Rio de Janeiro, evento deve reunir entre 15 mil e 20 mil arquitetos de todo o mundo.<\/span><\/p>\n<p style=\"text-align: justify;\"><span style=\"color: #000000;\">Em mar\u00e7o, o Conselho da Uni\u00e3o Internacional de Arquitetos (UIA) aprovou, por unanimidade, a organiza\u00e7\u00e3o espacial proposta para o UIA2020RIO. Apresentado pelo conselheiro do IAB, arquiteto Roberto Simon, e um dos quatro conselheiros representantes das Am\u00e9ricas junto \u00e0 UIA, a ideia \u00e9 desenvolver as atividades do congresso no Centro do Rio, especialmente no eixo hist\u00f3rico da antiga Avenida Central, hoje Avenida Rio Branco.<\/span><\/p>\n<p style=\"text-align: justify;\"><span style=\"color: #000000;\">Com o tema <span style=\"color: #000080;\">&#8220;Todos os Mundos. Um s\u00f3 Mundo. Arquitetura 21&#8221;<\/span>, o UIA2020RIO ser\u00e1 o maior evento do Rio de Janeiro p\u00f3s-Olimp\u00edadas. Al\u00e9m do CAU\/RJ, o congresso conta com o apoio do Conselho de Arquitetura e Urbanismo do Brasil (CAU\/BR), da Federa\u00e7\u00e3o Nacional de Arquitetos e Urbanistas (FNA), da Associa\u00e7\u00e3o Brasileira de Arquitetos Paisagistas (ABAP), da Associa\u00e7\u00e3o Brasileira de Escrit\u00f3rios de Arquitetura (AsBEA), da Associa\u00e7\u00e3o Brasileira de Ensino de Arquitetura e Urbanismo (ABEA), da Associa\u00e7\u00e3o Nacional de Pesquisa e P\u00f3s-gradua\u00e7\u00e3o em Arquitetura e Urbanismo (ANPARQ), do Conselho Internacional dos Arquitetos de L\u00edngua Portuguesa (CIALP) e da Federa\u00e7\u00e3o Pan-Americana de Associa\u00e7\u00f5es de Arquitetos (FPAA).<\/span><\/p>\n<p style=\"text-align: justify;\"><span style=\"color: #993300;\">Fonte: Ascom\/IAB-RJ<\/span><\/p>\n<p>&nbsp;<\/p>\n<p>&nbsp;<\/p>\n","protected":false},"excerpt":{"rendered":"<p>Competi\u00e7\u00e3o \u00e9 aberta a arquitetos, designers, entre outros profissionais Mar\u00e7o, 2017 &#8211; O Instituto de Arquitetos do Brasil (IAB) publicou nesta ter\u00e7a-feira, 28 de mar\u00e7o, edital do concurso nacional de ideias do estande do Brasil para o 26\u00ba Congresso Mundial de Arquitetos. A competi\u00e7\u00e3o \u00e9 aberta a arquitetos, designers, comunicadores visuais e publicit\u00e1rios. As bases [&hellip;]<\/p>\n","protected":false},"author":1,"featured_media":5552,"comment_status":"open","ping_status":"open","sticky":false,"template":"","format":"standard","meta":{"_uag_custom_page_level_css":"","footnotes":""},"categories":[27],"tags":[142,1006,2672,2777,6213,9556,11047,12043,12060],"class_list":["post-5551","post","type-post","status-publish","format-standard","has-post-thumbnail","hentry","category-acontece","tag-26o-congresso-mundial-de-arquitetos","tag-associacao-brasileira-de-escritorios-de-arquitetura-asbea","tag-concurso-estande-seul","tag-conselho-de-arquitetura-e-urbanismo-do-brasil-caubr","tag-instituto-de-arquitetos-do-brasil-iab","tag-profissionais-de-varias-areas","tag-seul-coreia-do-sul","tag-uia2020rio","tag-uniao-internacional-de-arquitetos-uia"],"blocksy_meta":[],"spectra_blocks_featured_image_url":[],"spectra_blocks_author_info":{"display_name":"Jornal da Constru\u00e7\u00e3o Civil","avatar_url":"https:\/\/secure.gravatar.com\/avatar\/973c9774fd44ddaceb026973c4962faa70fc512bc4c9da68e8ebb40fecee6540?s=96&d=mm&r=g","author_link":"https:\/\/construcaocivil.siriusmarketingedesign.com.br\/?author=1","description":"Desde de 2013, levando muitas informa\u00e7\u00f5es, lan\u00e7amentos e produtos de qualidade para toda cadeia produtiva da constru\u00e7\u00e3o. O Futuro da constru\u00e7\u00e3o passa por aqui,"},"uagb_featured_image_src":{"full":false,"thumbnail":false,"medium":false,"medium_large":false,"large":false,"1536x1536":false,"2048x2048":false},"uagb_author_info":{"display_name":"Jornal da Constru\u00e7\u00e3o Civil","author_link":"https:\/\/construcaocivil.siriusmarketingedesign.com.br\/?author=1"},"uagb_comment_info":0,"uagb_excerpt":"Competi\u00e7\u00e3o \u00e9 aberta a arquitetos, designers, entre outros profissionais Mar\u00e7o, 2017 &#8211; O Instituto de Arquitetos do Brasil (IAB) publicou nesta ter\u00e7a-feira, 28 de mar\u00e7o, edital do concurso nacional de ideias do estande do Brasil para o 26\u00ba Congresso Mundial de Arquitetos. A competi\u00e7\u00e3o \u00e9 aberta a arquitetos, designers, comunicadores visuais e publicit\u00e1rios. As bases&hellip;","_links":{"self":[{"href":"https:\/\/construcaocivil.siriusmarketingedesign.com.br\/index.php?rest_route=\/wp\/v2\/posts\/5551","targetHints":{"allow":["GET"]}}],"collection":[{"href":"https:\/\/construcaocivil.siriusmarketingedesign.com.br\/index.php?rest_route=\/wp\/v2\/posts"}],"about":[{"href":"https:\/\/construcaocivil.siriusmarketingedesign.com.br\/index.php?rest_route=\/wp\/v2\/types\/post"}],"author":[{"embeddable":true,"href":"https:\/\/construcaocivil.siriusmarketingedesign.com.br\/index.php?rest_route=\/wp\/v2\/users\/1"}],"replies":[{"embeddable":true,"href":"https:\/\/construcaocivil.siriusmarketingedesign.com.br\/index.php?rest_route=%2Fwp%2Fv2%2Fcomments&post=5551"}],"version-history":[{"count":0,"href":"https:\/\/construcaocivil.siriusmarketingedesign.com.br\/index.php?rest_route=\/wp\/v2\/posts\/5551\/revisions"}],"wp:attachment":[{"href":"https:\/\/construcaocivil.siriusmarketingedesign.com.br\/index.php?rest_route=%2Fwp%2Fv2%2Fmedia&parent=5551"}],"wp:term":[{"taxonomy":"category","embeddable":true,"href":"https:\/\/construcaocivil.siriusmarketingedesign.com.br\/index.php?rest_route=%2Fwp%2Fv2%2Fcategories&post=5551"},{"taxonomy":"post_tag","embeddable":true,"href":"https:\/\/construcaocivil.siriusmarketingedesign.com.br\/index.php?rest_route=%2Fwp%2Fv2%2Ftags&post=5551"}],"curies":[{"name":"wp","href":"https:\/\/api.w.org\/{rel}","templated":true}]}}