{"id":5581,"date":"2017-03-29T20:51:25","date_gmt":"2017-03-29T23:51:25","guid":{"rendered":"http:\/\/www.jornaldaconstrucaocivil.com.br\/?p=5581"},"modified":"2017-03-29T20:51:25","modified_gmt":"2017-03-29T23:51:25","slug":"integracao-nacional-envia-auxilio-humanitario-para-atender-regioes-afetadas-por-enchentes-no-peru","status":"publish","type":"post","link":"https:\/\/construcaocivil.siriusmarketingedesign.com.br\/?p=5581","title":{"rendered":"Integra\u00e7\u00e3o Nacional envia aux\u00edlio humanit\u00e1rio para atender regi\u00f5es afetadas por enchentes no Peru"},"content":{"rendered":"<p style=\"text-align: justify;\"><span style=\"color: #333300;\"><em><strong>Aeronave da For\u00e7a A\u00e9rea Brasileira decola nesta quinta-feira (30) levando barracas que acomodar\u00e3o fam\u00edlias desabrigadas<\/strong><\/em><\/span><\/p>\n<p style=\"text-align: justify;\"><span style=\"color: #000000;\"><span style=\"color: #993300;\">Bras\u00edlia-DF, 28\/3\/17<\/span> &#8211; O Minist\u00e9rio da Integra\u00e7\u00e3o Nacional vai compor a for\u00e7a-tarefa do governo federal para atender as fam\u00edlias v\u00edtimas de enchentes que atingem diversas comunidades peruanas. O aux\u00edlio emergencial, composto por 75 barracas, contemplar\u00e1 750 pessoas e ser\u00e1 enviado nesta quinta-feira (30), em um voo da For\u00e7a A\u00e9rea Brasileira (FAB). Uma equipe da Secretaria Nacional de Prote\u00e7\u00e3o e Defesa Civil (Sedec) acompanhar\u00e1 a entrega do material de ajuda humanit\u00e1ria.<\/span><\/p>\n<p style=\"text-align: justify;\"><span style=\"color: #000000;\">A aeronave H\u00e9rcules C130 da FAB vai decolar do Aeroporto Afonso Pena, em Curitiba (PR), onde os equipamentos j\u00e1 se encontram dispon\u00edveis. A previs\u00e3o de chegada \u00e0 base a\u00e9rea de Callao, no Peru, \u00e9 na sexta-feira (31).<\/span><\/p>\n<p style=\"text-align: justify;\"><span style=\"color: #000000;\">As tendas operacionais utilizadas pela Sedec t\u00eam aproximadamente 25m\u00b2 de \u00e1rea \u00fatil, possuem estruturas de f\u00e1cil manejo e montagem, com piso e cobertura de PVC e\u00a0 arma\u00e7\u00e3o em ferro galvanizado, caracter\u00edsticas que possibilitam melhor atendimento em situa\u00e7\u00f5es de desastres naturais. O aux\u00edlio \u00e9 semelhante ao prestado \u00e0s fam\u00edlias afetadas pelo furac\u00e3o Matthew, no Haiti, em outubro de 2016.<\/span><\/p>\n<p>&nbsp;<\/p>\n","protected":false},"excerpt":{"rendered":"<p>Aeronave da For\u00e7a A\u00e9rea Brasileira decola nesta quinta-feira (30) levando barracas que acomodar\u00e3o fam\u00edlias desabrigadas Bras\u00edlia-DF, 28\/3\/17 &#8211; O Minist\u00e9rio da Integra\u00e7\u00e3o Nacional vai compor a for\u00e7a-tarefa do governo federal para atender as fam\u00edlias v\u00edtimas de enchentes que atingem diversas comunidades peruanas. O aux\u00edlio emergencial, composto por 75 barracas, contemplar\u00e1 750 pessoas e ser\u00e1 enviado [&hellip;]<\/p>\n","protected":false},"author":1,"featured_media":0,"comment_status":"open","ping_status":"open","sticky":false,"template":"","format":"standard","meta":{"_uag_custom_page_level_css":"","footnotes":""},"categories":[27],"tags":[474,2606,4871,7360,7709,8836,10759,11664],"class_list":["post-5581","post","type-post","status-publish","format-standard","hentry","category-acontece","tag-aeronave-hercules-c130-da-fab","tag-comunidades-peruanas","tag-familias-vitimas-de-enchentes","tag-material-de-ajuda-humanitaria","tag-ministerio-da-integracao-nacional","tag-peru","tag-secretaria-nacional-de-protecao-e-defesa-civil-sedec","tag-tendas-operacionais"],"blocksy_meta":[],"spectra_blocks_featured_image_url":null,"spectra_blocks_author_info":{"display_name":"Jornal da Constru\u00e7\u00e3o Civil","avatar_url":"https:\/\/secure.gravatar.com\/avatar\/973c9774fd44ddaceb026973c4962faa70fc512bc4c9da68e8ebb40fecee6540?s=96&d=mm&r=g","author_link":"https:\/\/construcaocivil.siriusmarketingedesign.com.br\/?author=1","description":"Desde de 2013, levando muitas informa\u00e7\u00f5es, lan\u00e7amentos e produtos de qualidade para toda cadeia produtiva da constru\u00e7\u00e3o. O Futuro da constru\u00e7\u00e3o passa por aqui,"},"uagb_featured_image_src":{"full":false,"thumbnail":false,"medium":false,"medium_large":false,"large":false,"1536x1536":false,"2048x2048":false},"uagb_author_info":{"display_name":"Jornal da Constru\u00e7\u00e3o Civil","author_link":"https:\/\/construcaocivil.siriusmarketingedesign.com.br\/?author=1"},"uagb_comment_info":0,"uagb_excerpt":"Aeronave da For\u00e7a A\u00e9rea Brasileira decola nesta quinta-feira (30) levando barracas que acomodar\u00e3o fam\u00edlias desabrigadas Bras\u00edlia-DF, 28\/3\/17 &#8211; O Minist\u00e9rio da Integra\u00e7\u00e3o Nacional vai compor a for\u00e7a-tarefa do governo federal para atender as fam\u00edlias v\u00edtimas de enchentes que atingem diversas comunidades peruanas. O aux\u00edlio emergencial, composto por 75 barracas, contemplar\u00e1 750 pessoas e ser\u00e1 enviado&hellip;","_links":{"self":[{"href":"https:\/\/construcaocivil.siriusmarketingedesign.com.br\/index.php?rest_route=\/wp\/v2\/posts\/5581","targetHints":{"allow":["GET"]}}],"collection":[{"href":"https:\/\/construcaocivil.siriusmarketingedesign.com.br\/index.php?rest_route=\/wp\/v2\/posts"}],"about":[{"href":"https:\/\/construcaocivil.siriusmarketingedesign.com.br\/index.php?rest_route=\/wp\/v2\/types\/post"}],"author":[{"embeddable":true,"href":"https:\/\/construcaocivil.siriusmarketingedesign.com.br\/index.php?rest_route=\/wp\/v2\/users\/1"}],"replies":[{"embeddable":true,"href":"https:\/\/construcaocivil.siriusmarketingedesign.com.br\/index.php?rest_route=%2Fwp%2Fv2%2Fcomments&post=5581"}],"version-history":[{"count":0,"href":"https:\/\/construcaocivil.siriusmarketingedesign.com.br\/index.php?rest_route=\/wp\/v2\/posts\/5581\/revisions"}],"wp:attachment":[{"href":"https:\/\/construcaocivil.siriusmarketingedesign.com.br\/index.php?rest_route=%2Fwp%2Fv2%2Fmedia&parent=5581"}],"wp:term":[{"taxonomy":"category","embeddable":true,"href":"https:\/\/construcaocivil.siriusmarketingedesign.com.br\/index.php?rest_route=%2Fwp%2Fv2%2Fcategories&post=5581"},{"taxonomy":"post_tag","embeddable":true,"href":"https:\/\/construcaocivil.siriusmarketingedesign.com.br\/index.php?rest_route=%2Fwp%2Fv2%2Ftags&post=5581"}],"curies":[{"name":"wp","href":"https:\/\/api.w.org\/{rel}","templated":true}]}}