{"id":5584,"date":"2017-03-30T13:23:45","date_gmt":"2017-03-30T16:23:45","guid":{"rendered":"http:\/\/www.jornaldaconstrucaocivil.com.br\/?p=5584"},"modified":"2017-03-30T13:23:45","modified_gmt":"2017-03-30T16:23:45","slug":"energia-solar-vai-abastecer-hospital-che-guevara-em-marica","status":"publish","type":"post","link":"https:\/\/construcaocivil.siriusmarketingedesign.com.br\/?p=5584","title":{"rendered":"Energia solar vai abastecer Hospital Che Guevara em Maric\u00e1"},"content":{"rendered":"<p style=\"text-align: justify;\"><span style=\"color: #000000;\">O Hospital Municipal Dr. Ernesto Che Guevara, que est\u00e1 sendo constru\u00eddo no km 23 da RJ-106, em S\u00e3o Jos\u00e9 do Imbassa\u00ed, recebeu na manh\u00e3 de ontem &#8211; quarta-feira (29\/03), uma visita guiada do prefeito Fabiano Horta para a inspe\u00e7\u00e3o das obras, cujo cronograma ultrapassou os 70% de execu\u00e7\u00e3o. Quando estiver em funcionamento, o que dever\u00e1 ocorrer no in\u00edcio do ano que vem, estima-se que, a unidade dever\u00e1 fazer em torno de 25 mil atendimentos &#8211; tanto de Maric\u00e1 quanto de munic\u00edpios vizinhos.<\/span><\/p>\n<figure id=\"attachment_5585\" aria-describedby=\"caption-attachment-5585\" style=\"width: 360px\" class=\"wp-caption alignleft\"><a href=\"http:\/\/www.jornaldaconstrucaocivil.com.br\/wp-content\/uploads\/2017\/03\/MARICA-II.jpg\"><img loading=\"lazy\" decoding=\"async\" class=\"wp-image-5585\" src=\"http:\/\/www.jornaldaconstrucaocivil.com.br\/wp-content\/uploads\/2017\/03\/MARICA-II.jpg\" alt=\"MARICA II\" width=\"360\" height=\"245\" \/><\/a><figcaption id=\"caption-attachment-5585\" class=\"wp-caption-text\"><span style=\"color: #0000ff;\">Fernando Horta(camisa azul), prefeito de Maric\u00e1 visita com secret\u00e1rios, t\u00e9cnicos e engenheiros, obras do Hospital Che Guevara. <span style=\"color: #000000;\">Foto: Fernando Silva. <\/span><\/span><\/figcaption><\/figure>\n<p style=\"text-align: justify;\"><span style=\"color: #000000;\">O prefeito estava acompanhado de um grupo de m\u00e9dicos e enfermeiros da Sa\u00fade, convidados a conhecerem essa que ser\u00e1 a maior instala\u00e7\u00e3o de Sa\u00fade da regi\u00e3o. Fabiano Horta afirmou n\u00e3o ter d\u00favidas de que Maric\u00e1 se tornar\u00e1 uma refer\u00eancia no atendimento m\u00e9dico.<\/span> <em><span style=\"color: #993300;\">\u201cEsse hospital \u00e9 uma cidade que est\u00e1 sendo constru\u00edda dentro de Maric\u00e1. Isso aqui tem din\u00e2mica e log\u00edstica de cidade e pelo gigantismo que carrega, eu n\u00e3o tenho d\u00favida que Maric\u00e1 vai se tornar uma refer\u00eancia regional no atendimento do SUS\u201d<\/span><\/em>, <span style=\"color: #000000;\">disse.<\/span> <span style=\"color: #000080;\"><em>\u201cAproveito a ocasi\u00e3o para reafirmar tamb\u00e9m o nosso compromisso de conclus\u00e3o dessa obra ainda este ano\u201d, completou. \u201cPara n\u00f3s \u00e9 um orgulho construir um aparelho p\u00fablico que vai atender a popula\u00e7\u00e3o da cidade e promover uma transforma\u00e7\u00e3o definitiva da sa\u00fade de Maric\u00e1\u201d<\/em><\/span>,<span style=\"color: #000000;\"> concluiu o prefeito, lembrando que o hospital \u00e9 um legado para as gera\u00e7\u00f5es futuras depois de percorrer salas e corredores em processo de acabamento &#8211; para o qual est\u00e1 sendo empregado material de primeira qualidade.<\/span><\/p>\n<figure id=\"attachment_5586\" aria-describedby=\"caption-attachment-5586\" style=\"width: 325px\" class=\"wp-caption alignright\"><a href=\"http:\/\/www.jornaldaconstrucaocivil.com.br\/wp-content\/uploads\/2017\/03\/HOSPITAL-MARICA.jpg\"><img loading=\"lazy\" decoding=\"async\" class=\"wp-image-5586\" src=\"http:\/\/www.jornaldaconstrucaocivil.com.br\/wp-content\/uploads\/2017\/03\/HOSPITAL-MARICA.jpg\" alt=\"HOSPITAL MARICA\" width=\"325\" height=\"221\" \/><\/a><figcaption id=\"caption-attachment-5586\" class=\"wp-caption-text\"><span style=\"color: #0000ff;\">Energia solar ser\u00e1 a fonte de energia sustent\u00e1vel do Hospital Che Guevara.<span style=\"color: #000000;\"> Foto: Fernando Silva<\/span><\/span><\/figcaption><\/figure>\n<p style=\"text-align: justify;\"><span style=\"color: #000000;\">O secret\u00e1rio Marcos C\u00e2mara anunciou que a unidade ser\u00e1 sustent\u00e1vel, ou seja, produzir\u00e1 sua pr\u00f3pria energia. O consumo, de 1,8 megawatts, corresponde a 10% do que gasta uma cidade com 150 mil habitantes como Maric\u00e1, mas n\u00e3o vai gerar um centavo a mais em despesa para o munic\u00edpio<\/span>.<span style=\"color: #993300;\"><em> &#8220;O estacionamento contar\u00e1 com coberturas feitas com placas fotovoltaicas, respons\u00e1veis pelo processo de convers\u00e3o da energia solar em eletricidade, permitindo ao hospital produzir sua pr\u00f3pria energia&#8221;, explicou. C\u00e2mara falou ainda sobre as necessidades diferenciadas na realiza\u00e7\u00e3o da obra, que exigiram mais por se tratar de uma unidade hospitalar. \u201cO pr\u00e9dio est\u00e1 todo preparado dentro das normas de seguran\u00e7a\u201d<\/em>,<\/span> garantiu.<span style=\"color: #000000;\"><em><span style=\"color: #993300;\"> \u201cInstala\u00e7\u00f5es el\u00e9tricas, preven\u00e7\u00e3o de inc\u00eandio, instala\u00e7\u00f5es de gazes medicinais, instala\u00e7\u00f5es hidr\u00e1ulicas, entre outras, foram feitas para atender especificamente o hospital porque o ambiente hospitalar exige aten\u00e7\u00e3o diferenciada da normativa de engenharia<span style=\"color: #000000;\">\u201d<\/span><\/span><\/em>, acrescentou. <em><span style=\"color: #993300;\">\u201cNo sistema de ar condicionado, por exemplo, usaremos uma m\u00e1quina chamada Chillers, que trabalha com \u00e1gua gelada e que vai insuflar o ambiente, climatizando assim, todo o hospital\u201d<\/span><\/em>, finalizou.<\/span><\/p>\n<p style=\"text-align: justify;\"><span style=\"color: #000000;\">Muitos dos profissionais da Sa\u00fade visitavam as \u00e1reas internas do hospital pela primeira vez e ficaram impressionados com o que viram. A enfermeira da pediatria do Hospital Municipal Conde Modesto Leal (HMCML), Juliana Cunha, n\u00e3o imaginava que a unidade tinha uma estrutura t\u00e3o complexa.<span style=\"color: #993300;\"><em> \u201cQuem passa na Rodovia n\u00e3o tem no\u00e7\u00e3o do que est\u00e1 acontecendo aqui dentro. Quando se entra aqui, se percebe a dimens\u00e3o do que \u00e9 esse hospital\u201d<\/em><\/span>, disse.<span style=\"color: #993300;\"><em> \u201cTudo aqui \u00e9 muito grande! Tem inclusive uma UTI pedi\u00e1trica, algo que o munic\u00edpio, hoje, n\u00e3o tem. Esse hospital \u00e9 um ganho para popula\u00e7\u00e3o e para n\u00f3s, profissionais, que iremos trabalhar nele\u201d<\/em><\/span>, afirmou.<\/span><\/p>\n<p style=\"text-align: justify;\"><span style=\"color: #000000;\">O coordenador da equipe cl\u00ednica do HMCML, o m\u00e9dico Fl\u00e1vio Alvarenga tamb\u00e9m ficou surpreso.<\/span> <span style=\"color: #993300;\"><em>\u201cEstruturalmente o hospital \u00e9 excelente, muito mais do que eu esperava\u201d<\/em><\/span>, <span style=\"color: #000000;\">destacou<\/span>. <em><span style=\"color: #993300;\">\u201cEst\u00e1 bonito e bem planejado\u201d<\/span><\/em>, <span style=\"color: #000000;\">ressaltou. O m\u00e9dico tamb\u00e9m falou do desafio em administrar um aparelho desta magnitude.<\/span><em><span style=\"color: #000080;\"> \u201cO maior, em principio, ser\u00e1 o tamanho dessa estrutura. Gerir uma equipe do tamanho da que vai ser necess\u00e1ria para ocupar esse hospital, para ele funcionar bem, vai ser sem d\u00favidas um desafio e uma das formas de vence-lo \u00e9 a for\u00e7a de vontade da equipe. Isso far\u00e1 toda a diferen\u00e7a\u201d<\/span><\/em>, afirmou.<span style=\"color: #993300;\"><em> \u201cEu como m\u00e9dica, moradora dessa cidade me sinto realizando um sonho. Enquanto muitos lugares est\u00e3o fechando seus hospitais, est\u00e3o deixando de atender seus pacientes, n\u00f3s estamos aqui construindo uma unidade de refer\u00eancia\u201d, disse a secret\u00e1ria de Sa\u00fade, Simone Costa. \u201cN\u00e3o s\u00f3 para esse munic\u00edpio n\u00e3o, mas seremos vistos como referencia tamb\u00e9m por outros munic\u00edpios\u201d<\/em><\/span>, acrescentou.<\/p>\n<p style=\"text-align: justify;\"><span style=\"color: #000000;\">Quando conclu\u00eddo o Hospital Municipal Dr. Ernesto Che Guevara ter\u00e1 tr\u00eas blocos: A, B e C. No bloco A est\u00e3o localizados os consult\u00f3rios m\u00e9dicos e a recep\u00e7\u00e3o. Considerado o cora\u00e7\u00e3o do hospital o bloco B possui caracter\u00edsticas muito especificas, por se tratar de um ambiente com alto grau de risco, e \u00e9 nele que est\u00e3o o centro cir\u00fargico e as UTIs. E por \u00faltimo o bloco C onde funcionar\u00e1 a \u00e1rea de servi\u00e7os como refeit\u00f3rios, vesti\u00e1rios, administra\u00e7\u00e3o e salas de TI. O investimento \u00e9 realizado com recursos pr\u00f3prios da Prefeitura, de aproximadamente R$ 40 milh\u00f5es<\/span> <span style=\"color: #0000ff;\">(considerando as obras civis)<\/span> <span style=\"color: #000000;\">e contar\u00e1 com 138 leitos para interna\u00e7\u00e3o al\u00e9m de duas CTIs, 19 enfermarias (com tr\u00eas leitos cada), distribu\u00eddas pelos tr\u00eas blocos, seis salas de observa\u00e7\u00e3o para adultos e mais tr\u00eas alas de observa\u00e7\u00e3o para pediatria. A \u00e1rea total do terreno onde est\u00e1 sendo constru\u00edda toda estrutura \u00e9 de 128,9 mil metros quadrados. O hospital contar\u00e1 com tomografia, Raio X, entre outros aparelhos. A maior parte do equipamento necess\u00e1rio est\u00e1 sendo adquirida a partir de emendas parlamentares, um total de aproximadamente R$ 7,8 milh\u00f5es. O prefeito estava acompanhado da primeira-dama, Rosana Horta, do vice-prefeito, Marcos Ribeiro, de secret\u00e1rios municipais e vereadores.<\/span><\/p>\n<p style=\"text-align: justify;\">Fonte: Ascom\/Prefeitura de Maric\u00e1-RJ<\/p>\n","protected":false},"excerpt":{"rendered":"<p>O Hospital Municipal Dr. Ernesto Che Guevara, que est\u00e1 sendo constru\u00eddo no km 23 da RJ-106, em S\u00e3o Jos\u00e9 do Imbassa\u00ed, recebeu na manh\u00e3 de ontem &#8211; quarta-feira (29\/03), uma visita guiada do prefeito Fabiano Horta para a inspe\u00e7\u00e3o das obras, cujo cronograma ultrapassou os 70% de execu\u00e7\u00e3o. Quando estiver em funcionamento, o que dever\u00e1 [&hellip;]<\/p>\n","protected":false},"author":1,"featured_media":5585,"comment_status":"open","ping_status":"open","sticky":false,"template":"","format":"standard","meta":{"_uag_custom_page_level_css":"","footnotes":""},"categories":[31],"tags":[240,2863,4315,4324,4969,5807,10103,10426],"class_list":["post-5584","post","type-post","status-publish","format-standard","has-post-thumbnail","hentry","category-infraestrutura","tag-70-das-obras-concluidas","tag-construcao-de-hospital","tag-energia-solar","tag-energias-renovaveis","tag-fernando-horta-prefeito-de-marica","tag-hospital-che-guevara","tag-regiao-metropolitana-do-rio","tag-rj-106"],"blocksy_meta":[],"spectra_blocks_featured_image_url":[],"spectra_blocks_author_info":{"display_name":"Jornal da Constru\u00e7\u00e3o Civil","avatar_url":"https:\/\/secure.gravatar.com\/avatar\/973c9774fd44ddaceb026973c4962faa70fc512bc4c9da68e8ebb40fecee6540?s=96&d=mm&r=g","author_link":"https:\/\/construcaocivil.siriusmarketingedesign.com.br\/?author=1","description":"Desde de 2013, levando muitas informa\u00e7\u00f5es, lan\u00e7amentos e produtos de qualidade para toda cadeia produtiva da constru\u00e7\u00e3o. O Futuro da constru\u00e7\u00e3o passa por aqui,"},"uagb_featured_image_src":{"full":false,"thumbnail":false,"medium":false,"medium_large":false,"large":false,"1536x1536":false,"2048x2048":false},"uagb_author_info":{"display_name":"Jornal da Constru\u00e7\u00e3o Civil","author_link":"https:\/\/construcaocivil.siriusmarketingedesign.com.br\/?author=1"},"uagb_comment_info":0,"uagb_excerpt":"O Hospital Municipal Dr. Ernesto Che Guevara, que est\u00e1 sendo constru\u00eddo no km 23 da RJ-106, em S\u00e3o Jos\u00e9 do Imbassa\u00ed, recebeu na manh\u00e3 de ontem &#8211; quarta-feira (29\/03), uma visita guiada do prefeito Fabiano Horta para a inspe\u00e7\u00e3o das obras, cujo cronograma ultrapassou os 70% de execu\u00e7\u00e3o. Quando estiver em funcionamento, o que dever\u00e1&hellip;","_links":{"self":[{"href":"https:\/\/construcaocivil.siriusmarketingedesign.com.br\/index.php?rest_route=\/wp\/v2\/posts\/5584","targetHints":{"allow":["GET"]}}],"collection":[{"href":"https:\/\/construcaocivil.siriusmarketingedesign.com.br\/index.php?rest_route=\/wp\/v2\/posts"}],"about":[{"href":"https:\/\/construcaocivil.siriusmarketingedesign.com.br\/index.php?rest_route=\/wp\/v2\/types\/post"}],"author":[{"embeddable":true,"href":"https:\/\/construcaocivil.siriusmarketingedesign.com.br\/index.php?rest_route=\/wp\/v2\/users\/1"}],"replies":[{"embeddable":true,"href":"https:\/\/construcaocivil.siriusmarketingedesign.com.br\/index.php?rest_route=%2Fwp%2Fv2%2Fcomments&post=5584"}],"version-history":[{"count":0,"href":"https:\/\/construcaocivil.siriusmarketingedesign.com.br\/index.php?rest_route=\/wp\/v2\/posts\/5584\/revisions"}],"wp:attachment":[{"href":"https:\/\/construcaocivil.siriusmarketingedesign.com.br\/index.php?rest_route=%2Fwp%2Fv2%2Fmedia&parent=5584"}],"wp:term":[{"taxonomy":"category","embeddable":true,"href":"https:\/\/construcaocivil.siriusmarketingedesign.com.br\/index.php?rest_route=%2Fwp%2Fv2%2Fcategories&post=5584"},{"taxonomy":"post_tag","embeddable":true,"href":"https:\/\/construcaocivil.siriusmarketingedesign.com.br\/index.php?rest_route=%2Fwp%2Fv2%2Ftags&post=5584"}],"curies":[{"name":"wp","href":"https:\/\/api.w.org\/{rel}","templated":true}]}}