{"id":5612,"date":"2017-03-30T15:12:56","date_gmt":"2017-03-30T18:12:56","guid":{"rendered":"http:\/\/www.jornaldaconstrucaocivil.com.br\/?p=5612"},"modified":"2021-07-31T21:48:55","modified_gmt":"2021-08-01T00:48:55","slug":"grupo-amazonas-lanca-mix-de-produtos-na-feicon","status":"publish","type":"post","link":"https:\/\/construcaocivil.siriusmarketingedesign.com.br\/?p=5612","title":{"rendered":"Grupo Amazonas lan\u00e7a mix de produtos na Feicon"},"content":{"rendered":"<p style=\"text-align: justify;\"><span style=\"color: #000080;\"><em><strong>Os novos produtos chegam cumprindo a promessa da empresa \u2013 que tamb\u00e9m comemora seus 70 anos de atividades durante o evento \u2013 de sempre oferecer produtos realmente inovadores ao mercado<\/strong><\/em><\/span><\/p>\n<p style=\"text-align: justify;\"><span style=\"color: #000000;\"><span style=\"color: #993300;\">Mar\u00e7o, 2017<\/span> &#8211; O Grupo Amazonas, fabricante de mais de 1.400 variedades de adesivos e selantes para os mais diversos segmentos, incluindo o de constru\u00e7\u00e3o, lan\u00e7a com exclusividade na maior feira do setor de constru\u00e7\u00e3o da Am\u00e9rica Latina, a Feicon Batimat 2017 \u2013 23\u00ba Sal\u00e3o Internacional da Constru\u00e7\u00e3o, mix de produtos que contempla a mais alta tecnologia de pol\u00edmeros e a facilidade na aplica\u00e7\u00e3o. De 04 a 08 de abril, no S\u00e3o Paulo Expo Exhibition &amp; Convention Center, em S\u00e3o Paulo (SP), os visitantes do estande da empresa, localizado na rua D, n\u00ba 100, podem ver e conhecer o Duralit 2 em 1 Cola Incolor H\u00edbrida e o MS Fixa Tudo Transparente. A fam\u00edlia Fixa Tudo completa e toda a linha PVC tamb\u00e9m est\u00e3o em exposi\u00e7\u00e3o.<\/span><\/p>\n<p style=\"text-align: justify;\">\n<p style=\"text-align: justify;\"><span style=\"color: #000000;\">Indicado para colagem de metal, telhas, vidros, pedras, calhas, cer\u00e2micas, m\u00e1rmore, madeiras, azulejos e concretos, o Duralit 2 em 1 Cola Incolor H\u00edbrida \u00e9 monocomponente &#8211; tecnologia inovadora que substitui o ep\u00f3xi bicomponente. Pronto para o uso, transparente e inodoro, oferece f\u00e1cil aplica\u00e7\u00e3o, resist\u00eancia inicial em 15 minutos e aceita pintura. Dentre as principais recomenda\u00e7\u00f5es de utiliza\u00e7\u00e3o, aconselha-se limparbem a tampa da embalagem antes de fechar e testar a compatibilidade entre o produto e os substratos.<\/span><\/p>\n<p style=\"text-align: justify;\"><span style=\"color: #000000;\">A outra novidade do Grupo Amazonas, que acaba de comemorar 70 anos de atividades, o MS Fixa Tudo Transparente, destinado a colar e selar os mais diversos substratos, tais como metal, telhas, vidros, pedras, calhas, cer\u00e2micas, m\u00e1rmore, madeiras, azulejos e concretos, tem alto poder de colagem e excelente ader\u00eancia. Aceita pintura e n\u00e3o escorre. Por ser indicado para uso em \u00e1reas internas, o contato direto com raios solares pode levar o produto ao amarelamento. Tamb\u00e9m recomenda-se sempre testar sua compatibilidade com os substratos a serem colados.\u00a0<\/span><\/p>\n<p style=\"text-align: justify;\">\n<p style=\"text-align: justify;\"><span style=\"color: #000000;\">Ambos os lan\u00e7amentos chegam ao mercado cumprindo a promessa do Grupo Amazonas de sempre oferecer produtos realmente inovadores. No caso do Duralit 2 em 1 Cola Incolor H\u00edbrida surge como produto exclusivo, com prop\u00f3sito de substituir tecnologias at\u00e9 ent\u00e3o consideradas como op\u00e7\u00e3o \u00fanica para os clientes. J\u00e1 o MS Fixa Tudo Transparente, embora existam alguns produtos similares \u00e0 venda, nenhum tem fabrica\u00e7\u00e3o no Brasil. Baseada nestas vantagens e diferenciais, a dire\u00e7\u00e3o da companhia aposta em produ\u00e7\u00e3o mensal inicial de 1 tonelada dos produtos, podendo alcan\u00e7ar 3 toneladas no m\u00e9dio prazo e 4 toneladas no longo prazo.<\/span><\/p>\n<p style=\"text-align: justify;\"><span style=\"color: #000000;\"><em><span style=\"color: #000080;\">\u201cEscolhemos este importante evento que \u00e9 a Feicon para apresentar ao p\u00fablico o que existe de mais novo no mundo dos pol\u00edmeros. S\u00e3o mais de quatro anos de pesquisas e a cria\u00e7\u00e3o de uma s\u00e9rie realmente inovadora e moderna de produtos com alto desempenho, transparentes e com facilidade de aplica\u00e7\u00e3o. S\u00e3o pol\u00edmeros que n\u00e3o apresentam isocianatos e s\u00e3o livres de solventes. Teremos t\u00e9cnicos fazendo aplica\u00e7\u00f5es dos produtos durante a feira e, ap\u00f3s o evento, planejamos tamb\u00e9m apresenta\u00e7\u00f5es em home centers\u201d<\/span><\/em>, pontua Matheus Giolo Romeiro, gerente de Neg\u00f3cio da \u00e1rea de Constru\u00e7\u00e3o.<\/span><\/p>\n<p style=\"text-align: justify;\"><span style=\"color: #000080;\"><strong>Destaque em log\u00edstica e comemora\u00e7\u00e3o dos 70 anos<\/strong><\/span><\/p>\n<p style=\"text-align: justify;\"><span style=\"color: #000000;\">O Grupo Amazonas tamb\u00e9m destaca durante a Feicon 2017 os servi\u00e7os oferecidos pela Painel Transporte e Log\u00edstica, seu bra\u00e7o especializado no transporte de cargas completas e fracionadas, que acaba de obter o selo Sassmaq &#8211; Sistema de Avalia\u00e7\u00e3o de Seguran\u00e7a, Sa\u00fade, Meio Ambiente e Qualidade, colocando-a no seleto grupo de empresas aptas a transportar produtos qu\u00edmicos seguindo todos os requisitos de seguran\u00e7a e que oferecem servi\u00e7os qualificados nas opera\u00e7\u00f5es log\u00edsticas.<\/span><\/p>\n<p style=\"text-align: justify;\"><span style=\"color: #000000;\">O objetivo do Sassmaq \u00e9 reduzir, de forma cont\u00ednua e progressiva, os riscos de acidentes nas opera\u00e7\u00f5es de transporte e distribui\u00e7\u00e3o de produtos qu\u00edmicos e a avalia\u00e7\u00e3o das empresas \u00e9 feita por organismos certificadores independentes credenciados pela Abiquim (Associa\u00e7\u00e3o Brasileira da Ind\u00fastria Qu\u00edmica).<\/span><\/p>\n<p style=\"text-align: justify;\"><span style=\"color: #000000;\">E para marcar as sete d\u00e9cadas de atividades e desenvolvimento, completadas no m\u00eas de mar\u00e7o, a companhia preparou diversas a\u00e7\u00f5es, como o lan\u00e7amento de um livro comemorativo contando toda sua hist\u00f3ria, desde a funda\u00e7\u00e3o em 14 de mar\u00e7o de 1947 na cidade de Franca, interior de S\u00e3o Paulo. No decorrer da feira receber\u00e1 convidados em seu estande para celebrar o anivers\u00e1rio.<\/span><\/p>\n<p style=\"text-align: justify;\">Site:<span style=\"text-decoration: underline;\"><span style=\"color: #0000ff; text-decoration: underline;\">\u00a0<em><a style=\"color: #0000ff; text-decoration: underline;\" href=\"http:\/\/www.amazonas.com.br\/\" target=\"_blank\" rel=\"noopener noreferrer\">www.amazonas.com.br<\/a><\/em><\/span><\/span><\/p>\n<p style=\"text-align: justify;\">\n","protected":false},"excerpt":{"rendered":"<p>Os novos produtos chegam cumprindo a promessa da empresa \u2013 que tamb\u00e9m comemora seus 70 anos de atividades durante o evento \u2013 de sempre oferecer produtos realmente inovadores ao mercado Mar\u00e7o, 2017 &#8211; O Grupo Amazonas, fabricante de mais de 1.400 variedades de adesivos e selantes para os mais diversos segmentos, incluindo o de constru\u00e7\u00e3o, [&hellip;]<\/p>\n","protected":false},"author":1,"featured_media":17036,"comment_status":"open","ping_status":"open","sticky":false,"template":"","format":"standard","meta":{"_uag_custom_page_level_css":"","footnotes":""},"categories":[12591],"tags":[2667,3836,4915,5111,5650,7124,7312,7362,10073,21702,10810],"class_list":["post-5612","post","type-post","status-publish","format-standard","has-post-thumbnail","hentry","category-produtos","tag-concretos","tag-duralit","tag-feicon-2017","tag-fixa-tudo","tag-grupo-amazonas","tag-madeiras","tag-marmore","tag-material-de-construcao","tag-reformas-e-manutencao","tag-revestimentos-ceramicos-e-pisos","tag-selantes-para-construcao"],"blocksy_meta":[],"spectra_blocks_featured_image_url":{"thumbnail":{"url":"https:\/\/construcaocivil.siriusmarketingedesign.com.br\/wp-content\/uploads\/2017\/03\/AMAZONAS-150x150.jpg","width":150,"height":150},"medium":{"url":"https:\/\/construcaocivil.siriusmarketingedesign.com.br\/wp-content\/uploads\/2017\/03\/AMAZONAS-300x157.jpg","width":300,"height":157},"medium_large":{"url":"https:\/\/construcaocivil.siriusmarketingedesign.com.br\/wp-content\/uploads\/2017\/03\/AMAZONAS-768x403.jpg","width":768,"height":403},"large":{"url":"https:\/\/construcaocivil.siriusmarketingedesign.com.br\/wp-content\/uploads\/2017\/03\/AMAZONAS.jpg","width":848,"height":445},"full":{"url":"https:\/\/construcaocivil.siriusmarketingedesign.com.br\/wp-content\/uploads\/2017\/03\/AMAZONAS.jpg","width":848,"height":445}},"spectra_blocks_author_info":{"display_name":"Jornal da Constru\u00e7\u00e3o Civil","avatar_url":"https:\/\/secure.gravatar.com\/avatar\/973c9774fd44ddaceb026973c4962faa70fc512bc4c9da68e8ebb40fecee6540?s=96&d=mm&r=g","author_link":"https:\/\/construcaocivil.siriusmarketingedesign.com.br\/?author=1","description":"Desde de 2013, levando muitas informa\u00e7\u00f5es, lan\u00e7amentos e produtos de qualidade para toda cadeia produtiva da constru\u00e7\u00e3o. O Futuro da constru\u00e7\u00e3o passa por aqui,"},"uagb_featured_image_src":{"full":["https:\/\/construcaocivil.siriusmarketingedesign.com.br\/wp-content\/uploads\/2017\/03\/AMAZONAS.jpg",848,445,false],"thumbnail":["https:\/\/construcaocivil.siriusmarketingedesign.com.br\/wp-content\/uploads\/2017\/03\/AMAZONAS-150x150.jpg",150,150,true],"medium":["https:\/\/construcaocivil.siriusmarketingedesign.com.br\/wp-content\/uploads\/2017\/03\/AMAZONAS-300x157.jpg",300,157,true],"medium_large":["https:\/\/construcaocivil.siriusmarketingedesign.com.br\/wp-content\/uploads\/2017\/03\/AMAZONAS-768x403.jpg",768,403,true],"large":["https:\/\/construcaocivil.siriusmarketingedesign.com.br\/wp-content\/uploads\/2017\/03\/AMAZONAS.jpg",848,445,false],"1536x1536":["https:\/\/construcaocivil.siriusmarketingedesign.com.br\/wp-content\/uploads\/2017\/03\/AMAZONAS.jpg",848,445,false],"2048x2048":["https:\/\/construcaocivil.siriusmarketingedesign.com.br\/wp-content\/uploads\/2017\/03\/AMAZONAS.jpg",848,445,false]},"uagb_author_info":{"display_name":"Jornal da Constru\u00e7\u00e3o Civil","author_link":"https:\/\/construcaocivil.siriusmarketingedesign.com.br\/?author=1"},"uagb_comment_info":0,"uagb_excerpt":"Os novos produtos chegam cumprindo a promessa da empresa \u2013 que tamb\u00e9m comemora seus 70 anos de atividades durante o evento \u2013 de sempre oferecer produtos realmente inovadores ao mercado Mar\u00e7o, 2017 &#8211; O Grupo Amazonas, fabricante de mais de 1.400 variedades de adesivos e selantes para os mais diversos segmentos, incluindo o de constru\u00e7\u00e3o,&hellip;","_links":{"self":[{"href":"https:\/\/construcaocivil.siriusmarketingedesign.com.br\/index.php?rest_route=\/wp\/v2\/posts\/5612","targetHints":{"allow":["GET"]}}],"collection":[{"href":"https:\/\/construcaocivil.siriusmarketingedesign.com.br\/index.php?rest_route=\/wp\/v2\/posts"}],"about":[{"href":"https:\/\/construcaocivil.siriusmarketingedesign.com.br\/index.php?rest_route=\/wp\/v2\/types\/post"}],"author":[{"embeddable":true,"href":"https:\/\/construcaocivil.siriusmarketingedesign.com.br\/index.php?rest_route=\/wp\/v2\/users\/1"}],"replies":[{"embeddable":true,"href":"https:\/\/construcaocivil.siriusmarketingedesign.com.br\/index.php?rest_route=%2Fwp%2Fv2%2Fcomments&post=5612"}],"version-history":[{"count":0,"href":"https:\/\/construcaocivil.siriusmarketingedesign.com.br\/index.php?rest_route=\/wp\/v2\/posts\/5612\/revisions"}],"wp:featuredmedia":[{"embeddable":true,"href":"https:\/\/construcaocivil.siriusmarketingedesign.com.br\/index.php?rest_route=\/wp\/v2\/media\/17036"}],"wp:attachment":[{"href":"https:\/\/construcaocivil.siriusmarketingedesign.com.br\/index.php?rest_route=%2Fwp%2Fv2%2Fmedia&parent=5612"}],"wp:term":[{"taxonomy":"category","embeddable":true,"href":"https:\/\/construcaocivil.siriusmarketingedesign.com.br\/index.php?rest_route=%2Fwp%2Fv2%2Fcategories&post=5612"},{"taxonomy":"post_tag","embeddable":true,"href":"https:\/\/construcaocivil.siriusmarketingedesign.com.br\/index.php?rest_route=%2Fwp%2Fv2%2Ftags&post=5612"}],"curies":[{"name":"wp","href":"https:\/\/api.w.org\/{rel}","templated":true}]}}