{"id":5630,"date":"2017-03-31T15:26:06","date_gmt":"2017-03-31T18:26:06","guid":{"rendered":"http:\/\/www.jornaldaconstrucaocivil.com.br\/?p=5630"},"modified":"2017-03-31T15:26:06","modified_gmt":"2017-03-31T18:26:06","slug":"fne-reforca-posicao-contraria-a-nova-politica-de-conteudo-local-em-reuniao-no-plenario-da-camara-federal","status":"publish","type":"post","link":"https:\/\/construcaocivil.siriusmarketingedesign.com.br\/?p=5630","title":{"rendered":"FNE refor\u00e7a posi\u00e7\u00e3o contr\u00e1ria \u00e0 nova pol\u00edtica  de conte\u00fado local em reuni\u00e3o no plen\u00e1rio da C\u00e2mara Federal"},"content":{"rendered":"<p style=\"text-align: justify;\"><span style=\"color: #000080;\"><em><strong>Entidade representativa de 500 mil engenheiros aponta que mudan\u00e7a nas regras conte\u00fado local enfraquece empresa nacional e levar\u00e1 ao aumento de demiss\u00f5es no setor industrial<\/strong><\/em><\/span><\/p>\n<p style=\"text-align: justify;\"><span style=\"color: #000000;\"><span style=\"color: #993300;\">Mar\u00e7o, 2017<\/span> &#8211; A Federa\u00e7\u00e3o Nacional dos Engenheiros (FNE) refor\u00e7ou ontem, quinta-feira (30\/3) na C\u00e2mara dos Deputados, em Bras\u00edlia, seu posicionamento contr\u00e1rio \u00e0 pol\u00edtica de conte\u00fado nacional definida pelo governo federal. Na oportunidade, a entidade voltou a defender que o governo reveja as regras a fim de auxiliar a retomada da produ\u00e7\u00e3o industrial e gera\u00e7\u00e3o de empregos.<\/span><\/p>\n<p style=\"text-align: justify;\"><span style=\"color: #000000;\">A resist\u00eancia da FNE, entidade representativa de 500 mil engenheiros em todo o Pa\u00eds, e de v\u00e1rios sindicatos, associa\u00e7\u00f5es patronais e ligadas aos trabalhadores em rela\u00e7\u00e3o \u00e0 nova pol\u00edtica de conte\u00fado nacional foi manifestada durante reuni\u00e3o da comiss\u00e3o geral realizada no plen\u00e1rio da C\u00e2mara Federal para debater as novas regras de conte\u00fado local para petr\u00f3leo e g\u00e1s<\/span><\/p>\n<p style=\"text-align: justify;\"><span style=\"color: #000000;\">A FNE foi representada pelo consultor Artur Ara\u00fajo que exp\u00f4s, na tribuna do plen\u00e1rio da Casa, a perda da oportunidade de novo ciclo de desenvolvimento e risco de demiss\u00e3o maci\u00e7a de engenheiros e de trabalhadores.<span style=\"color: #993300;\"><em> &#8220;Ou o governo modifica essa pol\u00edtica e retoma os percentuais anteriores de conte\u00fado local ou o Pa\u00eds abandonar\u00e1 uma rota de desenvolvimento do valor agregado&#8221;<\/em><\/span> afirmou Ara\u00fajo.<\/span><\/p>\n<p style=\"text-align: justify;\"><span style=\"color: #000000;\">Em fevereiro, o governo federal definiu uma nova pol\u00edtica de conte\u00fado local reduzindo os percentuais m\u00ednimos exigidos. Foi decidido que para a \u00e1rea mar\u00edtima (atividade que concentra a explora\u00e7\u00e3o e produ\u00e7\u00e3o de petr\u00f3leo no Brasil) os percentuais m\u00ednimos de conte\u00fado local ser\u00e3o de 25% para a constru\u00e7\u00e3o de po\u00e7os e de 18% na atividade de explora\u00e7\u00e3o.<\/span><\/p>\n<p style=\"text-align: justify;\"><span style=\"color: #000000;\">A FNE vem ressaltando que esses percentuais s\u00e3o baixos e que a mudan\u00e7a prejudicar\u00e1 o setor industrial nacional, impedindo os fabricantes brasileiros se tornem fornecedores os segmentos de petr\u00f3leo e g\u00e1s e naval &#8211; decis\u00e3o que \u00e9 vista como retrocesso na \u00e1rea da engenharia, tecnologia e inova\u00e7\u00e3o.<\/span><\/p>\n<p style=\"text-align: justify;\"><span style=\"color: #000000;\">A federa\u00e7\u00e3o destaca que essa defini\u00e7\u00e3o vai na contram\u00e3o de um contexto que requer a retomada da atividade industrial e est\u00edmulos \u00e0 gera\u00e7\u00e3o de vagas de trabalho ap\u00f3s dois anos de grave recess\u00e3o.<span style=\"color: #000080;\"><em> &#8220;A estimativa da FNE \u00e9 que essa pol\u00edtica custar\u00e1, em nossa categoria, 5 mil empregos. E estamos falando de 5 mil empregos dos mais categorizados, 5 mil fontes de conhecimento&#8221;<\/em><\/span>, enfatizou.<\/span><\/p>\n<p style=\"text-align: justify;\"><span style=\"color: #000000;\">O alerta sobre o risco de demiss\u00e3o foi feito tamb\u00e9m por outras entidades representativas da classe trabalhadora a exemplo dos petroleiros e metal\u00fargicos e trabalhadores da ind\u00fastria naval.<\/span><\/p>\n<p style=\"text-align: justify;\"><span style=\"color: #000000;\">Representantes do setor produtivo tamb\u00e9m firmaram posi\u00e7\u00e3o na reuni\u00e3o da Comiss\u00e3o Geral expondo a contrariedade dos empres\u00e1rios em rela\u00e7\u00e3o \u00e0 nova pol\u00edtica de conte\u00fado nacional.<\/span><\/p>\n<p style=\"text-align: justify;\"><span style=\"color: #000000;\">O presidente executivo da Associa\u00e7\u00e3o Brasileira de M\u00e1quinas e Equipamentos (Abimaq), Jos\u00e9 Velloso, disse que a recente medida do governo federal levar\u00e1 \u00e0 demiss\u00e3o de mais de 1 milh\u00e3o de trabalhadores.<span style=\"color: #000080;\"><em> &#8220;Iremos demitir em vez de gerar trabalho e poder\u00edamos estar gerando mais de 1,5 milh\u00e3o de empregos&#8221;, disse. Ele informou que nos \u00faltimos anos o setor industrial vez investimentos de US$ 60 bilh\u00f5es para se preparar para a amplia\u00e7\u00e3o do setor de ind\u00fastria e g\u00e1s. \u201cIsso ser\u00e1 perdido.\u201d<\/em><\/span><\/span><\/p>\n<p style=\"text-align: justify;\"><span style=\"color: #000000;\"><span style=\"color: #993300;\"><strong>Reuni\u00e3o com presidente dos Poderes<\/strong> <\/span>\u2013 Deputados de v\u00e1rios partidos subiram \u00e0 tribuna do plen\u00e1rio durante a reuni\u00e3o para lamentar a decis\u00e3o do governo de reduzir os n\u00edveis m\u00ednimos de conte\u00fado local.<\/span><\/p>\n<p style=\"text-align: justify;\"><span style=\"color: #000000;\">Esses novos n\u00edveis ser\u00e3o par\u00e2metros para a 14\u00aa rodada de licita\u00e7\u00e3o de campos de petr\u00f3leo e g\u00e1s prevista para setembro e para o leil\u00e3o de blocos do Pr\u00e9-Sal em novembro.<\/span><\/p>\n<p style=\"text-align: justify;\"><span style=\"color: #000000;\">Ao presidir a Comiss\u00e3o Geral, o deputado Davidson Magalh\u00e3es (PCdoB-BA) disse que representantes de sete frentes parlamentares pedir\u00e3o audi\u00eancia aos presidentes da C\u00e2mara e do Senado para negociar um encontro com Michel Temer.<\/span><\/p>\n<p style=\"text-align: justify;\"><span style=\"color: #000080;\"><em>\u201cVamos articular essa reuni\u00e3o conjunta para levar representares do setor produtivo e dos trabalhadores para uma reuni\u00e3o com o presidente Temer a fim de tentarmos mudar as regras para a 14\u00aa rodada.\u201d<\/em><\/span><\/p>\n<p style=\"text-align: justify;\"><span style=\"color: #000000;\">Os deputados Henrique Fontana (PT), Luiz S\u00e9rgio (PT-RJ) e Soraya Santos (PMDB-RJ) tamb\u00e9m foram \u00e0 tribuna fazer cr\u00edticas \u00e0 nova pol\u00edtica de conte\u00fado nacional.<\/span><\/p>\n<p style=\"text-align: justify;\"><span style=\"color: #000000;\">A comiss\u00e3o geral que debateu as regras de conte\u00fado nacional para os segmentos de petr\u00f3leo e g\u00e1s reuniu parlamentares de sete frentes parlamentares, entre as quais a Frente Parlamentar Mista da Engenharia, Infraestrutura e Desenvolvimento, criada a partir do apoio da FNE.<\/span><\/p>\n<p style=\"text-align: justify;\">\n<p style=\"text-align: justify;\">\n<p>&nbsp;<\/p>\n","protected":false},"excerpt":{"rendered":"<p>Entidade representativa de 500 mil engenheiros aponta que mudan\u00e7a nas regras conte\u00fado local enfraquece empresa nacional e levar\u00e1 ao aumento de demiss\u00f5es no setor industrial Mar\u00e7o, 2017 &#8211; A Federa\u00e7\u00e3o Nacional dos Engenheiros (FNE) refor\u00e7ou ontem, quinta-feira (30\/3) na C\u00e2mara dos Deputados, em Bras\u00edlia, seu posicionamento contr\u00e1rio \u00e0 pol\u00edtica de conte\u00fado nacional definida pelo governo [&hellip;]<\/p>\n","protected":false},"author":1,"featured_media":0,"comment_status":"open","ping_status":"open","sticky":false,"template":"","format":"standard","meta":{"_uag_custom_page_level_css":"","footnotes":""},"categories":[27],"tags":[4907,5394,6571,7661,9057,9471,10145],"class_list":["post-5630","post","type-post","status-publish","format-standard","hentry","category-acontece","tag-federacao-nacional-dos-engenheiros-fne","tag-geracao-de-empregos","tag-jose-velloso-presidente-executivo-da-abimaq","tag-milhares-de-desempregos","tag-politica-de-conteudo-local-ameacada","tag-producao-industrial","tag-regras-de-conteudo-nacional"],"blocksy_meta":[],"spectra_blocks_featured_image_url":null,"spectra_blocks_author_info":{"display_name":"Jornal da Constru\u00e7\u00e3o Civil","avatar_url":"https:\/\/secure.gravatar.com\/avatar\/973c9774fd44ddaceb026973c4962faa70fc512bc4c9da68e8ebb40fecee6540?s=96&d=mm&r=g","author_link":"https:\/\/construcaocivil.siriusmarketingedesign.com.br\/?author=1","description":"Desde de 2013, levando muitas informa\u00e7\u00f5es, lan\u00e7amentos e produtos de qualidade para toda cadeia produtiva da constru\u00e7\u00e3o. O Futuro da constru\u00e7\u00e3o passa por aqui,"},"uagb_featured_image_src":{"full":false,"thumbnail":false,"medium":false,"medium_large":false,"large":false,"1536x1536":false,"2048x2048":false},"uagb_author_info":{"display_name":"Jornal da Constru\u00e7\u00e3o Civil","author_link":"https:\/\/construcaocivil.siriusmarketingedesign.com.br\/?author=1"},"uagb_comment_info":0,"uagb_excerpt":"Entidade representativa de 500 mil engenheiros aponta que mudan\u00e7a nas regras conte\u00fado local enfraquece empresa nacional e levar\u00e1 ao aumento de demiss\u00f5es no setor industrial Mar\u00e7o, 2017 &#8211; A Federa\u00e7\u00e3o Nacional dos Engenheiros (FNE) refor\u00e7ou ontem, quinta-feira (30\/3) na C\u00e2mara dos Deputados, em Bras\u00edlia, seu posicionamento contr\u00e1rio \u00e0 pol\u00edtica de conte\u00fado nacional definida pelo governo&hellip;","_links":{"self":[{"href":"https:\/\/construcaocivil.siriusmarketingedesign.com.br\/index.php?rest_route=\/wp\/v2\/posts\/5630","targetHints":{"allow":["GET"]}}],"collection":[{"href":"https:\/\/construcaocivil.siriusmarketingedesign.com.br\/index.php?rest_route=\/wp\/v2\/posts"}],"about":[{"href":"https:\/\/construcaocivil.siriusmarketingedesign.com.br\/index.php?rest_route=\/wp\/v2\/types\/post"}],"author":[{"embeddable":true,"href":"https:\/\/construcaocivil.siriusmarketingedesign.com.br\/index.php?rest_route=\/wp\/v2\/users\/1"}],"replies":[{"embeddable":true,"href":"https:\/\/construcaocivil.siriusmarketingedesign.com.br\/index.php?rest_route=%2Fwp%2Fv2%2Fcomments&post=5630"}],"version-history":[{"count":0,"href":"https:\/\/construcaocivil.siriusmarketingedesign.com.br\/index.php?rest_route=\/wp\/v2\/posts\/5630\/revisions"}],"wp:attachment":[{"href":"https:\/\/construcaocivil.siriusmarketingedesign.com.br\/index.php?rest_route=%2Fwp%2Fv2%2Fmedia&parent=5630"}],"wp:term":[{"taxonomy":"category","embeddable":true,"href":"https:\/\/construcaocivil.siriusmarketingedesign.com.br\/index.php?rest_route=%2Fwp%2Fv2%2Fcategories&post=5630"},{"taxonomy":"post_tag","embeddable":true,"href":"https:\/\/construcaocivil.siriusmarketingedesign.com.br\/index.php?rest_route=%2Fwp%2Fv2%2Ftags&post=5630"}],"curies":[{"name":"wp","href":"https:\/\/api.w.org\/{rel}","templated":true}]}}