{"id":5634,"date":"2017-03-31T15:38:27","date_gmt":"2017-03-31T18:38:27","guid":{"rendered":"http:\/\/www.jornaldaconstrucaocivil.com.br\/?p=5634"},"modified":"2017-03-31T15:38:27","modified_gmt":"2017-03-31T18:38:27","slug":"grupo-de-conjuntura-do-ipea-projeta-crescimento-de-07-do-pib-em-2017","status":"publish","type":"post","link":"https:\/\/construcaocivil.siriusmarketingedesign.com.br\/?p=5634","title":{"rendered":"Grupo de Conjuntura do Ipea projeta crescimento de 0,7% do PIB em 2017"},"content":{"rendered":"<p style=\"text-align: justify;\"><span style=\"color: #000080;\"><em><strong>T\u00e9cnicos divulgaram ontem, quinta-feira (30\/03) proje\u00e7\u00f5es para a economia e nota t\u00e9cnica sobre capacidade produtiva ociosa<\/strong><\/em><\/span><\/p>\n<p style=\"text-align: justify;\"><span style=\"color: #000000;\"><span style=\"color: #ff0000;\">Mar\u00e7o, 2017<\/span> &#8211; O Instituto de Pesquisa Econ\u00f4mica Aplicada (Ipea) divulgou ontem, 30, a Vis\u00e3o Geral da Carta de Conjuntura n\u00ba 34. O estudo traz proje\u00e7\u00f5es para a economia brasileira e detalha os sinais de recupera\u00e7\u00e3o. <span style=\"color: #993300;\">Uma das an\u00e1lises indica que o primeiro trimestre de 2017 registrar\u00e1 varia\u00e7\u00e3o positiva do Produto Interno Bruto (PIB) de 0,3 %, na s\u00e9rie com ajuste sazonal, rompendo uma sequ\u00eancia de dados negativos desde o \u00faltimo trimestre de 2014<\/span>. Para o ano fechado de 2017, o Grupo de Conjuntura do Ipea projeta um aumento de 0,7% do PIB, com taxas crescentes a partir do segundo trimestre.<\/span><\/p>\n<p style=\"text-align: justify;\"><span style=\"color: #000000;\">Essas estimativas consideram um cen\u00e1rio em que n\u00e3o haver\u00e1 grandes mudan\u00e7as no ambiente externo, que a situa\u00e7\u00e3o pol\u00edtica dom\u00e9stica se estabilizar\u00e1 e que o Brasil continuar\u00e1 avan\u00e7ando na estrutura\u00e7\u00e3o de um arcabou\u00e7o constitucional e infraconstitucional que d\u00ea suporte cr\u00edvel a um novo regime fiscal.<\/span><\/p>\n<p style=\"text-align: justify;\"><span style=\"color: #000000;\">Segundo essas proje\u00e7\u00f5es, o processo de desinfla\u00e7\u00e3o em curso continuar\u00e1 ao longo de 2017 e o IPCA deve fechar o ano em 3,9%, bem abaixo, portanto, do centro da meta de infla\u00e7\u00e3o para o ano (4,5%). Em 2018, \u00e0 medida que a atividade acelerasse, permitindo a recomposi\u00e7\u00e3o de margens pelas empresas, e a contribui\u00e7\u00e3o do aumento da oferta de alimentos se dissipasse, a infla\u00e7\u00e3o poderia voltar a subir levemente para n\u00edveis pr\u00f3ximos do centro da meta.<\/span><\/p>\n<p style=\"text-align: justify;\"><span style=\"color: #000000;\"><span style=\"color: #993300;\">A proje\u00e7\u00e3o do Ipea aponta para um crescimento econ\u00f4mico de 3,6% em 2018<\/span>,<span style=\"color: #993300;\"> com infla\u00e7\u00e3o em 4,5%<\/span>. O estudo do Ipea apresenta estimativas tamb\u00e9m para o PIB industrial, o PIB de servi\u00e7os e o PIB agropecu\u00e1rio, al\u00e9m da taxa Selic e a taxa de c\u00e2mbio (R$\/US$). O cen\u00e1rio tra\u00e7ado pelo Grupo de Conjuntura \u00e9 de aumento dos gastos de investimento e consumo e redu\u00e7\u00e3o de juros, um contexto que permita ao Banco Central reduzir a Selic para 8,75% a.a. ao final de 2017 e mant\u00ea-la nesse mesmo patamar durante 2018.<\/span><\/p>\n<p style=\"text-align: justify;\"><span style=\"color: #000000;\">Como os gastos p\u00fablicos estar\u00e3o limitados pela restri\u00e7\u00e3o fiscal, <span style=\"color: #993300;\">o crescimento no bi\u00eanio 2017-2018 dever\u00e1 se basear fundamentalmente na demanda privada dom\u00e9stica<\/span>: al\u00e9m do impulso dos investimentos, o trabalho projeta recupera\u00e7\u00e3o gradual, mas tamb\u00e9m importante, do consumo das fam\u00edlias. Essa recupera\u00e7\u00e3o seria impulsionada, em um primeiro momento, pela redu\u00e7\u00e3o da infla\u00e7\u00e3o e dos juros, pelo impacto positivo da libera\u00e7\u00e3o dos recursos do FGTS e pela estabiliza\u00e7\u00e3o das condi\u00e7\u00f5es do mercado de trabalho. Em um segundo momento, o consumo aumentaria devido \u00e0 melhora no mercado de trabalho, consubstanciada no aumento das contrata\u00e7\u00f5es e na redu\u00e7\u00e3o do desemprego, e pelo al\u00edvio das condi\u00e7\u00f5es do cr\u00e9dito.<\/span><\/p>\n<p style=\"text-align: justify;\"><span style=\"color: #000000;\">Tamb\u00e9m na quinta, o Grupo de Conjuntura apresentou a nota t\u00e9cnica Capacidade produtiva ociosa atual e proje\u00e7\u00e3o para o produto potencial 2017-2018. O estudo aponta um hiato de produto da ordem de 7% como retrato da ociosidade produtiva resultante do quadro recessivo atual. Essa ociosidade, no entanto, proporciona capacidade de oferta para uma retomada do crescimento econ\u00f4mico que, para ser mantido, <span style=\"color: #993300;\">teria de vir acompanhado de recupera\u00e7\u00e3o expressiva dos investimentos em capital fixo e melhora da efici\u00eancia da economia<\/span>.<\/span><\/p>\n<p style=\"text-align: justify;\">Fonte: Ascom\/IPEA<\/p>\n","protected":false},"excerpt":{"rendered":"<p>T\u00e9cnicos divulgaram ontem, quinta-feira (30\/03) proje\u00e7\u00f5es para a economia e nota t\u00e9cnica sobre capacidade produtiva ociosa Mar\u00e7o, 2017 &#8211; O Instituto de Pesquisa Econ\u00f4mica Aplicada (Ipea) divulgou ontem, 30, a Vis\u00e3o Geral da Carta de Conjuntura n\u00ba 34. O estudo traz proje\u00e7\u00f5es para a economia brasileira e detalha os sinais de recupera\u00e7\u00e3o. Uma das an\u00e1lises [&hellip;]<\/p>\n","protected":false},"author":1,"featured_media":0,"comment_status":"open","ping_status":"open","sticky":false,"template":"","format":"standard","meta":{"_uag_custom_page_level_css":"","footnotes":""},"categories":[33],"tags":[1825,3428,3856,5662,6322,6389,7527,8185,8889,8892,8896,10272],"class_list":["post-5634","post","type-post","status-publish","format-standard","hentry","category-mercado","tag-capacidade-produtiva-ociosa","tag-demanda-privada-domestica","tag-economia","tag-grupo-de-conjuntura-do-ipea","tag-investimentos-em-capital-fixo","tag-ipea-pib-0-7","tag-mercado-de-trabalho","tag-nota-tecnica","tag-pib-agropecuario","tag-pib-de-servicos","tag-pib-industrial","tag-restricao-fiscal"],"blocksy_meta":[],"spectra_blocks_featured_image_url":null,"spectra_blocks_author_info":{"display_name":"Jornal da Constru\u00e7\u00e3o Civil","avatar_url":"https:\/\/secure.gravatar.com\/avatar\/973c9774fd44ddaceb026973c4962faa70fc512bc4c9da68e8ebb40fecee6540?s=96&d=mm&r=g","author_link":"https:\/\/construcaocivil.siriusmarketingedesign.com.br\/?author=1","description":"Desde de 2013, levando muitas informa\u00e7\u00f5es, lan\u00e7amentos e produtos de qualidade para toda cadeia produtiva da constru\u00e7\u00e3o. O Futuro da constru\u00e7\u00e3o passa por aqui,"},"uagb_featured_image_src":{"full":false,"thumbnail":false,"medium":false,"medium_large":false,"large":false,"1536x1536":false,"2048x2048":false},"uagb_author_info":{"display_name":"Jornal da Constru\u00e7\u00e3o Civil","author_link":"https:\/\/construcaocivil.siriusmarketingedesign.com.br\/?author=1"},"uagb_comment_info":0,"uagb_excerpt":"T\u00e9cnicos divulgaram ontem, quinta-feira (30\/03) proje\u00e7\u00f5es para a economia e nota t\u00e9cnica sobre capacidade produtiva ociosa Mar\u00e7o, 2017 &#8211; O Instituto de Pesquisa Econ\u00f4mica Aplicada (Ipea) divulgou ontem, 30, a Vis\u00e3o Geral da Carta de Conjuntura n\u00ba 34. O estudo traz proje\u00e7\u00f5es para a economia brasileira e detalha os sinais de recupera\u00e7\u00e3o. Uma das an\u00e1lises&hellip;","_links":{"self":[{"href":"https:\/\/construcaocivil.siriusmarketingedesign.com.br\/index.php?rest_route=\/wp\/v2\/posts\/5634","targetHints":{"allow":["GET"]}}],"collection":[{"href":"https:\/\/construcaocivil.siriusmarketingedesign.com.br\/index.php?rest_route=\/wp\/v2\/posts"}],"about":[{"href":"https:\/\/construcaocivil.siriusmarketingedesign.com.br\/index.php?rest_route=\/wp\/v2\/types\/post"}],"author":[{"embeddable":true,"href":"https:\/\/construcaocivil.siriusmarketingedesign.com.br\/index.php?rest_route=\/wp\/v2\/users\/1"}],"replies":[{"embeddable":true,"href":"https:\/\/construcaocivil.siriusmarketingedesign.com.br\/index.php?rest_route=%2Fwp%2Fv2%2Fcomments&post=5634"}],"version-history":[{"count":0,"href":"https:\/\/construcaocivil.siriusmarketingedesign.com.br\/index.php?rest_route=\/wp\/v2\/posts\/5634\/revisions"}],"wp:attachment":[{"href":"https:\/\/construcaocivil.siriusmarketingedesign.com.br\/index.php?rest_route=%2Fwp%2Fv2%2Fmedia&parent=5634"}],"wp:term":[{"taxonomy":"category","embeddable":true,"href":"https:\/\/construcaocivil.siriusmarketingedesign.com.br\/index.php?rest_route=%2Fwp%2Fv2%2Fcategories&post=5634"},{"taxonomy":"post_tag","embeddable":true,"href":"https:\/\/construcaocivil.siriusmarketingedesign.com.br\/index.php?rest_route=%2Fwp%2Fv2%2Ftags&post=5634"}],"curies":[{"name":"wp","href":"https:\/\/api.w.org\/{rel}","templated":true}]}}