{"id":5643,"date":"2017-04-03T15:02:03","date_gmt":"2017-04-03T18:02:03","guid":{"rendered":"http:\/\/www.jornaldaconstrucaocivil.com.br\/?p=5643"},"modified":"2017-04-03T15:02:03","modified_gmt":"2017-04-03T18:02:03","slug":"terceirizacao-reforma-da-previdencia-e-cortes-de-gastos-fazem-centrais-sindicais-movimentos-sociais-e-servidores-publicos-protestarem-contra-governo-temer","status":"publish","type":"post","link":"https:\/\/construcaocivil.siriusmarketingedesign.com.br\/?p=5643","title":{"rendered":"Terceiriza\u00e7\u00e3o, reforma da previd\u00eancia e cortes de gastos fazem centrais sindicais, movimentos sociais e servidores p\u00fablicos protestarem contra governo Temer"},"content":{"rendered":"<p style=\"text-align: justify;\"><span style=\"color: #000000;\"><span style=\"color: #ff0000;\">Abril, 2017<\/span> &#8211; Na \u00faltima sexta-feira (31), as ruas das principais cidades brasileiras foram palco de in\u00fameras manifesta\u00e7\u00f5es promovido por sindicatos. No Rio, a Central \u00danica dos Trabalhadores (CUT-RJ), Uni\u00e3o Geral dos Trabalhadores, For\u00e7a Sindical, Sindicatos dos Metal\u00fargicos &#8211; RJ, Sindipetro-RJ \u00a0e movimentos sociais protestaram contra a terceiriza\u00e7\u00e3o, a reforma da previd\u00eancia, a quebra do conte\u00fado local, e o sucateamento das empresas p\u00fablicas, em especial venda dos ativos da Petrobras, inclu\u00eddo o Pr\u00e9 \u2013 Sal. Em decorr\u00eancia dessas a\u00e7\u00f5es do governo atual, durante o ato, \u00a0milhares de pessoas gritavam FORA TEMER, no Centro-Rio.<\/span><\/p>\n<p style=\"text-align: justify;\"><a href=\"http:\/\/www.jornaldaconstrucaocivil.com.br\/wp-content\/uploads\/2017\/04\/OK-FORA-TEMER-2017-006.jpg\"><img loading=\"lazy\" decoding=\"async\" class=\"wp-image-5644 alignleft\" src=\"http:\/\/www.jornaldaconstrucaocivil.com.br\/wp-content\/uploads\/2017\/04\/OK-FORA-TEMER-2017-006-1024x724.jpg\" alt=\"OK FORA TEMER 2017 006\" width=\"314\" height=\"222\" \/><\/a><\/p>\n<p style=\"text-align: justify;\"><span style=\"color: #000000;\">Para Luis S\u00e9rgio, Deputado Federal-PT\/RJ, o governo Temer est\u00e1 errando em liquidar com tudo, acabando com a pol\u00edtica de conte\u00fado local, previd\u00eancia, al\u00e9m de tomar medidas erradas:<\/span><\/p>\n<p style=\"text-align: justify;\"><span style=\"color: #000000;\"><em><span style=\"color: #993300;\">\u201c Essa pol\u00edtica de rever o conte\u00fado local \u00e9 algo inaceit\u00e1vel e grave. Vejamos o caso do <span style=\"color: #0000ff;\">Estaleiro Brasfels<\/span> que deixou de produzir 02 plataformas em Angra do Reis-RJ, o que <span style=\"color: #0000ff;\">geraria 4.500 empregos<\/span>, <span style=\"color: #0000ff;\">no setor naval<\/span>, porque simplesmente, o Governo Temer resolveu fabricar na China essas plataformas alegando ser mais barato. Desta forma vamos exportar empregos e neste momento precisamos \u00e9 criar empregos aqui no Brasil. Entre outras gravidades praticada por Temer, temos a venda dos ativos da Petrobras, a flexibiliza\u00e7\u00e3o dos direitos dos trabalhadores e o fim da previd\u00eancia social \u201d<\/span>, disse S\u00e9rgio. \u00a0<\/em><\/span><\/p>\n<p style=\"text-align: justify;\"><span style=\"color: #000000;\">Outro a reprovar as a\u00e7\u00f5es do Governo Temer, o Engenheiro Jos\u00e9 Chacon de Assis, vice \u2013 presidente do Instituto Brasileiro de Engenharia de Custos (IBEC) e representante da Associa\u00e7\u00e3o Fluminense de Engenheiros e Arquitetos (AFEA), afirma:<em><span style=\"color: #993300;\"> \u201cEste governo est\u00e1 acabando com a <span style=\"color: #0000ff;\">ind\u00fastria brasileira<\/span> e com o <span style=\"color: #0000ff;\">conte\u00fado local<\/span>. Atacaram a carne&#8230; eles est\u00e3o em todas as \u00e1reas. Atacando de todas as formas. At\u00e9 as empresas a\u00e9reas, no setor das malas, que d\u00e1 um lucro para as companhias a\u00e9reas, este governo atacou&#8221;.<\/span><\/em><\/span><\/p>\n<p style=\"text-align: justify;\"><span style=\"color: #000000;\">Chacon, tamb\u00e9m cr\u00edtica a desastrosa gest\u00e3o do Ministro Kassab, no Minist\u00e9rio da Ci\u00eancia e Tecnologia: <em><span style=\"color: #993300;\">\u201cO kassab est\u00e1 dando dinheiro para as teles. Vendendo nossos sat\u00e9lites, que serve para atender as popula\u00e7\u00f5es que n\u00e3o possuem acesso ao mundo digital e internet. Ent\u00e3o, n\u00f3s queremos a queda de Temer deste governo\u201d<\/span>, acrescentou Chacon.<\/em>\u00a0\u00a0\u00a0\u00a0 \u00a0<\/span><\/p>\n<p style=\"text-align: justify;\"><span style=\"color: #000000;\">No momento desconfian\u00e7a ao governo Temer s\u00f3 aumenta, como comprovado em recente pesquisa divulgado CNI\/IBOPE (31\/03), que mostra o presidente com 80% de desconfian\u00e7a. Ainda assim, aprovar duras medidas na C\u00e2mara e no Senado passou a ser a \u00fanica sa\u00edda para o governo Temer para agradar ao mercado.<\/span><\/p>\n<p style=\"text-align: justify;\"><span style=\"color: #000000;\">Enquanto isso, o IBGE mostrou os dados do desemprego no Brasil, s\u00e3o 13, 5 milh\u00f5es de desempregados neste momento. Enfim, n\u00e3o parece ser t\u00e3o simples para um governo enrolado na Opera\u00e7\u00e3o Lava Jato e sem confian\u00e7a aprovar diversos projetos neste cen\u00e1rio. \u00a0\u00a0<\/span><\/p>\n<p>&nbsp;<\/p>\n","protected":false},"excerpt":{"rendered":"<p>Abril, 2017 &#8211; Na \u00faltima sexta-feira (31), as ruas das principais cidades brasileiras foram palco de in\u00fameras manifesta\u00e7\u00f5es promovido por sindicatos. No Rio, a Central \u00danica dos Trabalhadores (CUT-RJ), Uni\u00e3o Geral dos Trabalhadores, For\u00e7a Sindical, Sindicatos dos Metal\u00fargicos &#8211; RJ, Sindipetro-RJ \u00a0e movimentos sociais protestaram contra a terceiriza\u00e7\u00e3o, a reforma da previd\u00eancia, a quebra do [&hellip;]<\/p>\n","protected":false},"author":1,"featured_media":5644,"comment_status":"open","ping_status":"open","sticky":false,"template":"","format":"standard","meta":{"_uag_custom_page_level_css":"","footnotes":""},"categories":[27],"tags":[2176,3330,3514,4596,5168,5171,6560,7069,9807,10053,11030,11137,12319,12369],"class_list":["post-5643","post","type-post","status-publish","format-standard","has-post-thumbnail","hentry","category-acontece","tag-cgt","tag-cut-rj","tag-desempregos","tag-estaleiro-brafels","tag-fora-temer","tag-forca-sindical","tag-jose-chacon-ibec","tag-luis-sergio-deputado-federalpt-rj","tag-protestos-por-todo-brasil","tag-reforma-da-previdencia","tag-setor-naval","tag-sindicatos","tag-vendas-dos-ativos-da-petrobras","tag-veto-do-conteudo-local"],"blocksy_meta":[],"spectra_blocks_featured_image_url":[],"spectra_blocks_author_info":{"display_name":"Jornal da Constru\u00e7\u00e3o Civil","avatar_url":"https:\/\/secure.gravatar.com\/avatar\/973c9774fd44ddaceb026973c4962faa70fc512bc4c9da68e8ebb40fecee6540?s=96&d=mm&r=g","author_link":"https:\/\/construcaocivil.siriusmarketingedesign.com.br\/?author=1","description":"Desde de 2013, levando muitas informa\u00e7\u00f5es, lan\u00e7amentos e produtos de qualidade para toda cadeia produtiva da constru\u00e7\u00e3o. O Futuro da constru\u00e7\u00e3o passa por aqui,"},"uagb_featured_image_src":{"full":false,"thumbnail":false,"medium":false,"medium_large":false,"large":false,"1536x1536":false,"2048x2048":false},"uagb_author_info":{"display_name":"Jornal da Constru\u00e7\u00e3o Civil","author_link":"https:\/\/construcaocivil.siriusmarketingedesign.com.br\/?author=1"},"uagb_comment_info":0,"uagb_excerpt":"Abril, 2017 &#8211; Na \u00faltima sexta-feira (31), as ruas das principais cidades brasileiras foram palco de in\u00fameras manifesta\u00e7\u00f5es promovido por sindicatos. No Rio, a Central \u00danica dos Trabalhadores (CUT-RJ), Uni\u00e3o Geral dos Trabalhadores, For\u00e7a Sindical, Sindicatos dos Metal\u00fargicos &#8211; RJ, Sindipetro-RJ \u00a0e movimentos sociais protestaram contra a terceiriza\u00e7\u00e3o, a reforma da previd\u00eancia, a quebra do&hellip;","_links":{"self":[{"href":"https:\/\/construcaocivil.siriusmarketingedesign.com.br\/index.php?rest_route=\/wp\/v2\/posts\/5643","targetHints":{"allow":["GET"]}}],"collection":[{"href":"https:\/\/construcaocivil.siriusmarketingedesign.com.br\/index.php?rest_route=\/wp\/v2\/posts"}],"about":[{"href":"https:\/\/construcaocivil.siriusmarketingedesign.com.br\/index.php?rest_route=\/wp\/v2\/types\/post"}],"author":[{"embeddable":true,"href":"https:\/\/construcaocivil.siriusmarketingedesign.com.br\/index.php?rest_route=\/wp\/v2\/users\/1"}],"replies":[{"embeddable":true,"href":"https:\/\/construcaocivil.siriusmarketingedesign.com.br\/index.php?rest_route=%2Fwp%2Fv2%2Fcomments&post=5643"}],"version-history":[{"count":0,"href":"https:\/\/construcaocivil.siriusmarketingedesign.com.br\/index.php?rest_route=\/wp\/v2\/posts\/5643\/revisions"}],"wp:attachment":[{"href":"https:\/\/construcaocivil.siriusmarketingedesign.com.br\/index.php?rest_route=%2Fwp%2Fv2%2Fmedia&parent=5643"}],"wp:term":[{"taxonomy":"category","embeddable":true,"href":"https:\/\/construcaocivil.siriusmarketingedesign.com.br\/index.php?rest_route=%2Fwp%2Fv2%2Fcategories&post=5643"},{"taxonomy":"post_tag","embeddable":true,"href":"https:\/\/construcaocivil.siriusmarketingedesign.com.br\/index.php?rest_route=%2Fwp%2Fv2%2Ftags&post=5643"}],"curies":[{"name":"wp","href":"https:\/\/api.w.org\/{rel}","templated":true}]}}