{"id":5647,"date":"2017-04-03T15:16:27","date_gmt":"2017-04-03T18:16:27","guid":{"rendered":"http:\/\/www.jornaldaconstrucaocivil.com.br\/?p=5647"},"modified":"2017-04-03T15:16:27","modified_gmt":"2017-04-03T18:16:27","slug":"capitao-vilfredo-schurmann-lider-da-familia-schurmann-e-o-mais-novo-embaixador-na-luta-por-mais-saneamento-basico-aos-brasileiros","status":"publish","type":"post","link":"https:\/\/construcaocivil.siriusmarketingedesign.com.br\/?p=5647","title":{"rendered":"Capit\u00e3o Vilfredo Schurmann, l\u00edder da Fam\u00edlia Schurmann, \u00e9 o mais novo Embaixador na luta por mais saneamento b\u00e1sico aos brasileiros"},"content":{"rendered":"<p style=\"text-align: justify;\"><span style=\"color: #000000;\"><span style=\"color: #ff0000;\">Abril, 2017<\/span> &#8211; O cen\u00e1rio do saneamento b\u00e1sico no Brasil \u00e9 muito preocupante; em 2015, cerca de 34 milh\u00f5es de brasileiras n\u00e3o t\u00eam acesso \u00e0 \u00e1gua tratada e metade do pa\u00eds n\u00e3o tem coleta de esgotos. Somente 42% dos esgotos gerados s\u00e3o tratados e isso explica a p\u00e9ssima qualidade da \u00e1gua da maior parte de nossos rios, reservat\u00f3rios, ba\u00edas.<\/span><\/p>\n<p style=\"text-align: justify;\"><span style=\"color: #000000;\">Preocupado com a situa\u00e7\u00e3o e sabedor de que os recursos h\u00eddricos do planeta precisam ser protegidos, o Capit\u00e3o Vilfredo passa a ser mais uma voz na luta para que mais brasileiros tenham acesso \u00e0 \u00e1gua, \u00e0 coleta e ao tratamento dos esgotos.<\/span><\/p>\n<figure id=\"attachment_5648\" aria-describedby=\"caption-attachment-5648\" style=\"width: 311px\" class=\"wp-caption alignleft\"><a href=\"http:\/\/www.jornaldaconstrucaocivil.com.br\/wp-content\/uploads\/2017\/04\/capitao7-ok.jpg\"><img loading=\"lazy\" decoding=\"async\" class=\"wp-image-5648\" src=\"http:\/\/www.jornaldaconstrucaocivil.com.br\/wp-content\/uploads\/2017\/04\/capitao7-ok.jpg\" alt=\"capitao7 ok\" width=\"311\" height=\"207\" \/><\/a><figcaption id=\"caption-attachment-5648\" class=\"wp-caption-text\"><span style=\"color: #0000ff;\">Vilfredo Schurmann, l\u00edder da Fam\u00edlia Schurmann, na luta pela \u00e1gua pot\u00e1vel.<span style=\"color: #333300;\"> Foto: Divulga\u00e7\u00e3o<\/span><\/span><\/figcaption><\/figure>\n<p style=\"text-align: justify;\"><span style=\"color: #000000;\">Schurmann\u00a0 passa a fazer parte do quadro de Embaixadores do Instituto Trata Brasil, ao lado de importantes nomes, como os campe\u00f5es ol\u00edmpicos Lars Grael, Daiane dos Santos e Fl\u00e1vio Canto, o desenhista Mauricio de Sousa, al\u00e9m de renomados m\u00e9dicos, promotores, professores universit\u00e1rios, jornalistas, promotores p\u00fablicos e outros formadores de opini\u00e3o em meio ambiente e sa\u00fade p\u00fablica.<\/span><\/p>\n<p style=\"text-align: justify;\"><span style=\"color: #000000;\">Liderando a Fam\u00edlia Schurmann, Vilfredo j\u00e1 visitou todos os mares do mundo ao lado da esposa Heloisa, dos filhos Pierre, David, Wilhelm e Kat e, recentemente, do neto Emmanuel. Dos mais de 30 anos de aventuras pelo mundo vem a certeza que n\u00e3o pode haver desenvolvimento sem sustentabilidade social, econ\u00f4mica e ambiental.<em><span style=\"color: #993300;\"> &#8220;Durante a Expedi\u00e7\u00e3o Oriente, conclu\u00edda em dezembro, navegamos o equivalente a quase 50 mil quil\u00f4metros. Passamos por quatro oceanos e ficamos impressionados como os mares est\u00e3o polu\u00eddos!&#8221;<\/span><\/em>, conta Vilfredo.<\/span><\/p>\n<p style=\"text-align: justify;\"><span style=\"color: #000000;\">O cap\u00edt\u00e3o acrescenta:<em><span style=\"color: #993300;\"> &#8220;\u00e1gua pot\u00e1vel \u00e9 um bem muito precioso. Mas, infelizmente, muitas pessoas s\u00f3 d\u00e3o a devida import\u00e2ncia quando se deparam com ind\u00edcios de escassez.\u00a0 Na ilha de Gona Bara Bara, um lugar paradis\u00edaco de apenas 59 habitantes vimos, mais uma vez, o qu\u00e3o essencial \u00e9 a \u00e1gua. Quando passamos por l\u00e1, n\u00e3o chovia h\u00e1 meses e o estoque de \u00e1gua pot\u00e1vel estava acabando.Com nosso dessalinizador, produzimos \u00e1gua limpa a noite inteira para ajudar nossos novos amigos\u201d.<\/span><\/em><\/span><\/p>\n<p style=\"text-align: justify;\"><span style=\"color: #000000;\">De volta ao Brasil e \u00e0s navega\u00e7\u00f5es pela costa brasileira, Vilfredo manifestou sua preocupa\u00e7\u00e3o com a polui\u00e7\u00e3o da Ba\u00eda de Guanabara:<em><span style=\"color: #993300;\"> \u201cNosso litoral \u00e9 muito bonito e a Ba\u00eda de Guanabara, por exemplo, \u00e9 um dos mais belos cen\u00e1rios do mundo. Mas tem um elemento que n\u00e3o combina com essa paisagem: polui\u00e7\u00e3o. N\u00e3o podemos deixar que nossos recursos e belezas naturais sejam exterminadas pela falta de cuidados\u201d<\/span><\/em>.<\/span><\/p>\n<p style=\"text-align: justify;\"><span style=\"color: #000000;\">Uma das consequ\u00eancias mais vis\u00edveis da falta de saneamento b\u00e1sico em um pa\u00eds \u00e9 a m\u00e1 qualidade de suas praias, que acabam sofrendo diariamente com o despejo de esgotos. Relat\u00f3rio do Instituto Trata Brasil, de 2014, mostra que o pa\u00eds deixa de criar, por ano, mais de 500 mil postos de trabalho no turismo devido \u00e0 falta de saneamento (hot\u00e9is, pousadas, restaurantes, ag\u00eancias de turismo, empresas de transporte de passageiros e etc.) e que, em m\u00e9dia, mais de 400 mil pessoas s\u00e3o internadas por diarreia, parte decorrente da falta de saneamento b\u00e1sico para todos.<\/span><\/p>\n<p style=\"text-align: justify;\"><span style=\"color: #000000;\">Vilfredo Schurmann e o Instituto Trata Brasil est\u00e3o estudando iniciativas conjuntas para motivar as autoridades a investir mais em saneamento, especialmente olhando a prote\u00e7\u00e3o dos rios e do oceano.<\/span><\/p>\n<p style=\"text-align: justify;\"><span style=\"color: #0000ff;\">Fonte: Ascom\/Instituto Trata Brasil<\/span><\/p>\n<p>&nbsp;<\/p>\n","protected":false},"excerpt":{"rendered":"<p>Abril, 2017 &#8211; O cen\u00e1rio do saneamento b\u00e1sico no Brasil \u00e9 muito preocupante; em 2015, cerca de 34 milh\u00f5es de brasileiras n\u00e3o t\u00eam acesso \u00e0 \u00e1gua tratada e metade do pa\u00eds n\u00e3o tem coleta de esgotos. Somente 42% dos esgotos gerados s\u00e3o tratados e isso explica a p\u00e9ssima qualidade da \u00e1gua da maior parte de [&hellip;]<\/p>\n","protected":false},"author":1,"featured_media":0,"comment_status":"open","ping_status":"open","sticky":false,"template":"","format":"standard","meta":{"_uag_custom_page_level_css":"","footnotes":""},"categories":[37],"tags":[564,565,2412,4864,6259,9840,9971,10595,10693,12084],"class_list":["post-5647","post","type-post","status-publish","format-standard","hentry","category-sustentabilidade","tag-agua-potavel","tag-agua-tratada","tag-coleta-de-esgoto","tag-familia-schurmann","tag-instituto-trata-brasil","tag-qualidade-de-vida","tag-recursos-hidricos","tag-saneamento-basico","tag-saude","tag-universalizacao-do-setor-de-saneamento"],"blocksy_meta":[],"spectra_blocks_featured_image_url":null,"spectra_blocks_author_info":{"display_name":"Jornal da Constru\u00e7\u00e3o Civil","avatar_url":"https:\/\/secure.gravatar.com\/avatar\/973c9774fd44ddaceb026973c4962faa70fc512bc4c9da68e8ebb40fecee6540?s=96&d=mm&r=g","author_link":"https:\/\/construcaocivil.siriusmarketingedesign.com.br\/?author=1","description":"Desde de 2013, levando muitas informa\u00e7\u00f5es, lan\u00e7amentos e produtos de qualidade para toda cadeia produtiva da constru\u00e7\u00e3o. O Futuro da constru\u00e7\u00e3o passa por aqui,"},"uagb_featured_image_src":{"full":false,"thumbnail":false,"medium":false,"medium_large":false,"large":false,"1536x1536":false,"2048x2048":false},"uagb_author_info":{"display_name":"Jornal da Constru\u00e7\u00e3o Civil","author_link":"https:\/\/construcaocivil.siriusmarketingedesign.com.br\/?author=1"},"uagb_comment_info":0,"uagb_excerpt":"Abril, 2017 &#8211; O cen\u00e1rio do saneamento b\u00e1sico no Brasil \u00e9 muito preocupante; em 2015, cerca de 34 milh\u00f5es de brasileiras n\u00e3o t\u00eam acesso \u00e0 \u00e1gua tratada e metade do pa\u00eds n\u00e3o tem coleta de esgotos. Somente 42% dos esgotos gerados s\u00e3o tratados e isso explica a p\u00e9ssima qualidade da \u00e1gua da maior parte de&hellip;","_links":{"self":[{"href":"https:\/\/construcaocivil.siriusmarketingedesign.com.br\/index.php?rest_route=\/wp\/v2\/posts\/5647","targetHints":{"allow":["GET"]}}],"collection":[{"href":"https:\/\/construcaocivil.siriusmarketingedesign.com.br\/index.php?rest_route=\/wp\/v2\/posts"}],"about":[{"href":"https:\/\/construcaocivil.siriusmarketingedesign.com.br\/index.php?rest_route=\/wp\/v2\/types\/post"}],"author":[{"embeddable":true,"href":"https:\/\/construcaocivil.siriusmarketingedesign.com.br\/index.php?rest_route=\/wp\/v2\/users\/1"}],"replies":[{"embeddable":true,"href":"https:\/\/construcaocivil.siriusmarketingedesign.com.br\/index.php?rest_route=%2Fwp%2Fv2%2Fcomments&post=5647"}],"version-history":[{"count":0,"href":"https:\/\/construcaocivil.siriusmarketingedesign.com.br\/index.php?rest_route=\/wp\/v2\/posts\/5647\/revisions"}],"wp:attachment":[{"href":"https:\/\/construcaocivil.siriusmarketingedesign.com.br\/index.php?rest_route=%2Fwp%2Fv2%2Fmedia&parent=5647"}],"wp:term":[{"taxonomy":"category","embeddable":true,"href":"https:\/\/construcaocivil.siriusmarketingedesign.com.br\/index.php?rest_route=%2Fwp%2Fv2%2Fcategories&post=5647"},{"taxonomy":"post_tag","embeddable":true,"href":"https:\/\/construcaocivil.siriusmarketingedesign.com.br\/index.php?rest_route=%2Fwp%2Fv2%2Ftags&post=5647"}],"curies":[{"name":"wp","href":"https:\/\/api.w.org\/{rel}","templated":true}]}}