{"id":5656,"date":"2017-04-03T15:57:43","date_gmt":"2017-04-03T18:57:43","guid":{"rendered":"http:\/\/www.jornaldaconstrucaocivil.com.br\/?p=5656"},"modified":"2017-04-03T15:57:43","modified_gmt":"2017-04-03T18:57:43","slug":"vendas-do-varejo-de-material-de-construcao-crescem-10-em-marco","status":"publish","type":"post","link":"https:\/\/construcaocivil.siriusmarketingedesign.com.br\/?p=5656","title":{"rendered":"Vendas do varejo de material de constru\u00e7\u00e3o crescem 10% em mar\u00e7o"},"content":{"rendered":"<p style=\"text-align: justify;\"><span style=\"color: #333399;\"><em><strong>Desempenho do setor no primeiro trimestre de 2017 foi 4% superior ao mesmo per\u00edodo do ano passado. Nos \u00faltimos 12 meses, segmento tem retra\u00e7\u00e3o de 5%<\/strong><\/em><\/span><\/p>\n<p style=\"text-align: justify;\"><span style=\"color: #000000;\"><span style=\"color: #993300;\">Abril, 2017<\/span> &#8211; As vendas no varejo de material de constru\u00e7\u00e3o cresceram 10% no m\u00eas de mar\u00e7o, na compara\u00e7\u00e3o com fevereiro. Com rela\u00e7\u00e3o \u00e0 mar\u00e7o do ano passado, o desempenho foi 12% superior. Os dados s\u00e3o da Pesquisa Tracking mensal da Anamaco, que entrevistou 530 lojistas entre os dias 28 a 31 de mar\u00e7o.<\/span><\/p>\n<figure id=\"attachment_1593\" aria-describedby=\"caption-attachment-1593\" style=\"width: 285px\" class=\"wp-caption alignleft\"><a href=\"http:\/\/www.jornaldaconstrucaocivil.com.br\/wp-content\/uploads\/2016\/05\/FREI-CANECA-LOJA.jpg\"><img loading=\"lazy\" decoding=\"async\" class=\"wp-image-1593\" src=\"http:\/\/www.jornaldaconstrucaocivil.com.br\/wp-content\/uploads\/2016\/05\/FREI-CANECA-LOJA.jpg\" alt=\"FREI CANECA LOJA\" width=\"285\" height=\"228\" \/><\/a><figcaption id=\"caption-attachment-1593\" class=\"wp-caption-text\"><span style=\"color: #993300;\">Arquivo: JCC<\/span><\/figcaption><\/figure>\n<p style=\"text-align: justify;\"><span style=\"color: #000000;\">De acordo com o relat\u00f3rio, no primeiro trimestre do ano, o setor apresenta crescimento de 4% sobre o mesmo per\u00edodo do ano passado.<em><span style=\"color: #000080;\"> &#8220;Nos \u00faltimos 12 meses, o desempenho \u00e9 negativo de 5%, mas os resultados vem indicando que estamos iniciando uma recupera\u00e7\u00e3o, depois de dois anos super dif\u00edceis, o que nos d\u00e1 a certeza de que estamos no caminho certo para retomar o crescimento&#8221;<\/span><\/em>, declara Cl\u00e1udio Conz, presidente da Anamaco.<\/span><\/p>\n<p style=\"text-align: justify;\"><span style=\"color: #000000;\">Segundo ele, com o in\u00edcio da Feicon Batimat, principal evento do setor no ano, que acontece de 04 a 08 de abril no S\u00e3o Paulo Expo, o ano s\u00f3 tende a melhorar para o setor.<em><span style=\"color: #000080;\"> &#8220;Mais de 60 mil lojistas de todo o pa\u00eds devem visitar o evento, que \u00e9 a principal vitrine do nosso segmento, com mais de 2 mil lan\u00e7amentos anualmente. A antecipa\u00e7\u00e3o de neg\u00f3cios gerada na feira esse ano deve superar os R$ 500 milh\u00f5es, ajudando a movimentar ainda mais a nossa cadeia produtiva&#8221;<\/span><\/em>, explica.<\/span><\/p>\n<p style=\"text-align: justify;\"><span style=\"color: #000000;\">De acordo com o a pesquisa da Anamaco, todas as regi\u00f5es apresentaram resultados favor\u00e1veis em mar\u00e7o, comparado com o m\u00eas de fevereiro.<em><span style=\"color: #000080;\"> &#8220;Com o fim do per\u00edodo de matr\u00edculas escolares e de pagamento de impostos como o IPVA, as pessoas voltam a focar seus esfor\u00e7os na reforma da casa. Al\u00e9m disso, a previs\u00e3o \u00e9 que em abril saia o primeiro edital do Cart\u00e3o Reforma, de R$ 100 milh\u00f5es, iniciando em maio a distribui\u00e7\u00e3o na primeira cidade, que ser\u00e1 Caruaru, no Cear\u00e1. Depois disso, ser\u00e1 um edital por m\u00eas, at\u00e9 atingir o teto de R$ 1 bilh\u00e3o em 2017. Isso deve ter um impacto muito positivo no nosso setor, e a nossa previs\u00e3o \u00e9 de fechar o ano com crescimento de 5% sobre o ano passado, recuperando as perdas de 2016&#8221;<\/span><\/em>, completa o presidente da Anamaco.<\/span><\/p>\n<p style=\"text-align: justify;\"><span style=\"color: #000000;\">Apesar dos n\u00fameros positivos em mar\u00e7o, diminuiu o otimismo do setor com rela\u00e7\u00e3o \u00e0s a\u00e7\u00f5es do Governo nos pr\u00f3ximos meses (de 54% para 45%). J\u00e1 37% dos entrevistados afirmou que pretende fazer novos investimentos em 2017 e diminuiu de 16% para 13% a inten\u00e7\u00e3o de contratar novos funcion\u00e1rios j\u00e1 no m\u00eas de maio.<\/span><\/p>\n<p style=\"text-align: justify;\"><span style=\"color: #000000;\">Os lojistas tamb\u00e9m esperam que o setor recue um pouco no m\u00eas de abril. <em><span style=\"color: #993300;\">&#8220;Mar\u00e7o foi um m\u00eas com muito mais dias \u00fateis do que fevereiro, e como fevereiro sempre \u00e9 um m\u00eas muito ruim, a probabilidade \u00e9 de termos um desempenho mais discreto nos m\u00eas que se inicia&#8221;<\/span><\/em>, finaliza Conz.<\/span><\/p>\n<p style=\"text-align: justify;\"><span style=\"color: #000000;\">Fonte: Anamaco<\/span><\/p>\n","protected":false},"excerpt":{"rendered":"<p>Desempenho do setor no primeiro trimestre de 2017 foi 4% superior ao mesmo per\u00edodo do ano passado. Nos \u00faltimos 12 meses, segmento tem retra\u00e7\u00e3o de 5% Abril, 2017 &#8211; As vendas no varejo de material de constru\u00e7\u00e3o cresceram 10% no m\u00eas de mar\u00e7o, na compara\u00e7\u00e3o com fevereiro. Com rela\u00e7\u00e3o \u00e0 mar\u00e7o do ano passado, o [&hellip;]<\/p>\n","protected":false},"author":1,"featured_media":5657,"comment_status":"open","ping_status":"open","sticky":false,"template":"","format":"standard","meta":{"_uag_custom_page_level_css":"","footnotes":""},"categories":[33],"tags":[705,1888,1896,2331,4916,6041,9405,10052,12211,12292],"class_list":["post-5656","post","type-post","status-publish","format-standard","has-post-thumbnail","hentry","category-mercado","tag-anamaco","tag-cartao-reforma","tag-caruaru-ceara","tag-claudio-conz-presidente-da-anamaco","tag-feicon-batimat","tag-industria-de-material-de-construcao-civil","tag-primeiro-trimestre-2017","tag-reforma-da-casa","tag-varejo","tag-vendas-de-material-de-construcao"],"blocksy_meta":[],"spectra_blocks_featured_image_url":[],"spectra_blocks_author_info":{"display_name":"Jornal da Constru\u00e7\u00e3o Civil","avatar_url":"https:\/\/secure.gravatar.com\/avatar\/973c9774fd44ddaceb026973c4962faa70fc512bc4c9da68e8ebb40fecee6540?s=96&d=mm&r=g","author_link":"https:\/\/construcaocivil.siriusmarketingedesign.com.br\/?author=1","description":"Desde de 2013, levando muitas informa\u00e7\u00f5es, lan\u00e7amentos e produtos de qualidade para toda cadeia produtiva da constru\u00e7\u00e3o. O Futuro da constru\u00e7\u00e3o passa por aqui,"},"uagb_featured_image_src":{"full":false,"thumbnail":false,"medium":false,"medium_large":false,"large":false,"1536x1536":false,"2048x2048":false},"uagb_author_info":{"display_name":"Jornal da Constru\u00e7\u00e3o Civil","author_link":"https:\/\/construcaocivil.siriusmarketingedesign.com.br\/?author=1"},"uagb_comment_info":0,"uagb_excerpt":"Desempenho do setor no primeiro trimestre de 2017 foi 4% superior ao mesmo per\u00edodo do ano passado. Nos \u00faltimos 12 meses, segmento tem retra\u00e7\u00e3o de 5% Abril, 2017 &#8211; As vendas no varejo de material de constru\u00e7\u00e3o cresceram 10% no m\u00eas de mar\u00e7o, na compara\u00e7\u00e3o com fevereiro. Com rela\u00e7\u00e3o \u00e0 mar\u00e7o do ano passado, o&hellip;","_links":{"self":[{"href":"https:\/\/construcaocivil.siriusmarketingedesign.com.br\/index.php?rest_route=\/wp\/v2\/posts\/5656","targetHints":{"allow":["GET"]}}],"collection":[{"href":"https:\/\/construcaocivil.siriusmarketingedesign.com.br\/index.php?rest_route=\/wp\/v2\/posts"}],"about":[{"href":"https:\/\/construcaocivil.siriusmarketingedesign.com.br\/index.php?rest_route=\/wp\/v2\/types\/post"}],"author":[{"embeddable":true,"href":"https:\/\/construcaocivil.siriusmarketingedesign.com.br\/index.php?rest_route=\/wp\/v2\/users\/1"}],"replies":[{"embeddable":true,"href":"https:\/\/construcaocivil.siriusmarketingedesign.com.br\/index.php?rest_route=%2Fwp%2Fv2%2Fcomments&post=5656"}],"version-history":[{"count":0,"href":"https:\/\/construcaocivil.siriusmarketingedesign.com.br\/index.php?rest_route=\/wp\/v2\/posts\/5656\/revisions"}],"wp:attachment":[{"href":"https:\/\/construcaocivil.siriusmarketingedesign.com.br\/index.php?rest_route=%2Fwp%2Fv2%2Fmedia&parent=5656"}],"wp:term":[{"taxonomy":"category","embeddable":true,"href":"https:\/\/construcaocivil.siriusmarketingedesign.com.br\/index.php?rest_route=%2Fwp%2Fv2%2Fcategories&post=5656"},{"taxonomy":"post_tag","embeddable":true,"href":"https:\/\/construcaocivil.siriusmarketingedesign.com.br\/index.php?rest_route=%2Fwp%2Fv2%2Ftags&post=5656"}],"curies":[{"name":"wp","href":"https:\/\/api.w.org\/{rel}","templated":true}]}}