{"id":5670,"date":"2017-04-04T20:10:44","date_gmt":"2017-04-04T23:10:44","guid":{"rendered":"http:\/\/www.jornaldaconstrucaocivil.com.br\/?p=5670"},"modified":"2017-04-04T20:10:44","modified_gmt":"2017-04-04T23:10:44","slug":"itaborai-secretarios-municipais-visitam-empresa-jotun","status":"publish","type":"post","link":"https:\/\/construcaocivil.siriusmarketingedesign.com.br\/?p=5670","title":{"rendered":"Itabora\u00ed: Secret\u00e1rios municipais visitam empresa Jotun"},"content":{"rendered":"<figure id=\"attachment_5671\" aria-describedby=\"caption-attachment-5671\" style=\"width: 345px\" class=\"wp-caption alignleft\"><a href=\"http:\/\/www.jornaldaconstrucaocivil.com.br\/wp-content\/uploads\/2017\/04\/JOTUN.jpg\"><img loading=\"lazy\" decoding=\"async\" class=\"wp-image-5671\" src=\"http:\/\/www.jornaldaconstrucaocivil.com.br\/wp-content\/uploads\/2017\/04\/JOTUN-1024x683.jpg\" alt=\"JOTUN\" width=\"345\" height=\"230\" \/><\/a><figcaption id=\"caption-attachment-5671\" class=\"wp-caption-text\"><span style=\"color: #993300;\">Comitiva de secret\u00e1rios de Itabora\u00ed visita e faz parceria com a fabrica da Jotun. <span style=\"color: #000000;\">Foto: Sandro Giron<\/span><\/span><\/figcaption><\/figure>\n<p style=\"text-align: justify;\"><span style=\"color: #993300;\">Abril, 2017<\/span> &#8211; Representando a Prefeitura de Itabora\u00ed, o vice-prefeito e tamb\u00e9m secret\u00e1rio municipal de Desenvolvimento Social, Wanderson Dias; juntamente com o secret\u00e1rio municipal de Obras e Servi\u00e7os P\u00fablicos, Cl\u00f3vis Raimundo Thom\u00e9; o secret\u00e1rio municipal de Seguran\u00e7a e Defesa Civil, Robson Andr\u00e9 e o subsecret\u00e1rio municipal de Desenvolvimento Econ\u00f4mico e Integra\u00e7\u00e3o com o Comperj, Roberto Lucero visitaram na \u00faltima sexta-feira (31\/03), a f\u00e1brica de tintas navais e industriais Jotun.<\/p>\n<p style=\"text-align: justify;\"><span style=\"color: #000000;\">Localizada em uma \u00e1rea de 130 mil metros quadrados na Estrada Ademar Ferreira Torres, n\u00ba 250, no bairro Caluge, \u00e0s margens da Rodovia BR 101, a Jotun, fabricante de tintas norueguesa, inaugurou oficialmente sua f\u00e1brica em Itabora\u00ed, em novembro de 2015. Segundo o respons\u00e1vel pela \u00e1rea financeira da Jotun, Marco Ant\u00f4nio Ferreira, este encontro entre o poder p\u00fablico e o privado, visa estabelecer um contato mais estreito com a administra\u00e7\u00e3o p\u00fablica.<\/span><\/p>\n<figure id=\"attachment_5672\" aria-describedby=\"caption-attachment-5672\" style=\"width: 309px\" class=\"wp-caption alignright\"><a href=\"http:\/\/www.jornaldaconstrucaocivil.com.br\/wp-content\/uploads\/2017\/04\/TECNICOS.jpg\"><img loading=\"lazy\" decoding=\"async\" class=\"wp-image-5672\" src=\"http:\/\/www.jornaldaconstrucaocivil.com.br\/wp-content\/uploads\/2017\/04\/TECNICOS.jpg\" alt=\"TECNICOS\" width=\"309\" height=\"206\" \/><\/a><figcaption id=\"caption-attachment-5672\" class=\"wp-caption-text\">Secret\u00e1rio da Prefeitura de Itabora\u00ed-RJ em visita a f\u00e1brica da Jotun. <span style=\"color: #000000;\">Foto: Sandro Giron<\/span><\/figcaption><\/figure>\n<p style=\"text-align: justify;\"><span style=\"color: #000000;\"><em><span style=\"color: #000080;\">\u201cEste \u00e9 o in\u00edcio de uma parceria, que dentro das condi\u00e7\u00f5es da empresa, visa contribuir pelo bem da comunidade no entorno da f\u00e1brica. N\u00f3s fazemos parte de Itabora\u00ed e queremos crescer junto com a cidade. Conseguimos a doa\u00e7\u00e3o de 200 litros de tintas para a secretaria municipal de Seguran\u00e7a e Defesa Civil, para ajudar na pintura de desmarca\u00e7\u00f5es no munic\u00edpio. Temos outros projetos em mente, como por exemplo, a visita\u00e7\u00e3o de estudantes da rede p\u00fablica municipal \u00e0 f\u00e1brica\u201d<\/span><\/em>, disse Marcos Ant\u00f4nio.<\/span><\/p>\n<p style=\"text-align: justify;\"><span style=\"color: #000000;\">Segundo o secret\u00e1rio Robson Andr\u00e9, esta parceria \u00e9 uma oportunidade \u00fanica, em um momento de crise financeira que o munic\u00edpio e o pa\u00eds vivem. Essas tintas ser\u00e3o utilizadas para adequar a um Termo de Ajustamento de Conduta (TAC), enviado pelo Minist\u00e9rio P\u00fablico na gest\u00e3o passada, mas que n\u00e3o foi cumprido.<\/span><\/p>\n<p style=\"text-align: justify;\"><span style=\"color: #000000;\"><em><span style=\"color: #000080;\">\u201cEm conjunto com a secretaria de Obras vamos realizar as desmarca\u00e7\u00f5es no tr\u00e2nsito, conforme as necessidades e ainda nas sinaliza\u00e7\u00f5es irregulares ou inexistentes de quebra-molas, exigidos pelo Minist\u00e9rio P\u00fablico. Quero agradecer ao Marco Ant\u00f4nio, por se demonstrar sol\u00edcito desde o primeiro momento que nos encontramos. Com este estreitamento, quem mais ganha \u00e9 a popula\u00e7\u00e3o\u201d<\/span><\/em>, frisou Robson Andr\u00e9.<\/span><\/p>\n<p style=\"text-align: justify;\"><span style=\"color: #000000;\">O grupo visitou as instala\u00e7\u00f5es e a linha de produ\u00e7\u00e3o da f\u00e1brica. Tamb\u00e9m esteve presente o Comandante do 35\u00ba Batalh\u00e3o da Pol\u00edcia Militar, o Tenente Coronel, Marcelo Carmo.<\/span><\/p>\n<p style=\"text-align: justify;\">Fonte: Ascom\/Prefeitura de Itabora\u00ed-RJ<\/p>\n<p>&nbsp;<\/p>\n","protected":false},"excerpt":{"rendered":"<p>Abril, 2017 &#8211; Representando a Prefeitura de Itabora\u00ed, o vice-prefeito e tamb\u00e9m secret\u00e1rio municipal de Desenvolvimento Social, Wanderson Dias; juntamente com o secret\u00e1rio municipal de Obras e Servi\u00e7os P\u00fablicos, Cl\u00f3vis Raimundo Thom\u00e9; o secret\u00e1rio municipal de Seguran\u00e7a e Defesa Civil, Robson Andr\u00e9 e o subsecret\u00e1rio municipal de Desenvolvimento Econ\u00f4mico e Integra\u00e7\u00e3o com o Comperj, Roberto [&hellip;]<\/p>\n","protected":false},"author":1,"featured_media":5671,"comment_status":"open","ping_status":"open","sticky":false,"template":"","format":"standard","meta":{"_uag_custom_page_level_css":"","footnotes":""},"categories":[27],"tags":[1518,2353,2529,3519,3856,4788,4792,6016,6421,10744],"class_list":["post-5670","post","type-post","status-publish","format-standard","has-post-thumbnail","hentry","category-acontece","tag-br-101-rj","tag-clovis-raimundo-thome-secretario-municipal-de-obras-e-servicos-publicos","tag-comperj","tag-desenvolvimento-da-regiao","tag-economia","tag-fabrica-da-jotun","tag-fabrica-de-tintas","tag-industria","tag-itaborai-rj","tag-secretaria-de-obras"],"blocksy_meta":[],"spectra_blocks_featured_image_url":[],"spectra_blocks_author_info":{"display_name":"Jornal da Constru\u00e7\u00e3o Civil","avatar_url":"https:\/\/secure.gravatar.com\/avatar\/973c9774fd44ddaceb026973c4962faa70fc512bc4c9da68e8ebb40fecee6540?s=96&d=mm&r=g","author_link":"https:\/\/construcaocivil.siriusmarketingedesign.com.br\/?author=1","description":"Desde de 2013, levando muitas informa\u00e7\u00f5es, lan\u00e7amentos e produtos de qualidade para toda cadeia produtiva da constru\u00e7\u00e3o. O Futuro da constru\u00e7\u00e3o passa por aqui,"},"uagb_featured_image_src":{"full":false,"thumbnail":false,"medium":false,"medium_large":false,"large":false,"1536x1536":false,"2048x2048":false},"uagb_author_info":{"display_name":"Jornal da Constru\u00e7\u00e3o Civil","author_link":"https:\/\/construcaocivil.siriusmarketingedesign.com.br\/?author=1"},"uagb_comment_info":0,"uagb_excerpt":"Abril, 2017 &#8211; Representando a Prefeitura de Itabora\u00ed, o vice-prefeito e tamb\u00e9m secret\u00e1rio municipal de Desenvolvimento Social, Wanderson Dias; juntamente com o secret\u00e1rio municipal de Obras e Servi\u00e7os P\u00fablicos, Cl\u00f3vis Raimundo Thom\u00e9; o secret\u00e1rio municipal de Seguran\u00e7a e Defesa Civil, Robson Andr\u00e9 e o subsecret\u00e1rio municipal de Desenvolvimento Econ\u00f4mico e Integra\u00e7\u00e3o com o Comperj, Roberto&hellip;","_links":{"self":[{"href":"https:\/\/construcaocivil.siriusmarketingedesign.com.br\/index.php?rest_route=\/wp\/v2\/posts\/5670","targetHints":{"allow":["GET"]}}],"collection":[{"href":"https:\/\/construcaocivil.siriusmarketingedesign.com.br\/index.php?rest_route=\/wp\/v2\/posts"}],"about":[{"href":"https:\/\/construcaocivil.siriusmarketingedesign.com.br\/index.php?rest_route=\/wp\/v2\/types\/post"}],"author":[{"embeddable":true,"href":"https:\/\/construcaocivil.siriusmarketingedesign.com.br\/index.php?rest_route=\/wp\/v2\/users\/1"}],"replies":[{"embeddable":true,"href":"https:\/\/construcaocivil.siriusmarketingedesign.com.br\/index.php?rest_route=%2Fwp%2Fv2%2Fcomments&post=5670"}],"version-history":[{"count":0,"href":"https:\/\/construcaocivil.siriusmarketingedesign.com.br\/index.php?rest_route=\/wp\/v2\/posts\/5670\/revisions"}],"wp:attachment":[{"href":"https:\/\/construcaocivil.siriusmarketingedesign.com.br\/index.php?rest_route=%2Fwp%2Fv2%2Fmedia&parent=5670"}],"wp:term":[{"taxonomy":"category","embeddable":true,"href":"https:\/\/construcaocivil.siriusmarketingedesign.com.br\/index.php?rest_route=%2Fwp%2Fv2%2Fcategories&post=5670"},{"taxonomy":"post_tag","embeddable":true,"href":"https:\/\/construcaocivil.siriusmarketingedesign.com.br\/index.php?rest_route=%2Fwp%2Fv2%2Ftags&post=5670"}],"curies":[{"name":"wp","href":"https:\/\/api.w.org\/{rel}","templated":true}]}}