{"id":5698,"date":"2017-04-07T11:49:10","date_gmt":"2017-04-07T14:49:10","guid":{"rendered":"http:\/\/www.jornaldaconstrucaocivil.com.br\/?p=5698"},"modified":"2017-04-07T11:49:10","modified_gmt":"2017-04-07T14:49:10","slug":"defesa-civil-aprimora-assistencia-a-estados-e-municipios-atingidos-por-desastres","status":"publish","type":"post","link":"https:\/\/construcaocivil.siriusmarketingedesign.com.br\/?p=5698","title":{"rendered":"Defesa Civil aprimora assist\u00eancia a estados e munic\u00edpios atingidos por desastres"},"content":{"rendered":"<p style=\"text-align: justify;\"><span style=\"color: #000080;\"><em><strong>Mudan\u00e7as garantem mais agilidade a processos de trabalho, que agora tamb\u00e9m podem ser acompanhados pela sociedade<\/strong><\/em><\/span><\/p>\n<p style=\"text-align: justify;\"><span style=\"color: #000000;\">Bras\u00edlia-DF &#8211; O Minist\u00e9rio da Integra\u00e7\u00e3o Nacional acaba de lan\u00e7ar medidas para assegurar mais celeridade e transpar\u00eancia aos processos de apoio emergencial da Secretaria Nacional de Prote\u00e7\u00e3o e Defesa Civil (Sedec). Com a inser\u00e7\u00e3o de novas funcionalidades ao Sistema Integrado de Informa\u00e7\u00f5es sobre Desastres (S2ID), estados e munic\u00edpios j\u00e1 podem solicitar por meio da plataforma o aporte de recursos federais para a\u00e7\u00f5es de resposta e recupera\u00e7\u00e3o, procedimento que at\u00e9 ent\u00e3o seguia outros tr\u00e2mites. A popula\u00e7\u00e3o tamb\u00e9m passa a ter acesso ao sistema e poder\u00e1 acompanhar &#8211; online &#8211; dados sobre a situa\u00e7\u00e3o de emerg\u00eancia e o aux\u00edlio financeiro disponibilizado a regi\u00f5es atingidas por desastres naturais.<\/span><\/p>\n<p style=\"text-align: justify;\"><span style=\"color: #000000;\">A portaria que estabelece a amplia\u00e7\u00e3o das fun\u00e7\u00f5es do S2ID foi publicada na edi\u00e7\u00e3o de ontem, quinta-feira (6) do Di\u00e1rio Oficial da Uni\u00e3o, e os novos m\u00f3dulos do sistema j\u00e1 est\u00e3o dispon\u00edveis para acesso no endere\u00e7o eletr\u00f4nico: <span style=\"text-decoration: underline;\"><span style=\"color: #0000ff; text-decoration: underline;\">www.mi.gov.br\/defesa-civil\/s2id.<\/span><\/span><\/span><\/p>\n<p style=\"text-align: justify;\"><span style=\"color: #000000;\"><span style=\"color: #993300;\"><em>\u201cA troca de informa\u00e7\u00f5es entre os entes federados e as equipes respons\u00e1veis pela an\u00e1lise dos processos torna-se muito mais simples e \u00e1gil, garantindo mais celeridade ao envio de recursos para assist\u00eancia \u00e0 popula\u00e7\u00e3o. Os novos m\u00f3dulos v\u00e3o tamb\u00e9m facilitar o acompanhamento das a\u00e7\u00f5es e a presta\u00e7\u00e3o de contas, aumentando a transpar\u00eancia e efici\u00eancia na aplica\u00e7\u00e3o dos recursos\u201d<\/em><\/span>, afirma o ministro da Integra\u00e7\u00e3o, Helder Barbalho.<\/span><\/p>\n<p style=\"text-align: justify;\"><span style=\"color: #000000;\">Lan\u00e7ado em 2012, o Sistema Integrado de Informa\u00e7\u00f5es sobre Desastres conta hoje com mais de oito mil usu\u00e1rios cadastrados &#8211; t\u00e9cnicos e gestores de defesas civis estaduais e municipais, distribu\u00eddos em 3.686 munic\u00edpios. \u00c9 por meio do sistema que os entes solicitam o reconhecimento federal de situa\u00e7\u00e3o de emerg\u00eancia e de estado de calamidade p\u00fablica.<\/span><\/p>\n<p style=\"text-align: justify;\"><span style=\"color: #000000;\">Agora, al\u00e9m dos pedidos de recursos para resposta e recupera\u00e7\u00e3o, os planos de conting\u00eancia municipais e informa\u00e7\u00f5es relevantes sobre desastres ser\u00e3o disponibilizados no sistema. Os dados v\u00e3o facilitar a tomada de decis\u00f5es do governo federal.<span style=\"color: #993300;\"><em> \u201cEsses s\u00e3o instrumentos elaborados estrategicamente para facilitar as atividades de prepara\u00e7\u00e3o e atua\u00e7\u00e3o diante de situa\u00e7\u00f5es de risco. O objetivo \u00e9 reduzir os impactos sobre a popula\u00e7\u00e3o em casos de desastres naturais\u201d<\/em><\/span>, observa o secret\u00e1rio Nacional de Prote\u00e7\u00e3o e Defesa Civil, Renato Ramlow.<\/span><\/p>\n<p style=\"text-align: justify;\"><span style=\"color: #000000;\">A nova vers\u00e3o do S2ID permitir\u00e1 \u00e0 sociedade a consulta de informa\u00e7\u00f5es sem necessidade de login. Os dados sobre reconhecimento federal de situa\u00e7\u00e3o de emerg\u00eancia e de calamidade p\u00fablica, bem como o apoio disponibilizado a estados e munic\u00edpios, ser\u00e3o apresentados de forma simples, num mapa j\u00e1 dispon\u00edvel na p\u00e1gina de acesso ao sistema. O conte\u00fado referente \u00e0 libera\u00e7\u00e3o de recursos trar\u00e1 a\u00e7\u00f5es aprovadas a partir da atualiza\u00e7\u00e3o da plataforma.<\/span><\/p>\n<p style=\"text-align: justify;\">\n<p>&nbsp;<\/p>\n","protected":false},"excerpt":{"rendered":"<p>Mudan\u00e7as garantem mais agilidade a processos de trabalho, que agora tamb\u00e9m podem ser acompanhados pela sociedade Bras\u00edlia-DF &#8211; O Minist\u00e9rio da Integra\u00e7\u00e3o Nacional acaba de lan\u00e7ar medidas para assegurar mais celeridade e transpar\u00eancia aos processos de apoio emergencial da Secretaria Nacional de Prote\u00e7\u00e3o e Defesa Civil (Sedec). Com a inser\u00e7\u00e3o de novas funcionalidades ao Sistema [&hellip;]<\/p>\n","protected":false},"author":1,"featured_media":0,"comment_status":"open","ping_status":"open","sticky":false,"template":"","format":"standard","meta":{"_uag_custom_page_level_css":"","footnotes":""},"categories":[31],"tags":[796,2982,3637,7709,8008,9970,11199],"class_list":["post-5698","post","type-post","status-publish","format-standard","hentry","category-infraestrutura","tag-apoio-emergencial-da-secretaria-nacional-de-protecao-e-defesa-civil-sedec","tag-consulta-popular","tag-diario-oficial-da-uniao","tag-ministerio-da-integracao-nacional","tag-municipios-com-problemas-de-desastres","tag-recursos-financeiros","tag-sistema-integrado-de-informacoes-sobre-desastres-s2id"],"blocksy_meta":[],"spectra_blocks_featured_image_url":null,"spectra_blocks_author_info":{"display_name":"Jornal da Constru\u00e7\u00e3o Civil","avatar_url":"https:\/\/secure.gravatar.com\/avatar\/973c9774fd44ddaceb026973c4962faa70fc512bc4c9da68e8ebb40fecee6540?s=96&d=mm&r=g","author_link":"https:\/\/construcaocivil.siriusmarketingedesign.com.br\/?author=1","description":"Desde de 2013, levando muitas informa\u00e7\u00f5es, lan\u00e7amentos e produtos de qualidade para toda cadeia produtiva da constru\u00e7\u00e3o. O Futuro da constru\u00e7\u00e3o passa por aqui,"},"uagb_featured_image_src":{"full":false,"thumbnail":false,"medium":false,"medium_large":false,"large":false,"1536x1536":false,"2048x2048":false},"uagb_author_info":{"display_name":"Jornal da Constru\u00e7\u00e3o Civil","author_link":"https:\/\/construcaocivil.siriusmarketingedesign.com.br\/?author=1"},"uagb_comment_info":0,"uagb_excerpt":"Mudan\u00e7as garantem mais agilidade a processos de trabalho, que agora tamb\u00e9m podem ser acompanhados pela sociedade Bras\u00edlia-DF &#8211; O Minist\u00e9rio da Integra\u00e7\u00e3o Nacional acaba de lan\u00e7ar medidas para assegurar mais celeridade e transpar\u00eancia aos processos de apoio emergencial da Secretaria Nacional de Prote\u00e7\u00e3o e Defesa Civil (Sedec). Com a inser\u00e7\u00e3o de novas funcionalidades ao Sistema&hellip;","_links":{"self":[{"href":"https:\/\/construcaocivil.siriusmarketingedesign.com.br\/index.php?rest_route=\/wp\/v2\/posts\/5698","targetHints":{"allow":["GET"]}}],"collection":[{"href":"https:\/\/construcaocivil.siriusmarketingedesign.com.br\/index.php?rest_route=\/wp\/v2\/posts"}],"about":[{"href":"https:\/\/construcaocivil.siriusmarketingedesign.com.br\/index.php?rest_route=\/wp\/v2\/types\/post"}],"author":[{"embeddable":true,"href":"https:\/\/construcaocivil.siriusmarketingedesign.com.br\/index.php?rest_route=\/wp\/v2\/users\/1"}],"replies":[{"embeddable":true,"href":"https:\/\/construcaocivil.siriusmarketingedesign.com.br\/index.php?rest_route=%2Fwp%2Fv2%2Fcomments&post=5698"}],"version-history":[{"count":0,"href":"https:\/\/construcaocivil.siriusmarketingedesign.com.br\/index.php?rest_route=\/wp\/v2\/posts\/5698\/revisions"}],"wp:attachment":[{"href":"https:\/\/construcaocivil.siriusmarketingedesign.com.br\/index.php?rest_route=%2Fwp%2Fv2%2Fmedia&parent=5698"}],"wp:term":[{"taxonomy":"category","embeddable":true,"href":"https:\/\/construcaocivil.siriusmarketingedesign.com.br\/index.php?rest_route=%2Fwp%2Fv2%2Fcategories&post=5698"},{"taxonomy":"post_tag","embeddable":true,"href":"https:\/\/construcaocivil.siriusmarketingedesign.com.br\/index.php?rest_route=%2Fwp%2Fv2%2Ftags&post=5698"}],"curies":[{"name":"wp","href":"https:\/\/api.w.org\/{rel}","templated":true}]}}