{"id":5732,"date":"2017-04-11T12:47:02","date_gmt":"2017-04-11T15:47:02","guid":{"rendered":"http:\/\/www.jornaldaconstrucaocivil.com.br\/?p=5732"},"modified":"2017-04-11T12:47:02","modified_gmt":"2017-04-11T15:47:02","slug":"ana-paula-rechuan-visita-itatiaia","status":"publish","type":"post","link":"https:\/\/construcaocivil.siriusmarketingedesign.com.br\/?p=5732","title":{"rendered":"Ana Paula Rechuan visita Itatiaia"},"content":{"rendered":"<figure id=\"attachment_5733\" aria-describedby=\"caption-attachment-5733\" style=\"width: 313px\" class=\"wp-caption alignleft\"><a href=\"http:\/\/www.jornaldaconstrucaocivil.com.br\/wp-content\/uploads\/2017\/04\/TT-Ana-Paula-Rechuan-visita-Itatiaia-2.jpg\"><img loading=\"lazy\" decoding=\"async\" class=\"wp-image-5733\" src=\"http:\/\/www.jornaldaconstrucaocivil.com.br\/wp-content\/uploads\/2017\/04\/TT-Ana-Paula-Rechuan-visita-Itatiaia-2.jpg\" width=\"313\" height=\"208\" \/><\/a><figcaption id=\"caption-attachment-5733\" class=\"wp-caption-text\"><span style=\"color: #0000ff;\">Ana Paula Rechuan visita Itatiaia.<\/span><\/figcaption><\/figure>\n<p style=\"text-align: justify;\"><span style=\"color: #000000;\"><span style=\"color: #ff0000;\">Abril, 2017<\/span> &#8211; A deputada estadual Ana Paula Rechuan (PMDB) \u2013 ao lado do prefeito Eduardo Guedes, o Dudu (PMDB) e do vice Sebasti\u00e3o Mantovani (PDT) \u2013 esteve no bairro Penedo, em Itatiaia, acompanhando as obras de limpeza e desassoreamento do Rio das Pedras, que vem causando preocupa\u00e7\u00e3o para moradores e comerciantes devido as enchentes. A obra, realizada pela INEA (Instituto Estadual do Ambiente) em parceria com a Prefeitura de Itatiaia, contemplar\u00e1 os quatro quil\u00f4metros de extens\u00e3o do rio e dever\u00e1 durar at\u00e9 60 dias.<\/span><\/p>\n<p style=\"text-align: justify;\"><span style=\"color: #000000;\"><span style=\"color: #993300;\">PROJETO NOVO OLHAR<\/span> \u2013 Durante a vistoria da obra, a deputada anunciou a conquista, junto ao Governo do Estado, do Projeto Novo Olhar para a cidade \u2013 previsto para o in\u00edcio de junho. <span style=\"color: #000080;\"><em>&#8220;O projeto, da Funda\u00e7\u00e3o Le\u00e3o XIII,\u00a0 ir\u00e1 atender 500 moradores com renda de at\u00e9 dois sal\u00e1rios m\u00ednimos e com mais de 40 anos, com exames oftalmol\u00f3gicos e doa\u00e7\u00e3o de \u00f3culos. No mesmo dia, a funda\u00e7\u00e3o oferecer\u00e1 outros servi\u00e7os gratuitos \u00e0 popula\u00e7\u00e3o&#8221;<\/em><\/span>, comenta a deputada Ana Paula Rechuan, destacando a parceria com o prefeito Dudu.<\/span><\/p>\n<p style=\"text-align: justify;\">\n","protected":false},"excerpt":{"rendered":"<p>Abril, 2017 &#8211; A deputada estadual Ana Paula Rechuan (PMDB) \u2013 ao lado do prefeito Eduardo Guedes, o Dudu (PMDB) e do vice Sebasti\u00e3o Mantovani (PDT) \u2013 esteve no bairro Penedo, em Itatiaia, acompanhando as obras de limpeza e desassoreamento do Rio das Pedras, que vem causando preocupa\u00e7\u00e3o para moradores e comerciantes devido as enchentes. [&hellip;]<\/p>\n","protected":false},"author":1,"featured_media":5733,"comment_status":"open","ping_status":"open","sticky":false,"template":"","format":"standard","meta":{"_uag_custom_page_level_css":"","footnotes":""},"categories":[27],"tags":[1190,2253,3461,8372,9716,10128],"class_list":["post-5732","post","type-post","status-publish","format-standard","has-post-thumbnail","hentry","category-acontece","tag-bairro-penedo","tag-cidade-de-itatiaia-rj","tag-deputada-estadual-ana-paula-rechuan-pmdb","tag-obras-do-rio-das-pedras","tag-projeto-novo-olhar","tag-regiao-sul-fluminense"],"blocksy_meta":[],"spectra_blocks_featured_image_url":[],"spectra_blocks_author_info":{"display_name":"Jornal da Constru\u00e7\u00e3o Civil","avatar_url":"https:\/\/secure.gravatar.com\/avatar\/973c9774fd44ddaceb026973c4962faa70fc512bc4c9da68e8ebb40fecee6540?s=96&d=mm&r=g","author_link":"https:\/\/construcaocivil.siriusmarketingedesign.com.br\/?author=1","description":"Desde de 2013, levando muitas informa\u00e7\u00f5es, lan\u00e7amentos e produtos de qualidade para toda cadeia produtiva da constru\u00e7\u00e3o. O Futuro da constru\u00e7\u00e3o passa por aqui,"},"uagb_featured_image_src":{"full":false,"thumbnail":false,"medium":false,"medium_large":false,"large":false,"1536x1536":false,"2048x2048":false},"uagb_author_info":{"display_name":"Jornal da Constru\u00e7\u00e3o Civil","author_link":"https:\/\/construcaocivil.siriusmarketingedesign.com.br\/?author=1"},"uagb_comment_info":0,"uagb_excerpt":"Abril, 2017 &#8211; A deputada estadual Ana Paula Rechuan (PMDB) \u2013 ao lado do prefeito Eduardo Guedes, o Dudu (PMDB) e do vice Sebasti\u00e3o Mantovani (PDT) \u2013 esteve no bairro Penedo, em Itatiaia, acompanhando as obras de limpeza e desassoreamento do Rio das Pedras, que vem causando preocupa\u00e7\u00e3o para moradores e comerciantes devido as enchentes.&hellip;","_links":{"self":[{"href":"https:\/\/construcaocivil.siriusmarketingedesign.com.br\/index.php?rest_route=\/wp\/v2\/posts\/5732","targetHints":{"allow":["GET"]}}],"collection":[{"href":"https:\/\/construcaocivil.siriusmarketingedesign.com.br\/index.php?rest_route=\/wp\/v2\/posts"}],"about":[{"href":"https:\/\/construcaocivil.siriusmarketingedesign.com.br\/index.php?rest_route=\/wp\/v2\/types\/post"}],"author":[{"embeddable":true,"href":"https:\/\/construcaocivil.siriusmarketingedesign.com.br\/index.php?rest_route=\/wp\/v2\/users\/1"}],"replies":[{"embeddable":true,"href":"https:\/\/construcaocivil.siriusmarketingedesign.com.br\/index.php?rest_route=%2Fwp%2Fv2%2Fcomments&post=5732"}],"version-history":[{"count":0,"href":"https:\/\/construcaocivil.siriusmarketingedesign.com.br\/index.php?rest_route=\/wp\/v2\/posts\/5732\/revisions"}],"wp:attachment":[{"href":"https:\/\/construcaocivil.siriusmarketingedesign.com.br\/index.php?rest_route=%2Fwp%2Fv2%2Fmedia&parent=5732"}],"wp:term":[{"taxonomy":"category","embeddable":true,"href":"https:\/\/construcaocivil.siriusmarketingedesign.com.br\/index.php?rest_route=%2Fwp%2Fv2%2Fcategories&post=5732"},{"taxonomy":"post_tag","embeddable":true,"href":"https:\/\/construcaocivil.siriusmarketingedesign.com.br\/index.php?rest_route=%2Fwp%2Fv2%2Ftags&post=5732"}],"curies":[{"name":"wp","href":"https:\/\/api.w.org\/{rel}","templated":true}]}}