{"id":574,"date":"2015-12-15T23:42:10","date_gmt":"2015-12-15T23:42:10","guid":{"rendered":"http:\/\/www.jornaldaconstrucaocivil.com.br\/?p=574"},"modified":"2015-12-15T23:42:10","modified_gmt":"2015-12-15T23:42:10","slug":"desastre-ambiental-mariana-fenam-alerta-sobre-os-riscos-de-doencas-na-populacao-afetada-pela-lama-no-rio-doce","status":"publish","type":"post","link":"https:\/\/construcaocivil.siriusmarketingedesign.com.br\/?p=574","title":{"rendered":"Desastre Ambiental Mariana:  FENAM alerta sobre os riscos de doen\u00e7as na popula\u00e7\u00e3o afetada pela lama no Rio Doce"},"content":{"rendered":"<p><strong><span style=\"color: #000000;\">A Federa\u00e7\u00e3o Nacional dos M\u00e9dicos (FENAM) alerta que o contato com a \u00e1gua do Rio Doce pode provocar, em longo prazo, o aparecimento de doen\u00e7as na pele, no aparelho digestivo e intestinal, c\u00e2ncer, m\u00e1 forma\u00e7\u00e3o de beb\u00eas, entre outras.<\/span><\/strong><\/p>\n<p><a href=\"http:\/\/www.jornaldaconstrucaocivil.com.br\/wp-content\/uploads\/2015\/12\/MARIANA-OK-CRIANCA.jpg\"><img loading=\"lazy\" decoding=\"async\" class=\" wp-image-575 alignleft\" src=\"http:\/\/www.jornaldaconstrucaocivil.com.br\/wp-content\/uploads\/2015\/12\/MARIANA-OK-CRIANCA-300x267.jpg\" alt=\"MARIANA OK - CRIANCA\" width=\"252\" height=\"224\" \/><\/a><\/p>\n<p><span style=\"color: #000000;\">A FENAM estar\u00e1 nesta quarta-feira (16), em Governador Valadares (MG), com uma comitiva de m\u00e9dicos realizando coleta de amostras no Rio Doce, atingido pelos rejeitos de min\u00e9rio causados pelo rompimento da barragem da Samarco. A FENAM representa 400 mil m\u00e9dicos no pa\u00eds e re\u00fane 53 sindicatos.<\/span><\/p>\n<p><span style=\"color: #000000;\">As an\u00e1lises f\u00edsico-qu\u00edmicas e microbiol\u00f3gicas em \u00e1gua e em solo ser\u00e3o feitas pelo laborat\u00f3rio independente \u00c1gua Terra, especializado no assunto.\u00a0 No total ser\u00e3o recolhidas 10 amostras em uma extens\u00e3o de 1.424 quil\u00f4metros. O relat\u00f3rio final ser\u00e1 divulgado em 90 dias.<\/span><\/p>\n<p><span style=\"color: #000000;\">\u201cA FENAM tamb\u00e9m est\u00e1 preocupada com os impactos psicol\u00f3gicos e emocionais causados \u00e0 popula\u00e7\u00e3o diante da magnitude deste desastre. Queremos conhecer as pessoas que perderam tudo por conta da lama\u201d, afirmou o presidente da FENAM, Otto Baptista.<\/span><\/p>\n<p><span style=\"color: #3366ff;\">Fonte: Assessoria de Imprensa Fenam<\/span><\/p>\n","protected":false},"excerpt":{"rendered":"<p>A Federa\u00e7\u00e3o Nacional dos M\u00e9dicos (FENAM) alerta que o contato com a \u00e1gua do Rio Doce pode provocar, em longo prazo, o aparecimento de doen\u00e7as na pele, no aparelho digestivo e intestinal, c\u00e2ncer, m\u00e1 forma\u00e7\u00e3o de beb\u00eas, entre outras. A FENAM estar\u00e1 nesta quarta-feira (16), em Governador Valadares (MG), com uma comitiva de m\u00e9dicos realizando [&hellip;]<\/p>\n","protected":false},"author":1,"featured_media":575,"comment_status":"open","ping_status":"open","sticky":false,"template":"","format":"standard","meta":{"_uag_custom_page_level_css":"","footnotes":""},"categories":[27],"tags":[4956,5530,6676,7287,7422,10587,12184],"class_list":["post-574","post","type-post","status-publish","format-standard","has-post-thumbnail","hentry","category-acontece","tag-fenam","tag-governador-valadares","tag-lama","tag-mariana","tag-medicos","tag-samarco","tag-vale"],"blocksy_meta":[],"spectra_blocks_featured_image_url":[],"spectra_blocks_author_info":{"display_name":"Jornal da Constru\u00e7\u00e3o Civil","avatar_url":"https:\/\/secure.gravatar.com\/avatar\/973c9774fd44ddaceb026973c4962faa70fc512bc4c9da68e8ebb40fecee6540?s=96&d=mm&r=g","author_link":"https:\/\/construcaocivil.siriusmarketingedesign.com.br\/?author=1","description":"Desde de 2013, levando muitas informa\u00e7\u00f5es, lan\u00e7amentos e produtos de qualidade para toda cadeia produtiva da constru\u00e7\u00e3o. O Futuro da constru\u00e7\u00e3o passa por aqui,"},"uagb_featured_image_src":{"full":false,"thumbnail":false,"medium":false,"medium_large":false,"large":false,"1536x1536":false,"2048x2048":false},"uagb_author_info":{"display_name":"Jornal da Constru\u00e7\u00e3o Civil","author_link":"https:\/\/construcaocivil.siriusmarketingedesign.com.br\/?author=1"},"uagb_comment_info":0,"uagb_excerpt":"A Federa\u00e7\u00e3o Nacional dos M\u00e9dicos (FENAM) alerta que o contato com a \u00e1gua do Rio Doce pode provocar, em longo prazo, o aparecimento de doen\u00e7as na pele, no aparelho digestivo e intestinal, c\u00e2ncer, m\u00e1 forma\u00e7\u00e3o de beb\u00eas, entre outras. A FENAM estar\u00e1 nesta quarta-feira (16), em Governador Valadares (MG), com uma comitiva de m\u00e9dicos realizando&hellip;","_links":{"self":[{"href":"https:\/\/construcaocivil.siriusmarketingedesign.com.br\/index.php?rest_route=\/wp\/v2\/posts\/574","targetHints":{"allow":["GET"]}}],"collection":[{"href":"https:\/\/construcaocivil.siriusmarketingedesign.com.br\/index.php?rest_route=\/wp\/v2\/posts"}],"about":[{"href":"https:\/\/construcaocivil.siriusmarketingedesign.com.br\/index.php?rest_route=\/wp\/v2\/types\/post"}],"author":[{"embeddable":true,"href":"https:\/\/construcaocivil.siriusmarketingedesign.com.br\/index.php?rest_route=\/wp\/v2\/users\/1"}],"replies":[{"embeddable":true,"href":"https:\/\/construcaocivil.siriusmarketingedesign.com.br\/index.php?rest_route=%2Fwp%2Fv2%2Fcomments&post=574"}],"version-history":[{"count":0,"href":"https:\/\/construcaocivil.siriusmarketingedesign.com.br\/index.php?rest_route=\/wp\/v2\/posts\/574\/revisions"}],"wp:featuredmedia":[{"embeddable":true,"href":"https:\/\/construcaocivil.siriusmarketingedesign.com.br\/index.php?rest_route=\/wp\/v2\/media\/575"}],"wp:attachment":[{"href":"https:\/\/construcaocivil.siriusmarketingedesign.com.br\/index.php?rest_route=%2Fwp%2Fv2%2Fmedia&parent=574"}],"wp:term":[{"taxonomy":"category","embeddable":true,"href":"https:\/\/construcaocivil.siriusmarketingedesign.com.br\/index.php?rest_route=%2Fwp%2Fv2%2Fcategories&post=574"},{"taxonomy":"post_tag","embeddable":true,"href":"https:\/\/construcaocivil.siriusmarketingedesign.com.br\/index.php?rest_route=%2Fwp%2Fv2%2Ftags&post=574"}],"curies":[{"name":"wp","href":"https:\/\/api.w.org\/{rel}","templated":true}]}}