{"id":5758,"date":"2017-04-11T15:02:42","date_gmt":"2017-04-11T18:02:42","guid":{"rendered":"http:\/\/www.jornaldaconstrucaocivil.com.br\/?p=5758"},"modified":"2017-04-11T15:02:42","modified_gmt":"2017-04-11T18:02:42","slug":"participacao-da-cobrecom-fios-e-cabos-eletricos-na-maior-feira-de-construcao-da-america-latina-supera-as-expectativas","status":"publish","type":"post","link":"https:\/\/construcaocivil.siriusmarketingedesign.com.br\/?p=5758","title":{"rendered":"Participa\u00e7\u00e3o da Cobrecom Fios e Cabos El\u00e9tricos na maior feira de Constru\u00e7\u00e3o da Am\u00e9rica Latina  supera as expectativas"},"content":{"rendered":"<p><span style=\"color: #000080;\"><em><strong>A empresa recebeu em seu estande mais de cinco mil pessoas durante os cinco dias do evento. Al\u00e9m disso, a Cobrecom projeta bons neg\u00f3cios nos meses ap\u00f3s o evento<\/strong><\/em><\/span><\/p>\n<figure id=\"attachment_5760\" aria-describedby=\"caption-attachment-5760\" style=\"width: 287px\" class=\"wp-caption alignleft\"><a href=\"http:\/\/www.jornaldaconstrucaocivil.com.br\/wp-content\/uploads\/2017\/04\/CC-Feicon17-127.jpg\"><img loading=\"lazy\" decoding=\"async\" class=\"wp-image-5760\" src=\"http:\/\/www.jornaldaconstrucaocivil.com.br\/wp-content\/uploads\/2017\/04\/CC-Feicon17-127-1024x683.jpg\" alt=\"CC Feicon17-127\" width=\"287\" height=\"191\" \/><\/a><figcaption id=\"caption-attachment-5760\" class=\"wp-caption-text\"><span style=\"color: #0000ff;\">Stand da Cobrecom com presen\u00e7a de p\u00fablico enorme.<\/span> <span style=\"color: #000000;\">Cr\u00e9ditos: Cobrecom Fios e Cabos El\u00e9tricos<\/span><\/figcaption><\/figure>\n<p style=\"text-align: justify;\"><span style=\"color: #993300;\">S\u00e3o Paulo, abril de 2017<\/span> \u2013 Conhecida por fabricar condutores el\u00e9tricos seguros, confi\u00e1veis e de muita qualidade, a Cobrecom Fios e Cabos El\u00e9tricos, uma das mais importantes empresas do segmento de el\u00e9trica, tem participa\u00e7\u00e3o bastante positiva na Feicon Batimat 2017(maior feira de constru\u00e7\u00e3o da Am\u00e9rica Latina), que aconteceu entre os dias 04 e 08 de abril, no S\u00e3o Paulo Expo, em S\u00e3o Paulo, SP.<\/p>\n<p style=\"text-align: justify;\"><span style=\"color: #000080;\"><em>\u201cA edi\u00e7\u00e3o desse ano superou nossas expectativas em todos os sentidos. Mesmo com o momento econ\u00f4mico do pa\u00eds e com a troca do local do evento, a Feicon Batimat desse ano foi um grande sucesso de p\u00fablico. Somente em nosso estande recebemos mais de cinco mil pessoas durante os cinco dias da feira\u201d<\/em><\/span>, comemora Paulo Alessandro Delgado, gerente de marketing da Cobrecom Fios e Cabos El\u00e9tricos.<\/p>\n<p>&nbsp;<\/p>\n<figure id=\"attachment_5762\" aria-describedby=\"caption-attachment-5762\" style=\"width: 293px\" class=\"wp-caption alignright\"><a href=\"http:\/\/www.jornaldaconstrucaocivil.com.br\/wp-content\/uploads\/2017\/04\/FACHADA-Feicon17-25.jpg\"><img loading=\"lazy\" decoding=\"async\" class=\"wp-image-5762\" src=\"http:\/\/www.jornaldaconstrucaocivil.com.br\/wp-content\/uploads\/2017\/04\/FACHADA-Feicon17-25.jpg\" alt=\"FACHADA Feicon17-25\" width=\"293\" height=\"195\" \/><\/a><figcaption id=\"caption-attachment-5762\" class=\"wp-caption-text\"><span style=\"color: #000000;\">Cr\u00e9ditos: Cobrecom Fios e Cabos El\u00e9tricos<\/span><\/figcaption><\/figure>\n<p style=\"text-align: justify;\"><span style=\"color: #000000;\">O executivo ainda ressalta como pontos fortes do evento a qualifica\u00e7\u00e3o dos visitantes e que a troca do Pavilh\u00e3o de Exposi\u00e7\u00f5es foi para melhor.<\/span><\/p>\n<p style=\"text-align: justify;\"><span style=\"color: #000000;\"><em>\u201cO S\u00e3o Paulo Expo possui f\u00e1cil acesso, est\u00e1 pr\u00f3ximo ao Metr\u00f4 e conta com estacionamento e outros servi\u00e7os de muita qualidade\u201d<\/em>, completa Delgado.<\/span><\/p>\n<p style=\"text-align: justify;\"><span style=\"color: #000000;\">Al\u00e9m disso, a empresa recebeu a maci\u00e7a visita\u00e7\u00e3o de seus grandes clientes.<\/span><\/p>\n<p style=\"text-align: justify;\"><span style=\"color: #000000;\"><em>\u201cTamb\u00e9m fizemos a prospec\u00e7\u00e3o de novas rela\u00e7\u00f5es comerciais e projetamos realizar bons neg\u00f3cios nos pr\u00f3ximos meses\u201d<\/em>, afirma o gerente de marketing da Cobrecom Fios e Cabos El\u00e9tricos.<\/span><\/p>\n<p style=\"text-align: justify;\"><span style=\"color: #000000;\">E por essa participa\u00e7\u00e3o bastante positiva, a empresa j\u00e1 confirmou presen\u00e7a na edi\u00e7\u00e3o 2018 da Feicon Batimat.<\/span><\/p>\n<p style=\"text-align: justify;\"><span style=\"color: #000000;\"><strong>Lan\u00e7amentos<\/strong><\/span><\/p>\n<p style=\"text-align: justify;\"><span style=\"color: #000000;\">A empresa tamb\u00e9m levou para o evento novos produtos.<\/span><\/p>\n<p style=\"text-align: justify;\"><span style=\"color: #000000;\">Entre os lan\u00e7amentos est\u00e3o o Cabo Solarcom, os Cabos Gteprom Flex HEPR 90\u00ba C 0,6\/1 kV e o Superatox Flex HEPR 90\u00ba C 0,6\/1 kV<span style=\"color: #0000ff;\"> com grava\u00e7\u00e3o metro a metro<\/span> e o Estoque de Oportunidades.<\/span><\/p>\n<p style=\"text-align: justify;\"><span style=\"color: #000000;\">Cabos Gteprom Flex HEPR 90\u00ba C 0,6\/1 kV e o Superatox Flex HEPR 90\u00ba C 0,6\/1 kV <span style=\"color: #0000ff;\">com grava\u00e7\u00e3o metro a metro<\/span><\/span><\/p>\n<p style=\"text-align: justify;\"><span style=\"color: #000000;\"><em><span style=\"color: #000080;\">\u201cO sequencial m\u00e9trico nos fios e cabos el\u00e9tricos facilita o corte preciso dos cabos el\u00e9tricos sem a necessidade de instrumentos de medi\u00e7\u00e3o\u201d<\/span><\/em>, explica Delgado.<\/span><\/p>\n<figure id=\"attachment_5765\" aria-describedby=\"caption-attachment-5765\" style=\"width: 255px\" class=\"wp-caption alignleft\"><a href=\"http:\/\/www.jornaldaconstrucaocivil.com.br\/wp-content\/uploads\/2017\/04\/PP-Cabo-Gteprom-Com-Grava\u00e7\u00e3o-Metro-a-Metro-01.jpg\"><img loading=\"lazy\" decoding=\"async\" class=\"wp-image-5765\" src=\"http:\/\/www.jornaldaconstrucaocivil.com.br\/wp-content\/uploads\/2017\/04\/PP-Cabo-Gteprom-Com-Grava\u00e7\u00e3o-Metro-a-Metro-01.jpg\" alt=\"PP Cabo Gteprom Com Grava\u00e7\u00e3o Metro a Metro 01\" width=\"255\" height=\"170\" \/><\/a><figcaption id=\"caption-attachment-5765\" class=\"wp-caption-text\"><span style=\"color: #000000;\">Divulga\u00e7\u00e3o: Cobrecom Fios e Cabos El\u00e9tricos<\/span><\/figcaption><\/figure>\n<p style=\"text-align: justify;\"><span style=\"color: #000000;\">Segundo o profissional, a grava\u00e7\u00e3o metro a metro dos condutores el\u00e9tricos ainda possui como vantagens a possibilidade de ter maior controle de estoque e das vendas, j\u00e1 que o lojista pode saber qual era o n\u00famero em metros do come\u00e7o da bobina ou rolo quando os recebeu e em qual o valor est\u00e1.<\/span><\/p>\n<p style=\"text-align: justify;\"><span style=\"color: #000000;\">Os Cabos Gteprom Flex HEPR 90\u00ba C 0,6\/1 kV e o Superatox Flex HEPR 90\u00ba C 0,6\/1 kV ter\u00e3o grava\u00e7\u00e3o metro a metro a partir da se\u00e7\u00e3o nominal de 50 mm\u00b2, ou seja, estar\u00e3o dispon\u00edveis nas se\u00e7\u00f5es nominais 50 mm\u00b2, 70 mm\u00b2, 95 mm\u00b2, 120 mm\u00b2, 150 mm\u00b2, 185 mm\u00b2, 240 mm\u00b2, 300 mm\u00b2, 400 mm\u00b2 e 500 mm\u00b2.<\/span><\/p>\n<p style=\"text-align: justify;\"><span style=\"color: #000000;\"><em>\u201cNesses produtos da Cobrecom, o sequencial m\u00e9trico \u00e9 zerado no in\u00edcio de cada lote e cresce continuamente at\u00e9 o seu final\u201d<\/em>, ressalta Mauro Soares, supervisor de desenvolvimento de produtos da Cobrecom Fios e Cabos El\u00e9tricos.<\/span><\/p>\n<p style=\"text-align: justify;\"><span style=\"color: #000000;\">Vale lembrar que todos os fios e cabos el\u00e9tricos com grava\u00e7\u00e3o metro a metro tamb\u00e9m devem ter obrigatoriamente estampados em sua superf\u00edcie o nome, endere\u00e7o e telefone do fabricante; o nome do produto; se\u00e7\u00e3o nominal e o selo do Inmetro.<\/span><\/p>\n<p style=\"text-align: justify;\"><span style=\"color: #000000;\"><strong>Estoque de Oportunidades<\/strong><\/span><\/p>\n<p style=\"text-align: justify;\"><span style=\"color: #000000;\">\u00c9 mais um grande servi\u00e7o que a Cobrecom Fios e Cabos El\u00e9tricos proporciona vantagens para os seus clientes.<\/span><\/p>\n<p style=\"text-align: justify;\"><span style=\"color: #000000;\">Ao acessar o site<span style=\"color: #0000ff;\"> https:\/\/portal.cobrecom.com.br:8443\/portal\/login<\/span>, o lojista se cadastra e tem acesso aos produtos que est\u00e3o dispon\u00edveis nos estoques das f\u00e1bricas da Cobrecom Fios e Cabos El\u00e9tricos.<\/span><\/p>\n<p style=\"text-align: justify;\"><span style=\"color: #000000;\">Com isso, os lojistas e revendedores n\u00e3o perder\u00e3o vendas em fun\u00e7\u00e3o de n\u00e3o haver determinados produtos de alto valor no estoque.<\/span><\/p>\n<p style=\"text-align: justify;\"><span style=\"color: #000000;\"><strong>Cabo Solarcom<\/strong><\/span><\/p>\n<p style=\"text-align: justify;\"><span style=\"color: #000000;\">Fabricado com a sua cobertura nas cores preta ou vermelha, o Cabo Solarcom foi criado e testado a partir dos mais criteriosos padr\u00f5es internacionais para transmitir energia limpa produzida pelas placas solares com seguran\u00e7a e qualidade.\u00a0 <\/span><\/p>\n<p style=\"text-align: justify;\"><span style=\"color: #000000;\">O produto inclusive atende a norma internacional TUV 2 Pfg 1169\/08.2007 &#8211; Requisitos para cabo para utiliza\u00e7\u00e3o em sistemas fotovoltaicos.<\/span><\/p>\n<figure id=\"attachment_5764\" aria-describedby=\"caption-attachment-5764\" style=\"width: 279px\" class=\"wp-caption alignright\"><a href=\"http:\/\/www.jornaldaconstrucaocivil.com.br\/wp-content\/uploads\/2017\/04\/OK-Cabo-Solarcom.jpg\"><img loading=\"lazy\" decoding=\"async\" class=\"wp-image-5764\" src=\"http:\/\/www.jornaldaconstrucaocivil.com.br\/wp-content\/uploads\/2017\/04\/OK-Cabo-Solarcom.jpg\" alt=\"OK Cabo Solarcom\" width=\"279\" height=\"186\" \/><\/a><figcaption id=\"caption-attachment-5764\" class=\"wp-caption-text\"><span style=\"color: #000000;\">Divulga\u00e7\u00e3o: Cobrecom Fios e Cabos El\u00e9tricos<\/span><\/figcaption><\/figure>\n<p style=\"text-align: justify;\"><span style=\"color: #000000;\">O Cabo Solarcom pode ser utilizado em instala\u00e7\u00f5es fixas, em conex\u00f5es entre as placas e pain\u00e9is fotovoltaicos, caixa de jun\u00e7\u00f5es (String Box) at\u00e9 os inversores do sistema de gera\u00e7\u00e3o de energia solar, suportando condi\u00e7\u00f5es extremas de temperatura e intemp\u00e9ries.<\/span><\/p>\n<p style=\"text-align: justify;\"><span style=\"color: #000000;\">Indicado para tens\u00f5es nominais de at\u00e9 0,6\/1 kV CA ou at\u00e9 1,8 kV DC, o cabo \u00e9 formado por fios de cobre eletrol\u00edtico, estanhado, classe 5 (flex\u00edveis) com isola\u00e7\u00e3o e cobertura em composto poliolef\u00ednico termofixo de alta estabilidade t\u00e9rmica com temperatura m\u00e1xima de opera\u00e7\u00e3o de 120\u00ba C por 20 mil horas.<\/span><\/p>\n<p style=\"text-align: justify;\"><span style=\"color: #000000;\">Al\u00e9m disso, o Cabo Solarcom possui f\u00e1cil instala\u00e7\u00e3o por causa de sua flexibilidade e baixo raio de curvatura. <\/span><\/p>\n<p style=\"text-align: justify;\"><span style=\"color: #000000;\">O composto poliolef\u00ednico da isola\u00e7\u00e3o e cobertura, possui alta resist\u00eancia a raios UV e ao oz\u00f4nio, \u00e9 resistente a chama, caracteriza-se pela baixa emiss\u00e3o de fuma\u00e7a e n\u00e3o produz gases t\u00f3xicos e corrosivos, tem \u00f3tima resist\u00eancia mec\u00e2nica e \u00e9 muito resistente a \u00f3leos minerais, \u00e1cidos e am\u00f4nia.<\/span><\/p>\n<p style=\"text-align: justify;\"><span style=\"color: #000000;\">Dispon\u00edvel nas se\u00e7\u00f5es nominais de 4, 6 e 10 mm\u00b2 e acondicionado em rolos de 100 m ou em bobinas de madeira. \u00a0<\/span><\/p>\n<p style=\"text-align: justify;\"><span style=\"color: #000000;\"><strong>Palestras t\u00e9cnicas<\/strong><\/span><\/p>\n<p style=\"text-align: justify;\"><span style=\"color: #000000;\">Durante a Feicon Batimat, a Cobrecom Fios e Cabos El\u00e9tricos promoveu a palestra <span style=\"text-decoration: underline;\"><span style=\"color: #0000ff; text-decoration: underline;\">\u00a0\u201cComo investir o menos poss\u00edvel em cabos el\u00e9tricos e ao mesmo tempo ter uma instala\u00e7\u00e3o segura? \u201d.<\/span><\/span><\/span><\/p>\n<p style=\"text-align: justify;\"><span style=\"color: #000000;\">Ministrada pelo Professor Hilton Moreno, renomado engenheiro eletricista que \u00e9 consultor da Cobrecom Fios e Cabos El\u00e9tricos e que tamb\u00e9m \u00e9 membro de v\u00e1rias comiss\u00f5es de estudo da ABNT (Associa\u00e7\u00e3o Brasileira de Normas T\u00e9cnicas), a apresenta\u00e7\u00e3o teve o objetivo de mostrar como conseguir um compromisso respons\u00e1vel entre custo e a seguran\u00e7a na escolha e instala\u00e7\u00e3o dos cabos el\u00e9tricos.<\/span><\/p>\n<p style=\"text-align: justify;\"><span style=\"color: #000000;\">Site<\/span>:\u00a0<span style=\"color: #0000ff;\">www.cobrecom.com.br<\/span><\/p>\n<p style=\"text-align: justify;\">\n","protected":false},"excerpt":{"rendered":"<p>A empresa recebeu em seu estande mais de cinco mil pessoas durante os cinco dias do evento. Al\u00e9m disso, a Cobrecom projeta bons neg\u00f3cios nos meses ap\u00f3s o evento S\u00e3o Paulo, abril de 2017 \u2013 Conhecida por fabricar condutores el\u00e9tricos seguros, confi\u00e1veis e de muita qualidade, a Cobrecom Fios e Cabos El\u00e9tricos, uma das mais [&hellip;]<\/p>\n","protected":false},"author":1,"featured_media":5760,"comment_status":"open","ping_status":"open","sticky":false,"template":"","format":"standard","meta":{"_uag_custom_page_level_css":"","footnotes":""},"categories":[33],"tags":[2387,4037,4915,4917,5093,6701,7019,7362,8287,8603],"class_list":["post-5758","post","type-post","status-publish","format-standard","has-post-thumbnail","hentry","category-mercado","tag-cobrecom-fios-e-cabos-eletricos","tag-eletricistas","tag-feicon-2017","tag-feicon-batimat-23o-salao-internacional-da-construcao-e-arquitetura","tag-fios-e-cabos-eletricos","tag-lancamento-de-produtos","tag-lojistas","tag-material-de-construcao","tag-novos-negocios","tag-palestras"],"blocksy_meta":[],"spectra_blocks_featured_image_url":[],"spectra_blocks_author_info":{"display_name":"Jornal da Constru\u00e7\u00e3o Civil","avatar_url":"https:\/\/secure.gravatar.com\/avatar\/973c9774fd44ddaceb026973c4962faa70fc512bc4c9da68e8ebb40fecee6540?s=96&d=mm&r=g","author_link":"https:\/\/construcaocivil.siriusmarketingedesign.com.br\/?author=1","description":"Desde de 2013, levando muitas informa\u00e7\u00f5es, lan\u00e7amentos e produtos de qualidade para toda cadeia produtiva da constru\u00e7\u00e3o. O Futuro da constru\u00e7\u00e3o passa por aqui,"},"uagb_featured_image_src":{"full":false,"thumbnail":false,"medium":false,"medium_large":false,"large":false,"1536x1536":false,"2048x2048":false},"uagb_author_info":{"display_name":"Jornal da Constru\u00e7\u00e3o Civil","author_link":"https:\/\/construcaocivil.siriusmarketingedesign.com.br\/?author=1"},"uagb_comment_info":0,"uagb_excerpt":"A empresa recebeu em seu estande mais de cinco mil pessoas durante os cinco dias do evento. Al\u00e9m disso, a Cobrecom projeta bons neg\u00f3cios nos meses ap\u00f3s o evento S\u00e3o Paulo, abril de 2017 \u2013 Conhecida por fabricar condutores el\u00e9tricos seguros, confi\u00e1veis e de muita qualidade, a Cobrecom Fios e Cabos El\u00e9tricos, uma das mais&hellip;","_links":{"self":[{"href":"https:\/\/construcaocivil.siriusmarketingedesign.com.br\/index.php?rest_route=\/wp\/v2\/posts\/5758","targetHints":{"allow":["GET"]}}],"collection":[{"href":"https:\/\/construcaocivil.siriusmarketingedesign.com.br\/index.php?rest_route=\/wp\/v2\/posts"}],"about":[{"href":"https:\/\/construcaocivil.siriusmarketingedesign.com.br\/index.php?rest_route=\/wp\/v2\/types\/post"}],"author":[{"embeddable":true,"href":"https:\/\/construcaocivil.siriusmarketingedesign.com.br\/index.php?rest_route=\/wp\/v2\/users\/1"}],"replies":[{"embeddable":true,"href":"https:\/\/construcaocivil.siriusmarketingedesign.com.br\/index.php?rest_route=%2Fwp%2Fv2%2Fcomments&post=5758"}],"version-history":[{"count":0,"href":"https:\/\/construcaocivil.siriusmarketingedesign.com.br\/index.php?rest_route=\/wp\/v2\/posts\/5758\/revisions"}],"wp:attachment":[{"href":"https:\/\/construcaocivil.siriusmarketingedesign.com.br\/index.php?rest_route=%2Fwp%2Fv2%2Fmedia&parent=5758"}],"wp:term":[{"taxonomy":"category","embeddable":true,"href":"https:\/\/construcaocivil.siriusmarketingedesign.com.br\/index.php?rest_route=%2Fwp%2Fv2%2Fcategories&post=5758"},{"taxonomy":"post_tag","embeddable":true,"href":"https:\/\/construcaocivil.siriusmarketingedesign.com.br\/index.php?rest_route=%2Fwp%2Fv2%2Ftags&post=5758"}],"curies":[{"name":"wp","href":"https:\/\/api.w.org\/{rel}","templated":true}]}}