{"id":577,"date":"2015-12-15T23:49:44","date_gmt":"2015-12-15T23:49:44","guid":{"rendered":"http:\/\/www.jornaldaconstrucaocivil.com.br\/?p=577"},"modified":"2015-12-15T23:49:44","modified_gmt":"2015-12-15T23:49:44","slug":"com-r-71-mi-do-bndes-museu-de-congonhas-foi-inaugurado-nesta-terca-15-em-minas-gerais","status":"publish","type":"post","link":"https:\/\/construcaocivil.siriusmarketingedesign.com.br\/?p=577","title":{"rendered":"Com R$ 7,1 mi do BNDES,  Museu de Congonhas foi  inaugurado nesta ter\u00e7a, 15,  em Minas Gerais"},"content":{"rendered":"<p><strong><span style=\"font-family: Arial; font-size: medium; color: #000000;\"><i>Institui\u00e7\u00e3o foi instalada anexa ao Santu\u00e1rio do Bom Jesus de Matosinhos, onde trabalharam artistas como Aleijadinho e Manoel da Costa Ata\u00edde.<\/i> <\/span><\/strong><\/p>\n<p><span style=\"font-family: Arial; font-size: medium;\"><span style=\"color: #000000;\">Constru\u00eddo com apoio n\u00e3o reembols\u00e1vel de R$ 7,1 milh\u00f5es do Banco Nacional de Desenvolvimento Econ\u00f4mico e Social (BNDES), foi inaugurado nesta ter\u00e7a-feira, 15, o Museu de Congonhas, em Minas Gerais.<\/span> <\/span><\/p>\n<p><span style=\"font-family: Arial; font-size: medium;\">O empreendimento \u2013 uma iniciativa da Funda\u00e7\u00e3o Municipal da Cultura, Lazer e Turismo (Fumcult), da Organiza\u00e7\u00e3o das Na\u00e7\u00f5es Unidas para a Educa\u00e7\u00e3o, a Ci\u00eancia e a Cultura (Unesco) e do Instituto do Patrim\u00f4nio Hist\u00f3rico e Art\u00edstico Nacional (Iphan) \u2013 contou com recursos do Programa BNDES para Desenvolvimento da Economia da Cultura (BNDES Procult). <\/span><\/p>\n<p><span style=\"font-family: Arial; font-size: medium;\">A inaugura\u00e7\u00e3o do museu, que \u00e9 um dos mais importantes projetos de preserva\u00e7\u00e3o da mem\u00f3ria do Pa\u00eds, contou com a presen\u00e7a da presidente Dilma Rousseff.<\/span> <span style=\"font-family: Arial; font-size: medium;\">A institui\u00e7\u00e3o est\u00e1 instalada em um espa\u00e7o de 3.452,30 m\u00b2, anexo ao Santu\u00e1rio do Bom Jesus de Matosinhos, s\u00edtio hist\u00f3rico que, desde 1985, tem o t\u00edtulo de Patrim\u00f4nio Cultural Mundial. <\/span><\/p>\n<p><span style=\"font-family: Arial; font-size: medium;\">Sua constru\u00e7\u00e3o teve in\u00edcio em 1757 e se estendeu at\u00e9 o come\u00e7o do s\u00e9culo XIX. Trata-se de um conjunto arquitet\u00f4nico e paisag\u00edstico formado pela bas\u00edlica, escadaria em terra\u00e7os decorada por esculturas dos 12 Profetas em pedra-sab\u00e3o e seis capelas com cenas da Via Sacra, contendo 64 esculturas em cedro em tamanho natural. No conjunto trabalharam os artistas de maior destaque do per\u00edodo, como o escultor Ant\u00f4nio Francisco Lisboa, o Aleijadinho (1738-1814), e o pintor Manoel da Costa Ata\u00edde (1760-1830).<\/span><\/p>\n<p><span style=\"font-family: Arial; font-size: medium;\">O projeto arquitet\u00f4nico de Gustavo Penna, escolhido em concurso nacional, contempla em tr\u00eas pavimentos sala de exposi\u00e7\u00f5es, reserva t\u00e9cnica, biblioteca, audit\u00f3rio, ateli\u00ea, espa\u00e7o educativo, cafeteria, anfiteatro ao ar livre e \u00e1reas administrativas.<\/span><br \/>\n<span style=\"font-family: Arial; font-size: medium;\">Por ter como principal tem\u00e1tica um patrim\u00f4nio mundial a c\u00e9u aberto \u2013 o Santu\u00e1rio do Bom Jesus de Matosinhos \u00ad\u2013, o equipamento funcionar\u00e1 como \u201cmuseu de s\u00edtio\u201d, numa esp\u00e9cie de media\u00e7\u00e3o entre o santu\u00e1rio e o p\u00fablico.<\/span><\/p>\n<p><span style=\"font-family: Arial; font-size: medium;\">Foram investidos R$ 17,8 milh\u00f5es no projeto, que al\u00e9m do apoio do BNDES contou com recursos pr\u00f3prios do munic\u00edpio e patroc\u00ednios captados por meio da Lei Rouanet. O monumento possui ainda uma Sala de Milagres, onde est\u00e1 exposta a not\u00e1vel cole\u00e7\u00e3o de 89 ex-votos pintados, datados dos s\u00e9culos XVIII ao XXI. O santu\u00e1rio, al\u00e9m do seu valor art\u00edstico, \u00e9 tamb\u00e9m um importante centro de peregrina\u00e7\u00e3o. A grande romaria \u2013 o Jubileu \u2013 acontece todos os anos entre 7 e 14 de setembro, congregando uma multid\u00e3o de fi\u00e9is. <\/span><br \/>\n<b><\/b><\/p>\n<p><span style=\"font-family: Arial; font-size: medium;\"><b>Exposi\u00e7\u00e3o \u2013<\/b> A exposi\u00e7\u00e3o permanente que inaugura o Museu de Congonhas tem curadoria assinada pelos muse\u00f3logos Let\u00edcia Juli\u00e3o e Ren\u00e9 Lommez. A mostra retrata o santu\u00e1rio como express\u00e3o de tr\u00e2nsito cultural resultante da expans\u00e3o portuguesa; da rela\u00e7\u00e3o do espa\u00e7o religioso com a vida urbana de Congonhas; do santu\u00e1rio como obra de arte; do trabalho do Aleijadinho, mas, sobretudo da produ\u00e7\u00e3o art\u00edstica, como resultado de processo coletivo de distintos art\u00edfices; e do deslocamento da arte como transcend\u00eancia da f\u00e9 para o objeto de devo\u00e7\u00e3o convertido em arte.<\/span><\/p>\n<p><span style=\"font-family: Arial; font-size: medium;\">O projeto expogr\u00e1fico, assinado pelo designer espanhol Luis Sard\u00e1, preza pelo cuidado com a diversidade do p\u00fablico que visita a cidade, oferecendo-lhe in\u00fameras possibilidades de apreens\u00e3o do rico conte\u00fado do museu.<\/span><br \/>\n<b><\/b><\/p>\n<p><span style=\"font-family: Arial; font-size: medium;\"><b>Acervos \u2013<\/b> O Museu de Congonhas abre suas portas ao p\u00fablico exibindo importantes acervos. Um dos principais \u00e9 a cole\u00e7\u00e3o M\u00e1rcia de Moura Castro. Composta por 342 pe\u00e7as que pertenceram \u00e0 colecionadora, as obras foram adquiridas pelo Iphan em 2011. Por mais de meio s\u00e9culo, a pesquisadora dedicou-se a adquirir arte sacra e objetos de religiosidade popular, com destaque para ex-votos e santos de devo\u00e7\u00e3o. A cole\u00e7\u00e3o ser\u00e1 exposta numa sala especial no Museu de Congonhas.<\/span><br \/>\n<span style=\"font-family: Arial; font-size: medium;\"><b>C\u00f3pias de seguran\u00e7a \u2013<\/b> A ocorr\u00eancia de les\u00f5es \u00e0 pedra causadas por fungos e bact\u00e9rias e marcas de vandalismo motivam frequentes debates sobre a possibilidade de remo\u00e7\u00e3o dos profetas de Aleijadinho, que est\u00e3o ao ar livre no adro da Bas\u00edlica do Senhor Bom Jesus, para um local protegido. Se, no futuro, essa medida vier a ser recomendada, o museu ser\u00e1 a melhor alternativa para a exposi\u00e7\u00e3o das pe\u00e7as originais ao p\u00fablico, j\u00e1 que se localiza no mesmo contexto em que as obras foram criadas. <\/span><\/p>\n<p><span style=\"font-family: Arial; font-size: medium;\">O Museu de Congonhas produziu, por meio de a\u00e7\u00f5es coordenadas pela Unesco no Brasil, novos conhecimentos para a conserva\u00e7\u00e3o de monumentos em pedra, em especial relativos \u00e0 produ\u00e7\u00e3o de c\u00f3pias digitais das esculturas, al\u00e9m da atualiza\u00e7\u00e3o da t\u00e9cnica de produ\u00e7\u00e3o de c\u00f3pias f\u00edsicas. Os 12 Profetas foram moldados em meio eletr\u00f4nico (digitaliza\u00e7\u00e3o em 3D), o que correspondeu \u00e0 primeira aplica\u00e7\u00e3o dessa tecnologia no Brasil. Para dois deles \u2013 Joel e Daniel \u2013 foram produzidos novos moldes em f\u00f4rma flex\u00edvel de silicone, possibilitando a produ\u00e7\u00e3o de c\u00f3pias em gesso. A produ\u00e7\u00e3o das demais c\u00f3pias dever\u00e1 fazer parte do escopo de atua\u00e7\u00e3o do novo museu. <\/span><\/p>\n<p><span style=\"font-family: Arial; font-size: medium;\">Para a a\u00e7\u00e3o, foi contratado o grupo Imago, da Universidade Federal do Paran\u00e1 (UFPR), que det\u00e9m a expertise exigida para o trabalho. A digitaliza\u00e7\u00e3o em 3D possibilita, dentre outros, a visualiza\u00e7\u00e3o pura e simples (no museu ou remotamente pela internet), o uso profissional na preserva\u00e7\u00e3o e restauro das obras, o monitoramento do estado de conserva\u00e7\u00e3o das pe\u00e7as frente \u00e0 a\u00e7\u00e3o do tempo, o estudo minucioso da obra e a compreens\u00e3o das t\u00e9cnicas utilizadas pelo artista e, finalmente, a produ\u00e7\u00e3o de r\u00e9plica com grande precis\u00e3o.<\/span><\/p>\n<p><span style=\"font-family: Arial; font-size: small;\"><b>SERVI\u00c7O (MUSEU DE CONGONHAS)<\/b><\/span><br \/>\n<span style=\"font-family: Arial; font-size: small;\"><b>Endere\u00e7o:<\/b> Alameda Cidade de Matosinhos de Portugal, s\/n, Congonhas. <\/span><br \/>\n<span style=\"font-family: Arial; font-size: small;\"><b>Hor\u00e1rio de funcionamento:<\/b> aberto ao p\u00fablico \u00e0s ter\u00e7as e de quinta a domingo, das 9h \u00e0s 17h; e \u00e0s quartas, das 13h \u00e0s 21h<\/span><br \/>\n<span style=\"font-family: Arial; font-size: small;\"><b>Ingressos:<\/b> R$ 10. Haver\u00e1 visitas mediadas oferecidas a grupos espont\u00e2neos.<\/span><br \/>\n<span style=\"font-family: Arial; font-size: small;\"><b>Informa\u00e7\u00f5es:<\/b> (31) 3731-3056<\/span><\/p>\n<p><strong>Fonte: Assessoria de Imprensa BNDES<\/strong><\/p>\n","protected":false},"excerpt":{"rendered":"<p>Institui\u00e7\u00e3o foi instalada anexa ao Santu\u00e1rio do Bom Jesus de Matosinhos, onde trabalharam artistas como Aleijadinho e Manoel da Costa Ata\u00edde. Constru\u00eddo com apoio n\u00e3o reembols\u00e1vel de R$ 7,1 milh\u00f5es do Banco Nacional de Desenvolvimento Econ\u00f4mico e Social (BNDES), foi inaugurado nesta ter\u00e7a-feira, 15, o Museu de Congonhas, em Minas Gerais. O empreendimento \u2013 uma [&hellip;]<\/p>\n","protected":false},"author":1,"featured_media":0,"comment_status":"open","ping_status":"open","sticky":false,"template":"","format":"quote","meta":{"_uag_custom_page_level_css":"","footnotes":""},"categories":[37],"tags":[1464,7672,8020,8024,10634],"class_list":["post-577","post","type-post","status-publish","format-quote","hentry","category-sustentabilidade","tag-bndes","tag-minas-gerais","tag-museu","tag-museu-de-congonhas","tag-santuario-do-bom-jesus-de-matosinhos","post_format-post-format-quote"],"blocksy_meta":[],"spectra_blocks_featured_image_url":null,"spectra_blocks_author_info":{"display_name":"Jornal da Constru\u00e7\u00e3o Civil","avatar_url":"https:\/\/secure.gravatar.com\/avatar\/973c9774fd44ddaceb026973c4962faa70fc512bc4c9da68e8ebb40fecee6540?s=96&d=mm&r=g","author_link":"https:\/\/construcaocivil.siriusmarketingedesign.com.br\/?author=1","description":"Desde de 2013, levando muitas informa\u00e7\u00f5es, lan\u00e7amentos e produtos de qualidade para toda cadeia produtiva da constru\u00e7\u00e3o. O Futuro da constru\u00e7\u00e3o passa por aqui,"},"uagb_featured_image_src":{"full":false,"thumbnail":false,"medium":false,"medium_large":false,"large":false,"1536x1536":false,"2048x2048":false},"uagb_author_info":{"display_name":"Jornal da Constru\u00e7\u00e3o Civil","author_link":"https:\/\/construcaocivil.siriusmarketingedesign.com.br\/?author=1"},"uagb_comment_info":0,"uagb_excerpt":"Institui\u00e7\u00e3o foi instalada anexa ao Santu\u00e1rio do Bom Jesus de Matosinhos, onde trabalharam artistas como Aleijadinho e Manoel da Costa Ata\u00edde. Constru\u00eddo com apoio n\u00e3o reembols\u00e1vel de R$ 7,1 milh\u00f5es do Banco Nacional de Desenvolvimento Econ\u00f4mico e Social (BNDES), foi inaugurado nesta ter\u00e7a-feira, 15, o Museu de Congonhas, em Minas Gerais. O empreendimento \u2013 uma&hellip;","_links":{"self":[{"href":"https:\/\/construcaocivil.siriusmarketingedesign.com.br\/index.php?rest_route=\/wp\/v2\/posts\/577","targetHints":{"allow":["GET"]}}],"collection":[{"href":"https:\/\/construcaocivil.siriusmarketingedesign.com.br\/index.php?rest_route=\/wp\/v2\/posts"}],"about":[{"href":"https:\/\/construcaocivil.siriusmarketingedesign.com.br\/index.php?rest_route=\/wp\/v2\/types\/post"}],"author":[{"embeddable":true,"href":"https:\/\/construcaocivil.siriusmarketingedesign.com.br\/index.php?rest_route=\/wp\/v2\/users\/1"}],"replies":[{"embeddable":true,"href":"https:\/\/construcaocivil.siriusmarketingedesign.com.br\/index.php?rest_route=%2Fwp%2Fv2%2Fcomments&post=577"}],"version-history":[{"count":0,"href":"https:\/\/construcaocivil.siriusmarketingedesign.com.br\/index.php?rest_route=\/wp\/v2\/posts\/577\/revisions"}],"wp:attachment":[{"href":"https:\/\/construcaocivil.siriusmarketingedesign.com.br\/index.php?rest_route=%2Fwp%2Fv2%2Fmedia&parent=577"}],"wp:term":[{"taxonomy":"category","embeddable":true,"href":"https:\/\/construcaocivil.siriusmarketingedesign.com.br\/index.php?rest_route=%2Fwp%2Fv2%2Fcategories&post=577"},{"taxonomy":"post_tag","embeddable":true,"href":"https:\/\/construcaocivil.siriusmarketingedesign.com.br\/index.php?rest_route=%2Fwp%2Fv2%2Ftags&post=577"}],"curies":[{"name":"wp","href":"https:\/\/api.w.org\/{rel}","templated":true}]}}